{"id":29976,"date":"2018-12-14T10:44:13","date_gmt":"2018-12-14T13:44:13","guid":{"rendered":"http:\/\/blogdoeloiltoncajuhy.com.br\/site\/?p=29976"},"modified":"2018-12-14T10:44:19","modified_gmt":"2018-12-14T13:44:19","slug":"veiculo-furtado-em-salvador-e-recuperado-pela-prf-na-br-407-em-senhor-do-bonfim","status":"publish","type":"post","link":"https:\/\/blogdoeloiltoncajuhy.com.br\/site\/veiculo-furtado-em-salvador-e-recuperado-pela-prf-na-br-407-em-senhor-do-bonfim\/","title":{"rendered":"Ve\u00edculo furtado em Salvador \u00e9 recuperado pela PRF na BR 407, em Senhor do Bonfim"},"content":{"rendered":"\n<h5 class=\"wp-block-heading\" style=\"text-align:center\"><em>As placas originais do ve\u00edculo foram trocadas para burlar fiscaliza\u00e7\u00f5es<\/em><\/h5>\n\n\n\n<figure class=\"wp-block-image\"><img data-recalc-dims=\"1\" fetchpriority=\"high\" decoding=\"async\" width=\"800\" height=\"445\" src=\"https:\/\/i0.wp.com\/blogdoeloiltoncajuhy.com.br\/site\/wp-content\/uploads\/2018\/12\/PRF_caminhao-apreendido_dez-2018.jpg?resize=800%2C445\" alt=\"\" class=\"wp-image-29977\" srcset=\"https:\/\/i0.wp.com\/blogdoeloiltoncajuhy.com.br\/site\/wp-content\/uploads\/2018\/12\/PRF_caminhao-apreendido_dez-2018.jpg?w=800&amp;ssl=1 800w, https:\/\/i0.wp.com\/blogdoeloiltoncajuhy.com.br\/site\/wp-content\/uploads\/2018\/12\/PRF_caminhao-apreendido_dez-2018.jpg?resize=300%2C167&amp;ssl=1 300w, https:\/\/i0.wp.com\/blogdoeloiltoncajuhy.com.br\/site\/wp-content\/uploads\/2018\/12\/PRF_caminhao-apreendido_dez-2018.jpg?resize=768%2C427&amp;ssl=1 768w, https:\/\/i0.wp.com\/blogdoeloiltoncajuhy.com.br\/site\/wp-content\/uploads\/2018\/12\/PRF_caminhao-apreendido_dez-2018.jpg?resize=250%2C139&amp;ssl=1 250w\" sizes=\"(max-width: 800px) 100vw, 800px\" \/><\/figure>\n\n\n\n<p>Um caminh\u00e3o Mercedes Benz, com ocorr\u00eancia de furto, foi recuperado pela Pol\u00edcia Rodovi\u00e1ria Federal (PRF) na noite desta quinta-feira (13), em Senhor do Bonfim.<\/p>\n\n\n\n<p>Durante fiscaliza\u00e7\u00e3o de combate \u00e0s fraudes veiculares, agentes federais estavam no Km 117 da BR 407, quando deram ordem de parada a um caminh\u00e3o Mercedes Benz, de cor vermelha, conduzido por um homem de 41 anos que apresentou nervosismo ao entregar a documenta\u00e7\u00e3o veicular (CRLV).<\/p>\n\n\n\n<p>Ap\u00f3s inspe\u00e7\u00e3o detalhada de identifica\u00e7\u00e3o veicular, foram encontradas adultera\u00e7\u00f5es nos registros identificadores. Posteriormente, foi realizada consulta ao sistema de dados, quando ent\u00e3o os policiais observaram se tratar na realidade de um ve\u00edculo com ocorr\u00eancia de furto registrada em janeiro\/2015, na capital baiana.<\/p>\n\n\n\n<p>Para n\u00e3o levantar suspeitas, as placas originais foram trocadas por outras \u201cclonadas\u201d de um caminh\u00e3o com caracter\u00edsticas semelhantes.<\/p>\n\n\n\n<p>Quando questionado, o condutor flagrado relatou que n\u00e3o tinha conhecimento das irregularidades e que n\u00e3o era o propriet\u00e1rio do ve\u00edculo, apenas motorista da empresa.<\/p>\n\n\n\n<p>O ve\u00edculo apreendido e o motorista foram apresentados na Delegacia de Pol\u00edcia Civil, em Senhor do Bonfim.<\/p>\n\n\n\n<p><strong><em>Ag\u00eancia PRF<\/em><\/strong><\/p>\n","protected":false},"excerpt":{"rendered":"<p>As placas originais do ve\u00edculo foram trocadas para burlar fiscaliza\u00e7\u00f5es Um caminh\u00e3o Mercedes Benz, com ocorr\u00eancia de furto, foi recuperado pela Pol\u00edcia Rodovi\u00e1ria Federal (PRF) na noite desta quinta-feira (13), em Senhor do Bonfim. Durante fiscaliza\u00e7\u00e3o de combate \u00e0s fraudes veiculares, agentes federais estavam no Km 117 da BR 407, quando deram ordem de parada [&hellip;]<\/p>\n","protected":false},"author":2,"featured_media":29977,"comment_status":"open","ping_status":"open","sticky":false,"template":"","format":"standard","meta":{"_acf_changed":false,"_monsterinsights_skip_tracking":false,"_monsterinsights_sitenote_active":false,"_monsterinsights_sitenote_note":"","_monsterinsights_sitenote_category":0,"_jetpack_memberships_contains_paid_content":false,"footnotes":"","jetpack_publicize_message":"","jetpack_publicize_feature_enabled":true,"jetpack_social_post_already_shared":true,"jetpack_social_options":{"image_generator_settings":{"template":"highway","default_image_id":0,"font":"","enabled":false},"version":2}},"categories":[5,1,4],"tags":[],"class_list":["post-29976","post","type-post","status-publish","format-standard","has-post-thumbnail","hentry","category-cotidiano","category-noticias","category-local"],"acf":[],"jetpack_publicize_connections":[],"jetpack_featured_media_url":"https:\/\/i0.wp.com\/blogdoeloiltoncajuhy.com.br\/site\/wp-content\/uploads\/2018\/12\/PRF_caminhao-apreendido_dez-2018.jpg?fit=800%2C445&ssl=1","jetpack_sharing_enabled":true,"publishpress_future_workflow_manual_trigger":{"enabledWorkflows":[]},"_links":{"self":[{"href":"https:\/\/blogdoeloiltoncajuhy.com.br\/site\/wp-json\/wp\/v2\/posts\/29976","targetHints":{"allow":["GET"]}}],"collection":[{"href":"https:\/\/blogdoeloiltoncajuhy.com.br\/site\/wp-json\/wp\/v2\/posts"}],"about":[{"href":"https:\/\/blogdoeloiltoncajuhy.com.br\/site\/wp-json\/wp\/v2\/types\/post"}],"author":[{"embeddable":true,"href":"https:\/\/blogdoeloiltoncajuhy.com.br\/site\/wp-json\/wp\/v2\/users\/2"}],"replies":[{"embeddable":true,"href":"https:\/\/blogdoeloiltoncajuhy.com.br\/site\/wp-json\/wp\/v2\/comments?post=29976"}],"version-history":[{"count":1,"href":"https:\/\/blogdoeloiltoncajuhy.com.br\/site\/wp-json\/wp\/v2\/posts\/29976\/revisions"}],"predecessor-version":[{"id":29978,"href":"https:\/\/blogdoeloiltoncajuhy.com.br\/site\/wp-json\/wp\/v2\/posts\/29976\/revisions\/29978"}],"wp:featuredmedia":[{"embeddable":true,"href":"https:\/\/blogdoeloiltoncajuhy.com.br\/site\/wp-json\/wp\/v2\/media\/29977"}],"wp:attachment":[{"href":"https:\/\/blogdoeloiltoncajuhy.com.br\/site\/wp-json\/wp\/v2\/media?parent=29976"}],"wp:term":[{"taxonomy":"category","embeddable":true,"href":"https:\/\/blogdoeloiltoncajuhy.com.br\/site\/wp-json\/wp\/v2\/categories?post=29976"},{"taxonomy":"post_tag","embeddable":true,"href":"https:\/\/blogdoeloiltoncajuhy.com.br\/site\/wp-json\/wp\/v2\/tags?post=29976"}],"curies":[{"name":"wp","href":"https:\/\/api.w.org\/{rel}","templated":true}]}}