{"id":29973,"date":"2018-12-14T10:30:32","date_gmt":"2018-12-14T13:30:32","guid":{"rendered":"http:\/\/blogdoeloiltoncajuhy.com.br\/site\/?p=29973"},"modified":"2018-12-14T10:30:38","modified_gmt":"2018-12-14T13:30:38","slug":"proposta-enviada-pelo-executivo-e-aprovada-por-unanimidade-e-greve-dos-servidores-municipais-de-jaguarari-chega-ao-fim","status":"publish","type":"post","link":"https:\/\/blogdoeloiltoncajuhy.com.br\/site\/proposta-enviada-pelo-executivo-e-aprovada-por-unanimidade-e-greve-dos-servidores-municipais-de-jaguarari-chega-ao-fim\/","title":{"rendered":"Proposta enviada pelo executivo \u00e9 aprovada  por unanimidade e greve dos servidores municipais de Jaguarari chega ao fim"},"content":{"rendered":"\n<div class=\"wp-block-image\"><figure class=\"alignright is-resized\"><img data-recalc-dims=\"1\" fetchpriority=\"high\" decoding=\"async\" src=\"https:\/\/i0.wp.com\/blogdoeloiltoncajuhy.com.br\/site\/wp-content\/uploads\/2018\/12\/Jaguarari_fim-greve.jpg?resize=408%2C408\" alt=\"\" class=\"wp-image-29974\" width=\"408\" height=\"408\" srcset=\"https:\/\/i0.wp.com\/blogdoeloiltoncajuhy.com.br\/site\/wp-content\/uploads\/2018\/12\/Jaguarari_fim-greve.jpg?resize=1024%2C1024&amp;ssl=1 1024w, https:\/\/i0.wp.com\/blogdoeloiltoncajuhy.com.br\/site\/wp-content\/uploads\/2018\/12\/Jaguarari_fim-greve.jpg?resize=150%2C150&amp;ssl=1 150w, https:\/\/i0.wp.com\/blogdoeloiltoncajuhy.com.br\/site\/wp-content\/uploads\/2018\/12\/Jaguarari_fim-greve.jpg?resize=300%2C300&amp;ssl=1 300w, https:\/\/i0.wp.com\/blogdoeloiltoncajuhy.com.br\/site\/wp-content\/uploads\/2018\/12\/Jaguarari_fim-greve.jpg?resize=768%2C768&amp;ssl=1 768w, https:\/\/i0.wp.com\/blogdoeloiltoncajuhy.com.br\/site\/wp-content\/uploads\/2018\/12\/Jaguarari_fim-greve.jpg?resize=250%2C250&amp;ssl=1 250w, https:\/\/i0.wp.com\/blogdoeloiltoncajuhy.com.br\/site\/wp-content\/uploads\/2018\/12\/Jaguarari_fim-greve.jpg?resize=48%2C48&amp;ssl=1 48w, https:\/\/i0.wp.com\/blogdoeloiltoncajuhy.com.br\/site\/wp-content\/uploads\/2018\/12\/Jaguarari_fim-greve.jpg?w=1169&amp;ssl=1 1169w\" sizes=\"(max-width: 408px) 100vw, 408px\" \/><\/figure><\/div>\n\n\n\n<p>Na tarde desta quinta-feira (13), ap\u00f3s o legislativo de Jaguarari votar e aprovar por unanimidade o projeto de lei 03\/2018, chegou ao fim a greve dos servidores municipais ap\u00f3s quase tr\u00eas meses.<\/p>\n\n\n\n<p>Desde o retorno do prefeito Everton Rocha ao comando do executivo, ainda no m\u00eas de novembro, o gestor tinha como prioridade sentar e negociar com a dire\u00e7\u00e3o do  Sindicato dos Servidores P\u00fablicos Municipais de Jaguarari (SINDSPUJ) e por fim a greve que gerou d\u00e9ficit no atendimento e oferta dos servi\u00e7os b\u00e1sicos \u00e0 popula\u00e7\u00e3o.<\/p>\n\n\n\n<p>Desde a primeira reuni\u00e3o com os representantes do sindicato, o prefeito buscou todas as alternativas para conceder o reajuste salarial pretendido pela categoria. <\/p>\n\n\n\n<p>No \u00faltimo encontro, realizado ainda no m\u00eas de novembro, o chefe do executivo havia proposto conceder, j\u00e1 no m\u00eas de dezembro, o reajuste no percentual de 6,81% para os Profissionais do Magist\u00e9rio institu\u00eddo em lei e o percentual de 5% para os demais Servidores. J\u00e1 o pagamento do retroativo aconteceria em 20 parcelas a contar de fevereiro de 2019, relativo aos valores retroativos de mar\u00e7o a novembro de 2018.<\/p>\n\n\n\n<p>A proposta para o pagamento do retroativo dividido em 20 parcelas foi levado para ser debatido em assembleia, sendo aprovado posteriormente. Ficou a cargo do executivo por em projeto de lei a proposta e garantias para pagamento, sendo enviado e aprovado pelo legislativo por unanimidade.<\/p>\n\n\n\n<p>Em seu pronunciamento o presidente do sindicato, Jos\u00e9 Nilton dos Santos, fez agradecimentos aos vereadores e prefeito pelo empenho. <em>&#8220;Gostaria de agradecer aos vereadores pelo apoio e ao prefeito Everton Rocha pelo bom senso nas negocia\u00e7\u00f5es. O bom senso que Everton Rocha teve faltou ao outro gestor  e por isso a greve durou tanto. Aguardamos apenas a publica\u00e7\u00e3o do projeto de lei e san\u00e7\u00e3o do executivo para anunciar o fim da greve&#8221;<\/em>, falou Jos\u00e9 Nilton, presidente do sindicato.<\/p>\n\n\n\n<p>O fim da greve depende apenas da publica\u00e7\u00e3o do projeto de lei e san\u00e7\u00e3o do executivo para que a greve seja finalizada e os servidores retornem aos postos de trabalho. <\/p>\n\n\n\n<p><strong><em>ASCOM &#8211; Prefeitura de Jaguarari<\/em><\/strong><\/p>\n","protected":false},"excerpt":{"rendered":"<p>Na tarde desta quinta-feira (13), ap\u00f3s o legislativo de Jaguarari votar e aprovar por unanimidade o projeto de lei 03\/2018, chegou ao fim a greve dos servidores municipais ap\u00f3s quase tr\u00eas meses. Desde o retorno do prefeito Everton Rocha ao comando do executivo, ainda no m\u00eas de novembro, o gestor tinha como prioridade sentar e [&hellip;]<\/p>\n","protected":false},"author":2,"featured_media":29974,"comment_status":"open","ping_status":"open","sticky":false,"template":"","format":"standard","meta":{"_acf_changed":false,"_monsterinsights_skip_tracking":false,"_monsterinsights_sitenote_active":false,"_monsterinsights_sitenote_note":"","_monsterinsights_sitenote_category":0,"_jetpack_memberships_contains_paid_content":false,"footnotes":"","jetpack_publicize_message":"","jetpack_publicize_feature_enabled":true,"jetpack_social_post_already_shared":true,"jetpack_social_options":{"image_generator_settings":{"template":"highway","default_image_id":0,"font":"","enabled":false},"version":2}},"categories":[1,3,11],"tags":[],"class_list":["post-29973","post","type-post","status-publish","format-standard","has-post-thumbnail","hentry","category-noticias","category-politica","category-regional"],"acf":[],"jetpack_publicize_connections":[],"jetpack_featured_media_url":"https:\/\/i0.wp.com\/blogdoeloiltoncajuhy.com.br\/site\/wp-content\/uploads\/2018\/12\/Jaguarari_fim-greve.jpg?fit=1169%2C1169&ssl=1","jetpack_sharing_enabled":true,"publishpress_future_workflow_manual_trigger":{"enabledWorkflows":[]},"_links":{"self":[{"href":"https:\/\/blogdoeloiltoncajuhy.com.br\/site\/wp-json\/wp\/v2\/posts\/29973","targetHints":{"allow":["GET"]}}],"collection":[{"href":"https:\/\/blogdoeloiltoncajuhy.com.br\/site\/wp-json\/wp\/v2\/posts"}],"about":[{"href":"https:\/\/blogdoeloiltoncajuhy.com.br\/site\/wp-json\/wp\/v2\/types\/post"}],"author":[{"embeddable":true,"href":"https:\/\/blogdoeloiltoncajuhy.com.br\/site\/wp-json\/wp\/v2\/users\/2"}],"replies":[{"embeddable":true,"href":"https:\/\/blogdoeloiltoncajuhy.com.br\/site\/wp-json\/wp\/v2\/comments?post=29973"}],"version-history":[{"count":1,"href":"https:\/\/blogdoeloiltoncajuhy.com.br\/site\/wp-json\/wp\/v2\/posts\/29973\/revisions"}],"predecessor-version":[{"id":29975,"href":"https:\/\/blogdoeloiltoncajuhy.com.br\/site\/wp-json\/wp\/v2\/posts\/29973\/revisions\/29975"}],"wp:featuredmedia":[{"embeddable":true,"href":"https:\/\/blogdoeloiltoncajuhy.com.br\/site\/wp-json\/wp\/v2\/media\/29974"}],"wp:attachment":[{"href":"https:\/\/blogdoeloiltoncajuhy.com.br\/site\/wp-json\/wp\/v2\/media?parent=29973"}],"wp:term":[{"taxonomy":"category","embeddable":true,"href":"https:\/\/blogdoeloiltoncajuhy.com.br\/site\/wp-json\/wp\/v2\/categories?post=29973"},{"taxonomy":"post_tag","embeddable":true,"href":"https:\/\/blogdoeloiltoncajuhy.com.br\/site\/wp-json\/wp\/v2\/tags?post=29973"}],"curies":[{"name":"wp","href":"https:\/\/api.w.org\/{rel}","templated":true}]}}