{"id":29963,"date":"2018-12-14T08:12:21","date_gmt":"2018-12-14T11:12:21","guid":{"rendered":"http:\/\/blogdoeloiltoncajuhy.com.br\/site\/?p=29963"},"modified":"2018-12-14T08:13:17","modified_gmt":"2018-12-14T11:13:17","slug":"cnsp-decide-por-reducao-do-valor-do-seguro-obrigatorio-em-cerca-de-633-em-2019","status":"publish","type":"post","link":"https:\/\/blogdoeloiltoncajuhy.com.br\/site\/cnsp-decide-por-reducao-do-valor-do-seguro-obrigatorio-em-cerca-de-633-em-2019\/","title":{"rendered":"CNSP decide por redu\u00e7\u00e3o do valor do seguro obrigat\u00f3rio em cerca de 63,3% em 2019"},"content":{"rendered":"\n<div class=\"wp-block-image\"><figure class=\"aligncenter is-resized\"><img data-recalc-dims=\"1\" fetchpriority=\"high\" decoding=\"async\" src=\"https:\/\/i0.wp.com\/blogdoeloiltoncajuhy.com.br\/site\/wp-content\/uploads\/2018\/12\/DPVAT.jpg?resize=460%2C339\" alt=\"\" class=\"wp-image-29964\" width=\"460\" height=\"339\" srcset=\"https:\/\/i0.wp.com\/blogdoeloiltoncajuhy.com.br\/site\/wp-content\/uploads\/2018\/12\/DPVAT.jpg?w=380&amp;ssl=1 380w, https:\/\/i0.wp.com\/blogdoeloiltoncajuhy.com.br\/site\/wp-content\/uploads\/2018\/12\/DPVAT.jpg?resize=300%2C221&amp;ssl=1 300w, https:\/\/i0.wp.com\/blogdoeloiltoncajuhy.com.br\/site\/wp-content\/uploads\/2018\/12\/DPVAT.jpg?resize=250%2C184&amp;ssl=1 250w\" sizes=\"(max-width: 460px) 100vw, 460px\" \/><figcaption><em>Foto: Reprodu\u00e7\u00e3o \/ EBC<\/em><\/figcaption><\/figure><\/div>\n\n\n\n<p>Os donos de ve\u00edculos v\u00e3o pagar um valor menor no seguro obrigat\u00f3rio no ano que vem no Brasil. De acordo com o Conselho Nacional de Seguros Privados (CNSP), vinculado ao Minist\u00e9rio da Fazenda, a redu\u00e7\u00e3o m\u00e9dia de 63,3% do valor do Seguro Obrigat\u00f3rio de Danos Pessoais Causados por Ve\u00edculos (DPVAT) no pr\u00f3ximo ano foi aprovado nesta quinta-feira (13).<\/p>\n\n\n\n<p>A redu\u00e7\u00e3o no pre\u00e7o vai depender do tipo de ve\u00edculo. Autom\u00f3veis particulares, t\u00e1xis e carros de aluguel, ve\u00edculos ciclomotores e m\u00e1quinas de terraplanagem, tratores, caminh\u00f5es, pick-ups, reboques e semirreboques ter\u00e3o o DPVAT reduzido em 71%. No caso dos autom\u00f3veis particulares, a tarifa cair\u00e1 de R$ 41,40 para R$ 12.<\/p>\n\n\n\n<p>Ve\u00edculos maiores, como \u00f4nibus, micro-\u00f4nibus e lota\u00e7\u00f5es ter\u00e3o o seguro reduzido em 79%. J\u00e1 o seguro para as motocicletas e motonetas, que concentram a maior parte dos acidentes de tr\u00e2nsito que demandam o acionamento do DPVAT, cair\u00e1 menos e ficar\u00e1 56% mais barato.<\/p>\n\n\n\n<p><strong><em>Bahia Not\u00edcias<\/em><\/strong><\/p>\n","protected":false},"excerpt":{"rendered":"<p>Os donos de ve\u00edculos v\u00e3o pagar um valor menor no seguro obrigat\u00f3rio no ano que vem no Brasil. De acordo com o Conselho Nacional de Seguros Privados (CNSP), vinculado ao Minist\u00e9rio da Fazenda, a redu\u00e7\u00e3o m\u00e9dia de 63,3% do valor do Seguro Obrigat\u00f3rio de Danos Pessoais Causados por Ve\u00edculos (DPVAT) no pr\u00f3ximo ano foi aprovado [&hellip;]<\/p>\n","protected":false},"author":2,"featured_media":29964,"comment_status":"open","ping_status":"open","sticky":false,"template":"","format":"standard","meta":{"_acf_changed":false,"_monsterinsights_skip_tracking":false,"_monsterinsights_sitenote_active":false,"_monsterinsights_sitenote_note":"","_monsterinsights_sitenote_category":0,"_jetpack_memberships_contains_paid_content":false,"footnotes":"","jetpack_publicize_message":"","jetpack_publicize_feature_enabled":true,"jetpack_social_post_already_shared":true,"jetpack_social_options":{"image_generator_settings":{"template":"highway","default_image_id":0,"font":"","enabled":false},"version":2}},"categories":[5,1],"tags":[],"class_list":["post-29963","post","type-post","status-publish","format-standard","has-post-thumbnail","hentry","category-cotidiano","category-noticias"],"acf":[],"jetpack_publicize_connections":[],"jetpack_featured_media_url":"https:\/\/i0.wp.com\/blogdoeloiltoncajuhy.com.br\/site\/wp-content\/uploads\/2018\/12\/DPVAT.jpg?fit=380%2C280&ssl=1","jetpack_sharing_enabled":true,"publishpress_future_workflow_manual_trigger":{"enabledWorkflows":[]},"_links":{"self":[{"href":"https:\/\/blogdoeloiltoncajuhy.com.br\/site\/wp-json\/wp\/v2\/posts\/29963","targetHints":{"allow":["GET"]}}],"collection":[{"href":"https:\/\/blogdoeloiltoncajuhy.com.br\/site\/wp-json\/wp\/v2\/posts"}],"about":[{"href":"https:\/\/blogdoeloiltoncajuhy.com.br\/site\/wp-json\/wp\/v2\/types\/post"}],"author":[{"embeddable":true,"href":"https:\/\/blogdoeloiltoncajuhy.com.br\/site\/wp-json\/wp\/v2\/users\/2"}],"replies":[{"embeddable":true,"href":"https:\/\/blogdoeloiltoncajuhy.com.br\/site\/wp-json\/wp\/v2\/comments?post=29963"}],"version-history":[{"count":2,"href":"https:\/\/blogdoeloiltoncajuhy.com.br\/site\/wp-json\/wp\/v2\/posts\/29963\/revisions"}],"predecessor-version":[{"id":29972,"href":"https:\/\/blogdoeloiltoncajuhy.com.br\/site\/wp-json\/wp\/v2\/posts\/29963\/revisions\/29972"}],"wp:featuredmedia":[{"embeddable":true,"href":"https:\/\/blogdoeloiltoncajuhy.com.br\/site\/wp-json\/wp\/v2\/media\/29964"}],"wp:attachment":[{"href":"https:\/\/blogdoeloiltoncajuhy.com.br\/site\/wp-json\/wp\/v2\/media?parent=29963"}],"wp:term":[{"taxonomy":"category","embeddable":true,"href":"https:\/\/blogdoeloiltoncajuhy.com.br\/site\/wp-json\/wp\/v2\/categories?post=29963"},{"taxonomy":"post_tag","embeddable":true,"href":"https:\/\/blogdoeloiltoncajuhy.com.br\/site\/wp-json\/wp\/v2\/tags?post=29963"}],"curies":[{"name":"wp","href":"https:\/\/api.w.org\/{rel}","templated":true}]}}