{"id":29911,"date":"2018-12-12T23:59:14","date_gmt":"2018-12-13T02:59:14","guid":{"rendered":"http:\/\/blogdoeloiltoncajuhy.com.br\/site\/?p=29911"},"modified":"2018-12-13T00:01:41","modified_gmt":"2018-12-13T03:01:41","slug":"esportes-atletico-pr-vence-o-junior-barranquilla-nos-penaltis-e-e-campeao-da-sul-americana","status":"publish","type":"post","link":"https:\/\/blogdoeloiltoncajuhy.com.br\/site\/esportes-atletico-pr-vence-o-junior-barranquilla-nos-penaltis-e-e-campeao-da-sul-americana\/","title":{"rendered":"ESPORTES: Atl\u00e9tico-PR vence o Junior Barranquilla nos p\u00eanaltis e \u00e9 campe\u00e3o da Sul-Americana"},"content":{"rendered":"\n<div class=\"wp-block-image\"><figure class=\"alignleft is-resized\"><img data-recalc-dims=\"1\" fetchpriority=\"high\" decoding=\"async\" src=\"https:\/\/i0.wp.com\/blogdoeloiltoncajuhy.com.br\/site\/wp-content\/uploads\/2018\/12\/atl%C3%A9tico-pr-campe%C3%A3o-sul-americana.jpg?resize=301%2C200\" alt=\"\" class=\"wp-image-29912\" width=\"301\" height=\"200\" srcset=\"https:\/\/i0.wp.com\/blogdoeloiltoncajuhy.com.br\/site\/wp-content\/uploads\/2018\/12\/atl%C3%A9tico-pr-campe%C3%A3o-sul-americana.jpg?w=825&amp;ssl=1 825w, https:\/\/i0.wp.com\/blogdoeloiltoncajuhy.com.br\/site\/wp-content\/uploads\/2018\/12\/atl%C3%A9tico-pr-campe%C3%A3o-sul-americana.jpg?resize=300%2C200&amp;ssl=1 300w, https:\/\/i0.wp.com\/blogdoeloiltoncajuhy.com.br\/site\/wp-content\/uploads\/2018\/12\/atl%C3%A9tico-pr-campe%C3%A3o-sul-americana.jpg?resize=768%2C512&amp;ssl=1 768w, https:\/\/i0.wp.com\/blogdoeloiltoncajuhy.com.br\/site\/wp-content\/uploads\/2018\/12\/atl%C3%A9tico-pr-campe%C3%A3o-sul-americana.jpg?resize=250%2C167&amp;ssl=1 250w\" sizes=\"(max-width: 301px) 100vw, 301px\" \/><figcaption><strong><em>Foto: Tribuna do Paran\u00e1<\/em><\/strong><\/figcaption><\/figure><\/div>\n\n\n\n<p>O Atl\u00e9tico-PR conquistou na noite desta quarta-feira (12) seu primeiro t\u00edtulo internacional. O Furac\u00e3o venceu o Junior Barranquilla, da Col\u00f4mbia, nos p\u00eanaltis, e faturou a Copa Sul-Americana.<\/p>\n\n\n\n<p>No tempo regulamentar, o artilheiro Pablo abriu o placar para o time paranaense. Mas, T\u00e9o Guti\u00e9rrez empatou.<\/p>\n\n\n\n<p>A partida foi para a prorroga\u00e7\u00e3o e os colombianos tiveram a chance de conquistar o t\u00edtulo. Aos seis minutos do segundo tempo, Barrera isolou uma cobran\u00e7a de p\u00eanalti e manteve a equipe brasileira viva para as cobran\u00e7as de p\u00eanaltis.<\/p>\n\n\n\n<p>Nas penalidades, o Atl\u00e9tico-PR levou a melhor e venceu o Barranquilla por 4 a 3 para sagrar-se campe\u00e3o.<\/p>\n\n\n\n<p><strong><em>Gal\u00e1ticos Online<\/em><\/strong><\/p>\n","protected":false},"excerpt":{"rendered":"<p>O Atl\u00e9tico-PR conquistou na noite desta quarta-feira (12) seu primeiro t\u00edtulo internacional. O Furac\u00e3o venceu o Junior Barranquilla, da Col\u00f4mbia, nos p\u00eanaltis, e faturou a Copa Sul-Americana. No tempo regulamentar, o artilheiro Pablo abriu o placar para o time paranaense. Mas, T\u00e9o Guti\u00e9rrez empatou. A partida foi para a prorroga\u00e7\u00e3o e os colombianos tiveram a [&hellip;]<\/p>\n","protected":false},"author":2,"featured_media":29912,"comment_status":"open","ping_status":"open","sticky":false,"template":"","format":"standard","meta":{"_acf_changed":false,"_monsterinsights_skip_tracking":false,"_monsterinsights_sitenote_active":false,"_monsterinsights_sitenote_note":"","_monsterinsights_sitenote_category":0,"_jetpack_memberships_contains_paid_content":false,"footnotes":"","jetpack_publicize_message":"","jetpack_publicize_feature_enabled":true,"jetpack_social_post_already_shared":true,"jetpack_social_options":{"image_generator_settings":{"template":"highway","default_image_id":0,"font":"","enabled":false},"version":2}},"categories":[6,1],"tags":[],"class_list":["post-29911","post","type-post","status-publish","format-standard","has-post-thumbnail","hentry","category-esportes","category-noticias"],"acf":[],"jetpack_publicize_connections":[],"jetpack_featured_media_url":"https:\/\/i0.wp.com\/blogdoeloiltoncajuhy.com.br\/site\/wp-content\/uploads\/2018\/12\/atl%C3%A9tico-pr-campe%C3%A3o-sul-americana.jpg?fit=825%2C550&ssl=1","jetpack_sharing_enabled":true,"publishpress_future_workflow_manual_trigger":{"enabledWorkflows":[]},"_links":{"self":[{"href":"https:\/\/blogdoeloiltoncajuhy.com.br\/site\/wp-json\/wp\/v2\/posts\/29911","targetHints":{"allow":["GET"]}}],"collection":[{"href":"https:\/\/blogdoeloiltoncajuhy.com.br\/site\/wp-json\/wp\/v2\/posts"}],"about":[{"href":"https:\/\/blogdoeloiltoncajuhy.com.br\/site\/wp-json\/wp\/v2\/types\/post"}],"author":[{"embeddable":true,"href":"https:\/\/blogdoeloiltoncajuhy.com.br\/site\/wp-json\/wp\/v2\/users\/2"}],"replies":[{"embeddable":true,"href":"https:\/\/blogdoeloiltoncajuhy.com.br\/site\/wp-json\/wp\/v2\/comments?post=29911"}],"version-history":[{"count":2,"href":"https:\/\/blogdoeloiltoncajuhy.com.br\/site\/wp-json\/wp\/v2\/posts\/29911\/revisions"}],"predecessor-version":[{"id":29914,"href":"https:\/\/blogdoeloiltoncajuhy.com.br\/site\/wp-json\/wp\/v2\/posts\/29911\/revisions\/29914"}],"wp:featuredmedia":[{"embeddable":true,"href":"https:\/\/blogdoeloiltoncajuhy.com.br\/site\/wp-json\/wp\/v2\/media\/29912"}],"wp:attachment":[{"href":"https:\/\/blogdoeloiltoncajuhy.com.br\/site\/wp-json\/wp\/v2\/media?parent=29911"}],"wp:term":[{"taxonomy":"category","embeddable":true,"href":"https:\/\/blogdoeloiltoncajuhy.com.br\/site\/wp-json\/wp\/v2\/categories?post=29911"},{"taxonomy":"post_tag","embeddable":true,"href":"https:\/\/blogdoeloiltoncajuhy.com.br\/site\/wp-json\/wp\/v2\/tags?post=29911"}],"curies":[{"name":"wp","href":"https:\/\/api.w.org\/{rel}","templated":true}]}}