{"id":29909,"date":"2018-12-12T23:49:23","date_gmt":"2018-12-13T02:49:23","guid":{"rendered":"http:\/\/blogdoeloiltoncajuhy.com.br\/site\/?p=29909"},"modified":"2018-12-12T23:49:30","modified_gmt":"2018-12-13T02:49:30","slug":"comece-a-quinta-feira-meditando-mt-1111-15","status":"publish","type":"post","link":"https:\/\/blogdoeloiltoncajuhy.com.br\/site\/comece-a-quinta-feira-meditando-mt-1111-15\/","title":{"rendered":"Comece a quinta-feira meditando (Mt 11,11-15)"},"content":{"rendered":"\n<p style=\"text-align:center\"><strong>N\u00e3o surgiu nenhum maior do que Jo\u00e3o Batista<\/strong><\/p>\n\n\n\n<div class=\"wp-block-image\"><figure class=\"aligncenter is-resized\"><img data-recalc-dims=\"1\" fetchpriority=\"high\" decoding=\"async\" src=\"https:\/\/i0.wp.com\/blogdoeloiltoncajuhy.com.br\/site\/wp-content\/uploads\/2017\/12\/liturgia20209-e1514675678133.png?resize=485%2C303\" alt=\"\" class=\"wp-image-22319\" width=\"485\" height=\"303\"\/><\/figure><\/div>\n\n\n\n<p>Naquele tempo, disse Jesus \u00e0 multid\u00e3o: Em verdade eu vos digo,\u00a0de todos os homens que j\u00e1 nasceram,\u00a0nenhum \u00e9 maior do que Jo\u00e3o Batista.\u00a0No entanto, o menor no Reino dos C\u00e9us \u00e9 maior do que ele. Desde os dias de Jo\u00e3o Batista at\u00e9 agora,\u00a0o Reino dos C\u00e9us sofre viol\u00eancia,\u00a0e s\u00e3o os violentos que o conquistam. Com efeito, todos os profetas e a Lei\u00a0profetizaram at\u00e9 Jo\u00e3o. E se quereis aceitar, ele \u00e9 o Elias que h\u00e1 de vir. Quem tem ouvidos, ou\u00e7a.<\/p>\n\n\n\n<p><strong>Palavra da Salva\u00e7\u00e3o!<\/strong><\/p>\n\n\n\n<p><strong><em><a href=\"http:\/\/liturgiadiaria.cnbb.org.br\/app\/user\/user\/UserView.php\">CNBB<\/a><\/em><\/strong><\/p>\n","protected":false},"excerpt":{"rendered":"<p>N\u00e3o surgiu nenhum maior do que Jo\u00e3o Batista Naquele tempo, disse Jesus \u00e0 multid\u00e3o: Em verdade eu vos digo,\u00a0de todos os homens que j\u00e1 nasceram,\u00a0nenhum \u00e9 maior do que Jo\u00e3o Batista.\u00a0No entanto, o menor no Reino dos C\u00e9us \u00e9 maior do que ele. Desde os dias de Jo\u00e3o Batista at\u00e9 agora,\u00a0o Reino dos C\u00e9us sofre [&hellip;]<\/p>\n","protected":false},"author":2,"featured_media":0,"comment_status":"open","ping_status":"open","sticky":false,"template":"","format":"standard","meta":{"_acf_changed":false,"_monsterinsights_skip_tracking":false,"_monsterinsights_sitenote_active":false,"_monsterinsights_sitenote_note":"","_monsterinsights_sitenote_category":0,"_jetpack_memberships_contains_paid_content":false,"footnotes":"","jetpack_publicize_message":"","jetpack_publicize_feature_enabled":true,"jetpack_social_post_already_shared":true,"jetpack_social_options":{"image_generator_settings":{"template":"highway","default_image_id":0,"font":"","enabled":false},"version":2}},"categories":[1,9],"tags":[],"class_list":["post-29909","post","type-post","status-publish","format-standard","hentry","category-noticias","category-reflexao"],"acf":[],"jetpack_publicize_connections":[],"jetpack_featured_media_url":"","jetpack_sharing_enabled":true,"publishpress_future_workflow_manual_trigger":{"enabledWorkflows":[]},"_links":{"self":[{"href":"https:\/\/blogdoeloiltoncajuhy.com.br\/site\/wp-json\/wp\/v2\/posts\/29909","targetHints":{"allow":["GET"]}}],"collection":[{"href":"https:\/\/blogdoeloiltoncajuhy.com.br\/site\/wp-json\/wp\/v2\/posts"}],"about":[{"href":"https:\/\/blogdoeloiltoncajuhy.com.br\/site\/wp-json\/wp\/v2\/types\/post"}],"author":[{"embeddable":true,"href":"https:\/\/blogdoeloiltoncajuhy.com.br\/site\/wp-json\/wp\/v2\/users\/2"}],"replies":[{"embeddable":true,"href":"https:\/\/blogdoeloiltoncajuhy.com.br\/site\/wp-json\/wp\/v2\/comments?post=29909"}],"version-history":[{"count":1,"href":"https:\/\/blogdoeloiltoncajuhy.com.br\/site\/wp-json\/wp\/v2\/posts\/29909\/revisions"}],"predecessor-version":[{"id":29910,"href":"https:\/\/blogdoeloiltoncajuhy.com.br\/site\/wp-json\/wp\/v2\/posts\/29909\/revisions\/29910"}],"wp:attachment":[{"href":"https:\/\/blogdoeloiltoncajuhy.com.br\/site\/wp-json\/wp\/v2\/media?parent=29909"}],"wp:term":[{"taxonomy":"category","embeddable":true,"href":"https:\/\/blogdoeloiltoncajuhy.com.br\/site\/wp-json\/wp\/v2\/categories?post=29909"},{"taxonomy":"post_tag","embeddable":true,"href":"https:\/\/blogdoeloiltoncajuhy.com.br\/site\/wp-json\/wp\/v2\/tags?post=29909"}],"curies":[{"name":"wp","href":"https:\/\/api.w.org\/{rel}","templated":true}]}}