{"id":29904,"date":"2018-12-12T23:40:50","date_gmt":"2018-12-13T02:40:50","guid":{"rendered":"http:\/\/blogdoeloiltoncajuhy.com.br\/site\/?p=29904"},"modified":"2018-12-12T23:40:57","modified_gmt":"2018-12-13T02:40:57","slug":"acompanhe-as-acoes-da-prefeitura-de-jaguarari","status":"publish","type":"post","link":"https:\/\/blogdoeloiltoncajuhy.com.br\/site\/acompanhe-as-acoes-da-prefeitura-de-jaguarari\/","title":{"rendered":"Acompanhe as a\u00e7\u00f5es da Prefeitura de Jaguarari"},"content":{"rendered":"\n<p><strong>Prefeitura de Jaguarari inicia recupera\u00e7\u00e3o do cal\u00e7amento danificado pela chuva<\/strong><\/p>\n\n\n\n<div class=\"wp-block-image\"><figure class=\"aligncenter is-resized\"><img data-recalc-dims=\"1\" fetchpriority=\"high\" decoding=\"async\" src=\"https:\/\/i0.wp.com\/blogdoeloiltoncajuhy.com.br\/site\/wp-content\/uploads\/2018\/12\/Jaguarari_recuperacao-calcamento.jpeg?resize=473%2C315\" alt=\"\" class=\"wp-image-29905\" width=\"473\" height=\"315\" srcset=\"https:\/\/i0.wp.com\/blogdoeloiltoncajuhy.com.br\/site\/wp-content\/uploads\/2018\/12\/Jaguarari_recuperacao-calcamento.jpeg?resize=1024%2C682&amp;ssl=1 1024w, https:\/\/i0.wp.com\/blogdoeloiltoncajuhy.com.br\/site\/wp-content\/uploads\/2018\/12\/Jaguarari_recuperacao-calcamento.jpeg?resize=300%2C200&amp;ssl=1 300w, https:\/\/i0.wp.com\/blogdoeloiltoncajuhy.com.br\/site\/wp-content\/uploads\/2018\/12\/Jaguarari_recuperacao-calcamento.jpeg?resize=768%2C512&amp;ssl=1 768w, https:\/\/i0.wp.com\/blogdoeloiltoncajuhy.com.br\/site\/wp-content\/uploads\/2018\/12\/Jaguarari_recuperacao-calcamento.jpeg?resize=250%2C167&amp;ssl=1 250w, https:\/\/i0.wp.com\/blogdoeloiltoncajuhy.com.br\/site\/wp-content\/uploads\/2018\/12\/Jaguarari_recuperacao-calcamento.jpeg?w=1280&amp;ssl=1 1280w\" sizes=\"(max-width: 473px) 100vw, 473px\" \/><\/figure><\/div>\n\n\n\n<p>A Prefeitura de Jaguarari, atrav\u00e9s da Secretaria de Obras, deu in\u00edcio nesta quarta-feira (12), \u00e0 opera\u00e7\u00e3o de recupera\u00e7\u00e3o das ruas que tiveram o cal\u00e7amento danificado pelas chuvas que ca\u00edram durante o final de semana.<\/p>\n\n\n\n<p>O prefeito Everton Rocha, acompanhado por secret\u00e1rios, percorreu diversos bairros da sede do munic\u00edpio no ultimo domingo (09), entre eles o bairro do Mutir\u00e3o, e p\u00f4de constatar que a a\u00e7\u00e3o da chuva danificou o cal\u00e7amento de algumas vias p\u00fablicas.<\/p>\n\n\n\n<p>De imediato, o prefeito autorizou o inicio das obras de recupera\u00e7\u00e3o das vias danificadas, iniciando pelo bairro do Mutir\u00e3o, devendo seguir para outras \u00e1reas afetadas at\u00e9 finalizar a recupera\u00e7\u00e3o do cal\u00e7amento na sede do munic\u00edpio.<\/p>\n\n\n\n<p><strong>Homem do campo comemora a chegada da chuva ap\u00f3s governo municipal realizar limpeza das aguadas<\/strong><\/p>\n\n\n\n<div class=\"wp-block-image\"><figure class=\"aligncenter is-resized\"><img data-recalc-dims=\"1\" decoding=\"async\" src=\"https:\/\/i0.wp.com\/blogdoeloiltoncajuhy.com.br\/site\/wp-content\/uploads\/2018\/12\/Jaguarari_limpeza-aguadas.jpeg?resize=575%2C243\" alt=\"\" class=\"wp-image-29906\" width=\"575\" height=\"243\" srcset=\"https:\/\/i0.wp.com\/blogdoeloiltoncajuhy.com.br\/site\/wp-content\/uploads\/2018\/12\/Jaguarari_limpeza-aguadas.jpeg?resize=1024%2C433&amp;ssl=1 1024w, https:\/\/i0.wp.com\/blogdoeloiltoncajuhy.com.br\/site\/wp-content\/uploads\/2018\/12\/Jaguarari_limpeza-aguadas.jpeg?resize=300%2C127&amp;ssl=1 300w, https:\/\/i0.wp.com\/blogdoeloiltoncajuhy.com.br\/site\/wp-content\/uploads\/2018\/12\/Jaguarari_limpeza-aguadas.jpeg?resize=768%2C325&amp;ssl=1 768w, https:\/\/i0.wp.com\/blogdoeloiltoncajuhy.com.br\/site\/wp-content\/uploads\/2018\/12\/Jaguarari_limpeza-aguadas.jpeg?resize=250%2C106&amp;ssl=1 250w, https:\/\/i0.wp.com\/blogdoeloiltoncajuhy.com.br\/site\/wp-content\/uploads\/2018\/12\/Jaguarari_limpeza-aguadas.jpeg?w=1280&amp;ssl=1 1280w\" sizes=\"(max-width: 575px) 100vw, 575px\" \/><\/figure><\/div>\n\n\n\n<p>Desde o inicio do m\u00eas de dezembro, com a chegada das chuvas, o homem do campo vem tendo motivos para comemorar. O per\u00edodo seco deu lugar ao per\u00edodo mais aguardado pelo sertanejo, com fartura de \u00e1gua armazenada para ele e seus animais. Mas essa alegria s\u00f3 foi completa gra\u00e7as \u00e0s a\u00e7\u00f5es do governo municipal.<\/p>\n\n\n\n<p>Atenta \u00e0s dificuldades enfrentadas pelo homem do campo durante o per\u00edodo de estiagem, a prefeitura de Jaguarari realizou v\u00e1rias a\u00e7\u00f5es no sentido de minimizar os efeitos da seca e preparar a zona rural do munic\u00edpio para as chuvas t\u00e3o aguardadas.<\/p>\n\n\n\n<p>Nesse sentido, o prefeito Everton Rocha, atrav\u00e9s da Secretaria de Obras e Secretaria de Agricultura, realizou a recupera\u00e7\u00e3o e limpeza de diversas aguadas do munic\u00edpio de pequeno, m\u00e9dio e grande porte e que hoje armazenam grande quantidade de \u00e1gua das chuvas que vem caindo na regi\u00e3o durante o m\u00eas de dezembro.<\/p>\n\n\n\n<p>No distrito de Flamengo o servi\u00e7o foi realizado por uma frente de servi\u00e7o que utilizou trabalho manual na reformada as cercas, retirada de entulho, limpeza do tanque e valas de acesso.<\/p>\n\n\n\n<p>Quando a aguada do distrito de Gameleira teve o servi\u00e7o de limpeza e recupera\u00e7\u00e3o conclu\u00edda no m\u00eas de fevereiro, lavradores locais demonstraram gratid\u00e3o ao governo municipal pela a\u00e7\u00e3o.<\/p>\n\n\n\n<p><em>\u201cAgrade\u00e7o primeiramente a Deus e em segundo o prefeito Everton Rocha por ajeitar nossa aguada. Antes a gente brigava para conseguir \u00e1gua pra gente e para os animais. Agora temos \u00e1gua pra lavar roupa e principalmente para os nossos animais que sofrem muito durante a seca\u201d<\/em>, ressaltou o lavrador Bismark da Silva.<\/p>\n\n\n\n<p>J\u00e1 o lavrador Juvenal Jo\u00e3o de Menezes falou que a mais de 10 anos o reservat\u00f3rio n\u00e3o tinha qualquer tipo de cuidado por parte do poder publico.<\/p>\n\n\n\n<p>Somente em 2017 as obras de limpeza e recupera\u00e7\u00e3o de aguadas realizadas na zona rural do munic\u00edpio beneficiaram 14 comunidades, sendo que em 11 reservat\u00f3rios as obras foram conclu\u00eddas e em 3 unidades os trabalhos foram iniciados. Foram recuperadas as aguadas das comunidades de Lagoa das Antas, Lagoa do Mateus, Gameleira, Olhos D\u2019\u00c1gua, Barrinha, Flamengo, Lagoa dos Barros, Outeiro, Volta, Macambira e Catuni da Grota.<\/p>\n\n\n\n<p><strong>Prefeitura disponibilizar\u00e1 medico veterin\u00e1rio para orienta\u00e7\u00e3o t\u00e9cnica sobre produ\u00e7\u00e3o animal visando garantir qualidade dos rebanhos<\/strong><\/p>\n\n\n\n<div class=\"wp-block-image\"><figure class=\"aligncenter is-resized\"><img data-recalc-dims=\"1\" decoding=\"async\" src=\"https:\/\/i0.wp.com\/blogdoeloiltoncajuhy.com.br\/site\/wp-content\/uploads\/2018\/12\/Jaguarari_medico-veterinario.jpg?resize=434%2C434\" alt=\"\" class=\"wp-image-29907\" width=\"434\" height=\"434\" srcset=\"https:\/\/i0.wp.com\/blogdoeloiltoncajuhy.com.br\/site\/wp-content\/uploads\/2018\/12\/Jaguarari_medico-veterinario.jpg?w=960&amp;ssl=1 960w, https:\/\/i0.wp.com\/blogdoeloiltoncajuhy.com.br\/site\/wp-content\/uploads\/2018\/12\/Jaguarari_medico-veterinario.jpg?resize=150%2C150&amp;ssl=1 150w, https:\/\/i0.wp.com\/blogdoeloiltoncajuhy.com.br\/site\/wp-content\/uploads\/2018\/12\/Jaguarari_medico-veterinario.jpg?resize=300%2C300&amp;ssl=1 300w, https:\/\/i0.wp.com\/blogdoeloiltoncajuhy.com.br\/site\/wp-content\/uploads\/2018\/12\/Jaguarari_medico-veterinario.jpg?resize=768%2C768&amp;ssl=1 768w, https:\/\/i0.wp.com\/blogdoeloiltoncajuhy.com.br\/site\/wp-content\/uploads\/2018\/12\/Jaguarari_medico-veterinario.jpg?resize=250%2C250&amp;ssl=1 250w, https:\/\/i0.wp.com\/blogdoeloiltoncajuhy.com.br\/site\/wp-content\/uploads\/2018\/12\/Jaguarari_medico-veterinario.jpg?resize=48%2C48&amp;ssl=1 48w\" sizes=\"(max-width: 434px) 100vw, 434px\" \/><\/figure><\/div>\n\n\n\n<p>A Prefeitura de Jaguarari, atrav\u00e9s da Secretaria de Agricultura, comunica aos pequenos produtores do munic\u00edpio que um m\u00e9dico veterin\u00e1rio estar\u00e1 atendendo todas as quartas-feiras na sede da referida, dando orienta\u00e7\u00e3o t\u00e9cnica para produ\u00e7\u00e3o animal. Essa assist\u00eancia t\u00e9cnica tem como objetivo garantir aumento na produ\u00e7\u00e3o de bovinos, su\u00ednos, caprinos, ovinos e aves. O inicio dos atendimentos acontece a partir da pr\u00f3xima a quarta-feira (19).<\/p>\n\n\n\n<p><strong><em>ASCOM &#8211; Prefeitura de Jaguarari<\/em><\/strong>  <\/p>\n","protected":false},"excerpt":{"rendered":"<p>Prefeitura de Jaguarari inicia recupera\u00e7\u00e3o do cal\u00e7amento danificado pela chuva A Prefeitura de Jaguarari, atrav\u00e9s da Secretaria de Obras, deu in\u00edcio nesta quarta-feira (12), \u00e0 opera\u00e7\u00e3o de recupera\u00e7\u00e3o das ruas que tiveram o cal\u00e7amento danificado pelas chuvas que ca\u00edram durante o final de semana. O prefeito Everton Rocha, acompanhado por secret\u00e1rios, percorreu diversos bairros da [&hellip;]<\/p>\n","protected":false},"author":2,"featured_media":29907,"comment_status":"open","ping_status":"open","sticky":false,"template":"","format":"standard","meta":{"_acf_changed":false,"_monsterinsights_skip_tracking":false,"_monsterinsights_sitenote_active":false,"_monsterinsights_sitenote_note":"","_monsterinsights_sitenote_category":0,"_jetpack_memberships_contains_paid_content":false,"footnotes":"","jetpack_publicize_message":"","jetpack_publicize_feature_enabled":true,"jetpack_social_post_already_shared":true,"jetpack_social_options":{"image_generator_settings":{"template":"highway","default_image_id":0,"font":"","enabled":false},"version":2}},"categories":[1,3,11],"tags":[],"class_list":["post-29904","post","type-post","status-publish","format-standard","has-post-thumbnail","hentry","category-noticias","category-politica","category-regional"],"acf":[],"jetpack_publicize_connections":[],"jetpack_featured_media_url":"https:\/\/i0.wp.com\/blogdoeloiltoncajuhy.com.br\/site\/wp-content\/uploads\/2018\/12\/Jaguarari_medico-veterinario.jpg?fit=960%2C960&ssl=1","jetpack_sharing_enabled":true,"publishpress_future_workflow_manual_trigger":{"enabledWorkflows":[]},"_links":{"self":[{"href":"https:\/\/blogdoeloiltoncajuhy.com.br\/site\/wp-json\/wp\/v2\/posts\/29904","targetHints":{"allow":["GET"]}}],"collection":[{"href":"https:\/\/blogdoeloiltoncajuhy.com.br\/site\/wp-json\/wp\/v2\/posts"}],"about":[{"href":"https:\/\/blogdoeloiltoncajuhy.com.br\/site\/wp-json\/wp\/v2\/types\/post"}],"author":[{"embeddable":true,"href":"https:\/\/blogdoeloiltoncajuhy.com.br\/site\/wp-json\/wp\/v2\/users\/2"}],"replies":[{"embeddable":true,"href":"https:\/\/blogdoeloiltoncajuhy.com.br\/site\/wp-json\/wp\/v2\/comments?post=29904"}],"version-history":[{"count":1,"href":"https:\/\/blogdoeloiltoncajuhy.com.br\/site\/wp-json\/wp\/v2\/posts\/29904\/revisions"}],"predecessor-version":[{"id":29908,"href":"https:\/\/blogdoeloiltoncajuhy.com.br\/site\/wp-json\/wp\/v2\/posts\/29904\/revisions\/29908"}],"wp:featuredmedia":[{"embeddable":true,"href":"https:\/\/blogdoeloiltoncajuhy.com.br\/site\/wp-json\/wp\/v2\/media\/29907"}],"wp:attachment":[{"href":"https:\/\/blogdoeloiltoncajuhy.com.br\/site\/wp-json\/wp\/v2\/media?parent=29904"}],"wp:term":[{"taxonomy":"category","embeddable":true,"href":"https:\/\/blogdoeloiltoncajuhy.com.br\/site\/wp-json\/wp\/v2\/categories?post=29904"},{"taxonomy":"post_tag","embeddable":true,"href":"https:\/\/blogdoeloiltoncajuhy.com.br\/site\/wp-json\/wp\/v2\/tags?post=29904"}],"curies":[{"name":"wp","href":"https:\/\/api.w.org\/{rel}","templated":true}]}}