{"id":29897,"date":"2018-12-12T15:48:10","date_gmt":"2018-12-12T18:48:10","guid":{"rendered":"http:\/\/blogdoeloiltoncajuhy.com.br\/site\/?p=29897"},"modified":"2018-12-12T16:06:01","modified_gmt":"2018-12-12T19:06:01","slug":"bonfim-delegado-felipe-neri-recebe-homenagem-da-policia-civil-do-estado","status":"publish","type":"post","link":"https:\/\/blogdoeloiltoncajuhy.com.br\/site\/bonfim-delegado-felipe-neri-recebe-homenagem-da-policia-civil-do-estado\/","title":{"rendered":"BONFIM: Delegado Felipe Neri recebe homenagem da Pol\u00edcia Civil do Estado"},"content":{"rendered":"\n<figure class=\"wp-block-image\"><img data-recalc-dims=\"1\" fetchpriority=\"high\" decoding=\"async\" width=\"800\" height=\"520\" src=\"https:\/\/i0.wp.com\/blogdoeloiltoncajuhy.com.br\/site\/wp-content\/uploads\/2018\/12\/PC_medalha-cruz-ordem.jpeg?resize=800%2C520\" alt=\"\" class=\"wp-image-29899\" srcset=\"https:\/\/i0.wp.com\/blogdoeloiltoncajuhy.com.br\/site\/wp-content\/uploads\/2018\/12\/PC_medalha-cruz-ordem.jpeg?resize=1024%2C666&amp;ssl=1 1024w, https:\/\/i0.wp.com\/blogdoeloiltoncajuhy.com.br\/site\/wp-content\/uploads\/2018\/12\/PC_medalha-cruz-ordem.jpeg?resize=300%2C195&amp;ssl=1 300w, https:\/\/i0.wp.com\/blogdoeloiltoncajuhy.com.br\/site\/wp-content\/uploads\/2018\/12\/PC_medalha-cruz-ordem.jpeg?resize=768%2C499&amp;ssl=1 768w, https:\/\/i0.wp.com\/blogdoeloiltoncajuhy.com.br\/site\/wp-content\/uploads\/2018\/12\/PC_medalha-cruz-ordem.jpeg?resize=250%2C163&amp;ssl=1 250w, https:\/\/i0.wp.com\/blogdoeloiltoncajuhy.com.br\/site\/wp-content\/uploads\/2018\/12\/PC_medalha-cruz-ordem.jpeg?w=1280&amp;ssl=1 1280w\" sizes=\"(max-width: 800px) 100vw, 800px\" \/><figcaption><strong><em>Foto: Ascom \/ Pol\u00edcia Civil<\/em><\/strong><\/figcaption><\/figure>\n\n\n\n<p>A Pol\u00edcia Civil da Bahia concedeu a 124 homenageados a <strong>Medalha Cruz da Ordem<\/strong>, em uma cerim\u00f4nia realizada, na noite de segunda-feira (10), no Hotel Deville Prime, em Itapu\u00e3, Salvador. Concedida pela primeira vez, a honraria foi direcionada \u00e0s pessoas que contribuem para o fortalecimento da Institui\u00e7\u00e3o.<br><\/p>\n\n\n\n<p>Institu\u00edda em 23 de mar\u00e7o de 2018, pelo decreto n\u00ba 18.283, a medalha foi entregue a servidores da pol\u00edcia e autoridades, como o vice-governador, Jo\u00e3o Le\u00e3o, e o secret\u00e1rio da Seguran\u00e7a P\u00fablica, Maur\u00edcio Teles Barbosa, que destacaram a import\u00e2ncia do trabalho da pol\u00edcia judici\u00e1ria na manuten\u00e7\u00e3o da ordem social.<br><\/p>\n\n\n\n<p>Diretores de departamentos, delegados, investigadores, escriv\u00e3es e servidores do quadro administrativo, bem como familiares de policiais falecidos, tamb\u00e9m estiveram entre os homenageados durante a cerim\u00f4nia.<br><\/p>\n\n\n\n<p>Para o delegado-geral, Bernardino Brito Filho, a honraria engrandece a Institui\u00e7\u00e3o, al\u00e9m de valorizar todos que colaboram para sua exist\u00eancia. <em>\u201cEssa medalha \u00e9 um marco no reconhecimento de todos que preservam os valores da Pol\u00edcia Civil\u201d<\/em>, afirmou o gestor.<br><\/p>\n\n\n\n<p>Al\u00e9m das homenagens, o evento contou com a exibi\u00e7\u00e3o de um v\u00eddeo institucional, apresentando a hist\u00f3ria e as atividades desenvolvidas pela Pol\u00edcia Civil. A banda da Aeron\u00e1utica e os cantores Tatau e Clara Vieira tamb\u00e9m se apresentaram, durante a cerim\u00f4nia. Secret\u00e1rios, representantes das For\u00e7as Armadas, do Judici\u00e1rio, do Minist\u00e9rio P\u00fablico Estadual e da Pol\u00edcia Militar, dentre outros \u00f3rg\u00e3os, marcaram presen\u00e7a na celebra\u00e7\u00e3o. <\/p>\n\n\n\n<p><em>Ascom-PC\/Daza Moreira<\/em><\/p>\n\n\n\n<p><strong>BLOG DO ELOILTON CAJUHY &#8211;<\/strong>&nbsp;O Delegado Felipe Neri, Coordenador da 19\u00aa COORPIN, foi um dos homenageados, ao lado do Investigador de Pol\u00edcia Civil, Radimak.<\/p>\n\n\n\n<p><strong>Em seu Facebook, Dr. Felipe Neri agradeceu pela honraria recebida:<\/strong><\/p>\n\n\n\n<figure class=\"wp-block-image\"><img data-recalc-dims=\"1\" decoding=\"async\" width=\"500\" height=\"430\" src=\"https:\/\/i0.wp.com\/blogdoeloiltoncajuhy.com.br\/site\/wp-content\/uploads\/2018\/12\/felipe-neri_homenagem.png?resize=500%2C430\" alt=\"\" class=\"wp-image-29898\" srcset=\"https:\/\/i0.wp.com\/blogdoeloiltoncajuhy.com.br\/site\/wp-content\/uploads\/2018\/12\/felipe-neri_homenagem.png?w=500&amp;ssl=1 500w, https:\/\/i0.wp.com\/blogdoeloiltoncajuhy.com.br\/site\/wp-content\/uploads\/2018\/12\/felipe-neri_homenagem.png?resize=300%2C258&amp;ssl=1 300w, https:\/\/i0.wp.com\/blogdoeloiltoncajuhy.com.br\/site\/wp-content\/uploads\/2018\/12\/felipe-neri_homenagem.png?resize=250%2C215&amp;ssl=1 250w\" sizes=\"(max-width: 500px) 100vw, 500px\" \/><figcaption><strong><em>Reprodu\u00e7\u00e3o Facebook<\/em><\/strong><\/figcaption><\/figure>\n\n\n\n<p><\/p>\n","protected":false},"excerpt":{"rendered":"<p>A Pol\u00edcia Civil da Bahia concedeu a 124 homenageados a Medalha Cruz da Ordem, em uma cerim\u00f4nia realizada, na noite de segunda-feira (10), no Hotel Deville Prime, em Itapu\u00e3, Salvador. Concedida pela primeira vez, a honraria foi direcionada \u00e0s pessoas que contribuem para o fortalecimento da Institui\u00e7\u00e3o. Institu\u00edda em 23 de mar\u00e7o de 2018, pelo [&hellip;]<\/p>\n","protected":false},"author":2,"featured_media":29899,"comment_status":"open","ping_status":"open","sticky":false,"template":"","format":"standard","meta":{"_acf_changed":false,"_monsterinsights_skip_tracking":false,"_monsterinsights_sitenote_active":false,"_monsterinsights_sitenote_note":"","_monsterinsights_sitenote_category":0,"_jetpack_memberships_contains_paid_content":false,"footnotes":"","jetpack_publicize_message":"","jetpack_publicize_feature_enabled":true,"jetpack_social_post_already_shared":true,"jetpack_social_options":{"image_generator_settings":{"template":"highway","default_image_id":0,"font":"","enabled":false},"version":2}},"categories":[1,4],"tags":[],"class_list":["post-29897","post","type-post","status-publish","format-standard","has-post-thumbnail","hentry","category-noticias","category-local"],"acf":[],"jetpack_publicize_connections":[],"jetpack_featured_media_url":"https:\/\/i0.wp.com\/blogdoeloiltoncajuhy.com.br\/site\/wp-content\/uploads\/2018\/12\/PC_medalha-cruz-ordem.jpeg?fit=1280%2C832&ssl=1","jetpack_sharing_enabled":true,"publishpress_future_workflow_manual_trigger":{"enabledWorkflows":[]},"_links":{"self":[{"href":"https:\/\/blogdoeloiltoncajuhy.com.br\/site\/wp-json\/wp\/v2\/posts\/29897","targetHints":{"allow":["GET"]}}],"collection":[{"href":"https:\/\/blogdoeloiltoncajuhy.com.br\/site\/wp-json\/wp\/v2\/posts"}],"about":[{"href":"https:\/\/blogdoeloiltoncajuhy.com.br\/site\/wp-json\/wp\/v2\/types\/post"}],"author":[{"embeddable":true,"href":"https:\/\/blogdoeloiltoncajuhy.com.br\/site\/wp-json\/wp\/v2\/users\/2"}],"replies":[{"embeddable":true,"href":"https:\/\/blogdoeloiltoncajuhy.com.br\/site\/wp-json\/wp\/v2\/comments?post=29897"}],"version-history":[{"count":4,"href":"https:\/\/blogdoeloiltoncajuhy.com.br\/site\/wp-json\/wp\/v2\/posts\/29897\/revisions"}],"predecessor-version":[{"id":29903,"href":"https:\/\/blogdoeloiltoncajuhy.com.br\/site\/wp-json\/wp\/v2\/posts\/29897\/revisions\/29903"}],"wp:featuredmedia":[{"embeddable":true,"href":"https:\/\/blogdoeloiltoncajuhy.com.br\/site\/wp-json\/wp\/v2\/media\/29899"}],"wp:attachment":[{"href":"https:\/\/blogdoeloiltoncajuhy.com.br\/site\/wp-json\/wp\/v2\/media?parent=29897"}],"wp:term":[{"taxonomy":"category","embeddable":true,"href":"https:\/\/blogdoeloiltoncajuhy.com.br\/site\/wp-json\/wp\/v2\/categories?post=29897"},{"taxonomy":"post_tag","embeddable":true,"href":"https:\/\/blogdoeloiltoncajuhy.com.br\/site\/wp-json\/wp\/v2\/tags?post=29897"}],"curies":[{"name":"wp","href":"https:\/\/api.w.org\/{rel}","templated":true}]}}