{"id":29889,"date":"2018-12-12T10:20:54","date_gmt":"2018-12-12T13:20:54","guid":{"rendered":"http:\/\/blogdoeloiltoncajuhy.com.br\/site\/?p=29889"},"modified":"2018-12-12T10:21:01","modified_gmt":"2018-12-12T13:21:01","slug":"politica-sem-consenso-projeto-sobre-escola-sem-partido-sera-arquivado","status":"publish","type":"post","link":"https:\/\/blogdoeloiltoncajuhy.com.br\/site\/politica-sem-consenso-projeto-sobre-escola-sem-partido-sera-arquivado\/","title":{"rendered":"POL\u00cdTICA: Sem consenso, projeto sobre Escola sem Partido ser\u00e1 arquivado"},"content":{"rendered":"\n<h5 class=\"wp-block-heading\" style=\"text-align:center\"><em>Presidente da comiss\u00e3o informou que caber\u00e1 \u00e0 pr\u00f3xima legislatura retomar o debate sobre o assunto<\/em><\/h5>\n\n\n\n<figure class=\"wp-block-image\"><img data-recalc-dims=\"1\" fetchpriority=\"high\" decoding=\"async\" width=\"675\" height=\"442\" src=\"https:\/\/i0.wp.com\/blogdoeloiltoncajuhy.com.br\/site\/wp-content\/uploads\/2018\/12\/escola-sem-partido_discussao.jpg?resize=675%2C442\" alt=\"\" class=\"wp-image-29890\" srcset=\"https:\/\/i0.wp.com\/blogdoeloiltoncajuhy.com.br\/site\/wp-content\/uploads\/2018\/12\/escola-sem-partido_discussao.jpg?w=675&amp;ssl=1 675w, https:\/\/i0.wp.com\/blogdoeloiltoncajuhy.com.br\/site\/wp-content\/uploads\/2018\/12\/escola-sem-partido_discussao.jpg?resize=300%2C196&amp;ssl=1 300w, https:\/\/i0.wp.com\/blogdoeloiltoncajuhy.com.br\/site\/wp-content\/uploads\/2018\/12\/escola-sem-partido_discussao.jpg?resize=250%2C164&amp;ssl=1 250w\" sizes=\"(max-width: 675px) 100vw, 675px\" \/><figcaption><em>Foto: Vinicius Loures\/C\u00e2mara dos Deputados<\/em><\/figcaption><\/figure>\n\n\n\n<p>A comiss\u00e3o especial da C\u00e2mara dos Deputados que analisa a proposta conhecida como Escola sem Partido (PL 7180\/14 e outros) encerrou seus trabalhos sem votar o relat\u00f3rio do deputado Flavinho, do PSC de S\u00e3o Paulo. A mat\u00e9ria ser\u00e1 arquivada no fim desta legislatura. Caber\u00e1 aos deputados que tomarem posse em 1\u00ba de fevereiro retomar o assunto e discuti-lo em um novo colegiado, com novos presidente e relator.<\/p>\n\n\n\n<p>Na reuni\u00e3o desta ter\u00e7a-feira (11), o presidente da comiss\u00e3o, deputado Marcos Rog\u00e9rio, do Democratas de Rond\u00f4nia, anunciou que n\u00e3o vai mais convocar reuni\u00f5es, em raz\u00e3o da constante falta de qu\u00f3rum e da agenda apertada de fim de ano. Ele tamb\u00e9m disse que os novos deputados querem participar do debate.<\/p>\n\n\n\n<p>Para o presidente, o fato de a comiss\u00e3o n\u00e3o ter votado o projeto n\u00e3o significa derrota.\u00a0<em>&#8220;O tema foi para o debate. O tema est\u00e1 nas escolas, o tema est\u00e1 nas igrejas, o tema nas ruas. Ali\u00e1s, o tema esteve no debate presidencial&#8221;.<\/em><\/p>\n\n\n\n<p>O relator, Flavinho, considerou que houve vit\u00f3ria.\u00a0<em>&#8220;O fato de a gente ter conseguido trazer luz para esse problema dentro das escolas brasileiras j\u00e1 fez com que pais, alunos e professores que eram perseguidos nas escolas tivessem consci\u00eancia dos seus direitos&#8221;.<\/em><\/p>\n\n\n\n<p>Do lado da oposi\u00e7\u00e3o, a deputada Erika Kokay, do PT do Distrito Federal, tamb\u00e9m avaliou como vitoriosa a atua\u00e7\u00e3o dos contr\u00e1rios ao projeto do Escola sem Partido.\u00a0<em>&#8220;Uma educa\u00e7\u00e3o que n\u00e3o pode ser engessada. Estudante n\u00e3o \u00e9 coisa para apenas engolir conte\u00fado. Ele \u00e9 uma pessoa e tem que ter na escola a liberdade de expressar essa humanidade&#8221;.<\/em><\/p>\n\n\n\n<p>O parecer do deputado Flavinho foi apresentado no \u00faltimo dia 22 de novembro. O texto lista seis deveres para os professores das institui\u00e7\u00f5es de ensino brasileiras, como a proibi\u00e7\u00e3o de promover suas opini\u00f5es, concep\u00e7\u00f5es, prefer\u00eancias ideol\u00f3gicas, religiosas, morais, pol\u00edticas e partid\u00e1rias. Al\u00e9m disso, h\u00e1 a proibi\u00e7\u00e3o, no ensino no Brasil, da <em>&#8220;ideologia de g\u00eanero&#8221;<\/em>, do termo <em>&#8220;g\u00eanero&#8221;<\/em> ou <em>&#8220;orienta\u00e7\u00e3o sexual&#8221;<\/em>.<\/p>\n\n\n\n<p>Discuss\u00f5es entre parlamentares contra e a favor do texto e a obstru\u00e7\u00e3o da oposi\u00e7\u00e3o adiaram a an\u00e1lise do texto desde ent\u00e3o. Nesta ter\u00e7a, a reuni\u00e3o novamente foi marcada pela diverg\u00eancia entre parlamentares e tamb\u00e9m pela presen\u00e7a de manifestantes com cartazes contr\u00e1rios ou favor\u00e1veis \u00e0 proposta. Um dos momentos mais tensos da reuni\u00e3o foi marcado por um bate-boca entre Flavinho e Erika Kokay.<\/p>\n\n\n\n<p><em><strong>Reportagem &#8211; No\u00e9li Nobre \/ R\u00e1dio C\u00e2mara<\/strong><\/em><\/p>\n","protected":false},"excerpt":{"rendered":"<p>Presidente da comiss\u00e3o informou que caber\u00e1 \u00e0 pr\u00f3xima legislatura retomar o debate sobre o assunto A comiss\u00e3o especial da C\u00e2mara dos Deputados que analisa a proposta conhecida como Escola sem Partido (PL 7180\/14 e outros) encerrou seus trabalhos sem votar o relat\u00f3rio do deputado Flavinho, do PSC de S\u00e3o Paulo. A mat\u00e9ria ser\u00e1 arquivada no [&hellip;]<\/p>\n","protected":false},"author":2,"featured_media":29890,"comment_status":"open","ping_status":"open","sticky":false,"template":"","format":"standard","meta":{"_acf_changed":false,"_monsterinsights_skip_tracking":false,"_monsterinsights_sitenote_active":false,"_monsterinsights_sitenote_note":"","_monsterinsights_sitenote_category":0,"_jetpack_memberships_contains_paid_content":false,"footnotes":"","jetpack_publicize_message":"","jetpack_publicize_feature_enabled":true,"jetpack_social_post_already_shared":true,"jetpack_social_options":{"image_generator_settings":{"template":"highway","default_image_id":0,"font":"","enabled":false},"version":2}},"categories":[14,1,3],"tags":[],"class_list":["post-29889","post","type-post","status-publish","format-standard","has-post-thumbnail","hentry","category-educacao","category-noticias","category-politica"],"acf":[],"jetpack_publicize_connections":[],"jetpack_featured_media_url":"https:\/\/i0.wp.com\/blogdoeloiltoncajuhy.com.br\/site\/wp-content\/uploads\/2018\/12\/escola-sem-partido_discussao.jpg?fit=675%2C442&ssl=1","jetpack_sharing_enabled":true,"publishpress_future_workflow_manual_trigger":{"enabledWorkflows":[]},"_links":{"self":[{"href":"https:\/\/blogdoeloiltoncajuhy.com.br\/site\/wp-json\/wp\/v2\/posts\/29889","targetHints":{"allow":["GET"]}}],"collection":[{"href":"https:\/\/blogdoeloiltoncajuhy.com.br\/site\/wp-json\/wp\/v2\/posts"}],"about":[{"href":"https:\/\/blogdoeloiltoncajuhy.com.br\/site\/wp-json\/wp\/v2\/types\/post"}],"author":[{"embeddable":true,"href":"https:\/\/blogdoeloiltoncajuhy.com.br\/site\/wp-json\/wp\/v2\/users\/2"}],"replies":[{"embeddable":true,"href":"https:\/\/blogdoeloiltoncajuhy.com.br\/site\/wp-json\/wp\/v2\/comments?post=29889"}],"version-history":[{"count":1,"href":"https:\/\/blogdoeloiltoncajuhy.com.br\/site\/wp-json\/wp\/v2\/posts\/29889\/revisions"}],"predecessor-version":[{"id":29891,"href":"https:\/\/blogdoeloiltoncajuhy.com.br\/site\/wp-json\/wp\/v2\/posts\/29889\/revisions\/29891"}],"wp:featuredmedia":[{"embeddable":true,"href":"https:\/\/blogdoeloiltoncajuhy.com.br\/site\/wp-json\/wp\/v2\/media\/29890"}],"wp:attachment":[{"href":"https:\/\/blogdoeloiltoncajuhy.com.br\/site\/wp-json\/wp\/v2\/media?parent=29889"}],"wp:term":[{"taxonomy":"category","embeddable":true,"href":"https:\/\/blogdoeloiltoncajuhy.com.br\/site\/wp-json\/wp\/v2\/categories?post=29889"},{"taxonomy":"post_tag","embeddable":true,"href":"https:\/\/blogdoeloiltoncajuhy.com.br\/site\/wp-json\/wp\/v2\/tags?post=29889"}],"curies":[{"name":"wp","href":"https:\/\/api.w.org\/{rel}","templated":true}]}}