{"id":29871,"date":"2018-12-11T21:10:45","date_gmt":"2018-12-12T00:10:45","guid":{"rendered":"http:\/\/blogdoeloiltoncajuhy.com.br\/site\/?p=29871"},"modified":"2018-12-11T21:10:53","modified_gmt":"2018-12-12T00:10:53","slug":"emprego-veja-as-vagas-do-sinebahia-em-varias-cidades-do-interior-do-estado-para-esta-quarta-feira-12","status":"publish","type":"post","link":"https:\/\/blogdoeloiltoncajuhy.com.br\/site\/emprego-veja-as-vagas-do-sinebahia-em-varias-cidades-do-interior-do-estado-para-esta-quarta-feira-12\/","title":{"rendered":"EMPREGO: Veja as vagas do Sinebahia em v\u00e1rias cidades do interior do estado para esta quarta-feira, 12"},"content":{"rendered":"\n<p><strong><em>DOCUMENTA\u00c7\u00c3O NECESS\u00c1RIA:<\/em><\/strong><em> Obrigat\u00f3rio portar Carteira de Trabalho, RG, CPF, comprovante de resid\u00eancia e certificado de escolaridade.<br>Essas s\u00e3o apenas algumas vagas dispon\u00edveis. Para consultar a lista completa, o trabalhador deve comparecer \u00e0 unidade de seu munic\u00edpio.<\/em><\/p>\n\n\n\n<div class=\"wp-block-image\"><figure class=\"alignleft is-resized\"><img data-recalc-dims=\"1\" fetchpriority=\"high\" decoding=\"async\" src=\"https:\/\/i0.wp.com\/blogdoeloiltoncajuhy.com.br\/site\/wp-content\/uploads\/2017\/11\/sinebahia_logo_nov17.jpg?resize=420%2C215\" alt=\"\" class=\"wp-image-21306\" width=\"420\" height=\"215\" srcset=\"https:\/\/i0.wp.com\/blogdoeloiltoncajuhy.com.br\/site\/wp-content\/uploads\/2017\/11\/sinebahia_logo_nov17.jpg?w=539&amp;ssl=1 539w, https:\/\/i0.wp.com\/blogdoeloiltoncajuhy.com.br\/site\/wp-content\/uploads\/2017\/11\/sinebahia_logo_nov17.jpg?resize=300%2C154&amp;ssl=1 300w, https:\/\/i0.wp.com\/blogdoeloiltoncajuhy.com.br\/site\/wp-content\/uploads\/2017\/11\/sinebahia_logo_nov17.jpg?resize=250%2C128&amp;ssl=1 250w\" sizes=\"(max-width: 420px) 100vw, 420px\" \/><\/figure><\/div>\n\n\n\n<p><strong>Vagas exclusivas para Salvador (12\/12)<\/strong><\/p>\n\n\n\n<p>TERAPEUTA OCUPACIONAL<br>\nEnsino Superior completo <br>\nExperi\u00eancia m\u00ednima de 06 meses na carteira<br>\nObrigat\u00f3rio possuir experi\u00eancia na fun\u00e7\u00e3o<br>\nSal\u00e1rio R$ 2.043,00 + Benef\u00edcios<br>\n01 VAGA<\/p>\n\n\n\n<p>CONSULTOR DE VENDAS<br>\nEnsino M\u00e9dio incompleto <br>\nExperi\u00eancia m\u00ednima de 06 meses na carteira<br>\nObrigat\u00f3rio possuir experi\u00eancia com supervis\u00e3o de venda<br>\nSal\u00e1rio R$ 1.000,00 + Benef\u00edcios<br>\n03 VAGAS<\/p>\n\n\n\n<p>SUPERVISOR DE VENDAS COMERCIAL<br>\nEnsino Superior incompleto <br>\nExperi\u00eancia m\u00ednima de 06 meses na carteira<br>\nObrigat\u00f3ria possuir experi\u00eancia em vendas interna ou externa em qualquer \u00e1rea, CNH \u2018A\u2019, e moto<br>\nSal\u00e1rio R$ 1.000,00 + Benef\u00edcios<br>\n01 VAGA<\/p>\n\n\n\n<p>INSTALADOR DE SISTEMAS ELETROELETR\u00d4NICOS DE SEGURAN\u00c7A<br>\nEnsino M\u00e9dio Completo<br>\nExperi\u00eancia m\u00ednima de 06 meses na carteira<br>\nObrigat\u00f3rio possuir experi\u00eancia na fun\u00e7\u00e3o<br>\nSal\u00e1rio R$ 1.163,00 + Benef\u00edcios<br>\n01 VAGA<\/p>\n\n\n\n<p>REPRESENTANTE T\u00c9CNICO DE VENDAS<br>\nEnsino m\u00e9dio completo<br>\nExperi\u00eancia m\u00ednima de 06 meses na carteira<br>\nObrigat\u00f3rio conhecimento com marcenaria e carpintaria<br>\n01 VAGA<\/p>\n\n\n\n<p>ENGENHEIRO DE SOFTWARES COMPUTACIONAIS<br>\nEnsino Superior completo em Sistema de Informa\u00e7\u00e3o ou An\u00e1lise e Desenvolvimento de Sistemas<br>\nExperi\u00eancia m\u00ednima de 06 meses na carteira<br>\nObrigat\u00f3rio possuir conhecimento com projetos WEB de produtos digitais, Cloud Computing, banco de dados SQL Server e dom\u00ednio em elabora\u00e7\u00e3o de especifica\u00e7\u00f5es t\u00e9cnicas e funcionais<br>\n01 VAGA<\/p>\n\n\n\n<p><strong>Vagas EXCLUSIVAS para UNIDADE CENTRAL de Salvador (12\/12)<\/strong><br>ENDERE\u00c7O: Av. ACM, 3359 \u2013 Cond. Torres do Iguatemi. <br>Funcionamento de segunda a sexta, das 7h as 17h.<\/p>\n\n\n\n<p>MEC\u00c2NICO DE REFRIGERA\u00c7\u00c3O<br>\nEnsino M\u00e9dio completo<br>\nExperi\u00eancia m\u00ednima de 06 meses na carteira<br>\nObrigat\u00f3ria possuir CNH \u2018B\u2019, viv\u00eancia com manuten\u00e7\u00e3o em SELF, Chiller, Fan, Coil, SPLIT e certificados de cursos de Mec\u00e2nico (t\u00e9cnico ou n\u00e3o) e NR10<br>\nDesej\u00e1vel: NR35<br>\nSal\u00e1rio R$ 1.741,26 + benef\u00edcios<br>\n04 VAGAS<\/p>\n\n\n\n<p>OFICIAL DE MANUTEN\u00c7\u00c3O PREDIAL<br>\nEnsino M\u00e9dio completo<br>\nExperi\u00eancia m\u00ednima de 06 meses na carteira<br>\nObrigat\u00f3ria possuir CNH \u2018B\u2019, disponibilidade para viagens (RMS), NR10, NR35, curso de Eletricidade Predial e Residencial, al\u00e9m de viv\u00eancia com manuten\u00e7\u00e3o el\u00e9trica, civil e hidr\u00e1ulica<br>\nSal\u00e1rio R$ 1.774,94 + benef\u00edcios<br>\n03 VAGAS<\/p>\n\n\n\n<p>T\u00c9CNICO DE ENFERMAGEM<br>\nEnsino T\u00e9cnico completo em Enfermagem<br>\nExperi\u00eancia m\u00ednima de 06 meses na carteira<br>\nObrigat\u00f3ria possuir CNH \u2018D\u2019, COREN v\u00e1lido e viv\u00eancia na \u00e1rea <br>\nDesej\u00e1vel: Inform\u00e1tica b\u00e1sica e curso BLS (Suporte B\u00e1sico de Vida)<br>\nSal\u00e1rio R$ 1.607,49 + benef\u00edcios<br>\n02 VAGAS<\/p>\n\n\n\n<p><strong>Vagas exclusivas para Candeias (12\/12)<\/strong><\/p>\n\n\n\n<p>AUXILIAR ADMINISTRATIVO<br>\nEnsino Superior incompleto em Administra\u00e7\u00e3o ou Log\u00edstica<br>\nExperi\u00eancia m\u00ednima de 06 meses na carteira<br>\nObrigat\u00f3ria possuir conhecimento b\u00e1sico em Inform\u00e1tica e residir em Candeias<br>\n01 VAGA<\/p>\n\n\n\n<p><strong>Vagas exclusivas para Santo Ant\u00f4nio de Jesus (10\/12)<\/strong><\/p>\n\n\n\n<p>AUXILIAR ADMINISTRATIVO (PCD)<br>\nExclusiva para Pessoas com Defici\u00eancia<br>\n02 VAGAS<\/p>\n\n\n\n<p>AGENTE DE PORTARIA (PCD)<br>\nExclusiva para Pessoas com Defici\u00eancia<br>\n02 VAGAS<\/p>\n\n\n\n<p>AUXILIAR DE LINHA DE PRODU\u00c7\u00c3O (PCD)<br>\nExclusiva para Pessoas com Defici\u00eancia<br>\n01 VAGA<\/p>\n\n\n\n<p>SERVENTE DE OBRAS (PCD)<br>\nExclusiva para Pessoas com Defici\u00eancia<br>\n01 VAGA <\/p>\n\n\n\n<p>EMPREGADA DOM\u00c9STICA<br>\nEnsino M\u00e9dio Completo<br>\nExperi\u00eancia em CTPS e ou carta de refer\u00eancia <br>\nObrigat\u00f3rio saber cozinhar<br>\n01 VAGA<\/p>\n\n\n\n<p>MEC\u00c2NICO DE AR-CONDICIONADO E REFRIGERA\u00c7\u00c3O<br>\nEnsino M\u00e9dio Completo <br>\nExperi\u00eancia em CTPS e ou carta de refer\u00eancia <br>\nPossuir CNH \u201cAB\u201d<br>\n01 VAGA<\/p>\n\n\n\n<p>ELETRICISTA DE MANUTEN\u00c7\u00c3O<br>\nEnsino M\u00e9dio completo<br>\nExperi\u00eancia em CTPS e ou carta de refer\u00eancia <br>\nObrigat\u00f3rio possuir curso NR 10<br>\n01 VAGA<\/p>\n\n\n\n<p>VENDEDOR PRACISTA<br>\nEnsino M\u00e9dio completo<br>\nExperi\u00eancia na fun\u00e7\u00e3o com cosm\u00e9ticos<br>\nObrigat\u00f3rio possuir moto<br>\n01 VAGA<\/p>\n\n\n\n<p>VENDEDOR INTERNO<br>\nEnsino M\u00e9dio completo<br>\nExperi\u00eancia na fun\u00e7\u00e3o em eletrodom\u00e9sticos, m\u00f3veis ou materiais de constru\u00e7\u00f5es<br>\n05 VAGAS<\/p>\n\n\n\n<p>EMPREGADA DOM\u00c9STICA<br>\nEnsino Fundamental incompleto<br>\nExperi\u00eancia na fun\u00e7\u00e3o<br>\nObrigat\u00f3rio possuir disponibilidade para dormir<br>\n01 VAGA<\/p>\n\n\n\n<p>OPERADOR DE SAPINHO\/COMPACTADOR DE SOLO<br>\nEnsino Fundamental incompleto<br>\nExperi\u00eancia na fun\u00e7\u00e3o<br>\n03 VAGAS<\/p>\n\n\n\n<p>M\u00c9DICO DO TRABALHO<br>\nEnsino Superior completo<br>\nExperi\u00eancia na fun\u00e7\u00e3o<br>\n01 VAGA<\/p>\n\n\n\n<p>OPERADOR DE RETROESCAVADEIRA<br>\nEnsino Fundamental incompleto<br>\nExperi\u00eancia na fun\u00e7\u00e3o<br>\nObrigat\u00f3rio possuir viv\u00eancia em constru\u00e7\u00e3o civil<br>\n01 VAGA<\/p>\n\n\n\n<p>T\u00c9CNICO DE ENFERMAGEM DO TRABALHO<br>\nEnsino M\u00e9dio completo<br>\nExperi\u00eancia na fun\u00e7\u00e3o em constru\u00e7\u00e3o civil<br>\n01 VAGA<\/p>\n\n\n\n<p>ANALISTA FISCAL<br>\nEnsino Superior cursando Ci\u00eancias Cont\u00e1beis \u2013 A partir do 7\u00ba Sem.<br>\nExperi\u00eancia na fun\u00e7\u00e3o<br>\nObrigat\u00f3rio residir em Cruz das Almas<br>\n01 VAGA<\/p>\n\n\n\n<p>SOLDADOR<br>\nEnsino M\u00e9dio completo<br>\nExperi\u00eancia na fun\u00e7\u00e3o<br>\n01 VAGA<\/p>\n\n\n\n<p>MOTORISTA DE CAMINH\u00c3O<br>\nEnsino M\u00e9dio completo<br>\nExperi\u00eancia na fun\u00e7\u00e3o<br>\nObrigat\u00f3rio possuir CNH \u2018D\u2019<br>\n01 VAGA<\/p>\n\n\n\n<p>ANALISTA DE SUPORTE<br>\nEnsino Superior em Ci\u00eancias da Computa\u00e7\u00e3o ou Sistema de Informa\u00e7\u00e3o ou Redes de Computadores<br>\nExperi\u00eancia na fun\u00e7\u00e3o<br>\n01 VAGA<\/p>\n\n\n\n<p>INSTRUTOR DE INFORM\u00c1TICA<br>\nEnsino M\u00e9dio completo<br>\nExperi\u00eancia na fun\u00e7\u00e3o<br>\n01 VAGA<\/p>\n\n\n\n<p>MEC\u00c2NICO GERAL<br>\nEnsino M\u00e9dio completo<br>\nExperi\u00eancia na fun\u00e7\u00e3o<br>\nObrigat\u00f3rio possuir CNH \u2018B\u2019<br>\n03 VAGAS<\/p>\n\n\n\n<p>ALINHADOR<br>\nEnsino M\u00e9dio completo<br>\nExperi\u00eancia na fun\u00e7\u00e3o<br>\nObrigat\u00f3rio possuir CNH \u2018B\u2019<br>\n01 VAGA<\/p>\n\n\n\n<p>REPRESENTANTE COMERCIAL<br>\nEnsino M\u00e9dio completo<br>\nExperi\u00eancia na fun\u00e7\u00e3o<br>\nObrigat\u00f3rio possuir carro<br>\n01 VAGA<\/p>\n\n\n\n<p><strong>Vagas exclusivas para Jequi\u00e9 (12\/12)<\/strong><\/p>\n\n\n\n<p>SERVENTE DE OBRAS (PCD)<br>\nExclusiva para Pessoas com Defici\u00eancia<br>\nEnsino Fundamental completo<br>\nExperi\u00eancia m\u00ednima de 06 meses na fun\u00e7\u00e3o<br>\n01 VAGA<\/p>\n\n\n\n<p>VENDEDOR PRACISTA<br>\nEnsino M\u00e9dio completo<br>\nExperi\u00eancia m\u00ednima de 06 meses na fun\u00e7\u00e3o<br>\nObrigat\u00f3rio possuir CNH \u2018A\/B\u2019 e disponibilidade para viagem<br>\n01 VAGA<\/p>\n\n\n\n<p>MEC\u00c2NICO DE MOTOCICLETA<br>\nEnsino Fundamental incompleto<br>\nExperi\u00eancia m\u00ednima de 06 meses na fun\u00e7\u00e3o<br>\n01 VAGA<\/p>\n\n\n\n<p>T\u00c9CNICO DE ENFERMAGEM DO TRABALHO<br>\nEnsino T\u00e9cnico completo em Enfermagem<br>\nExperi\u00eancia m\u00ednima de 06 meses na carteira<br>\n01 VAGA<\/p>\n\n\n\n<p><strong>Vagas exclusivas para Itabuna (12\/12)<\/strong><\/p>\n\n\n\n<p>AUXILIAR DE LINHA DE PRODU\u00c7\u00c3O (PCD)<br>\nExclusiva para Pessoas com Defici\u00eancia<br>\nN\u00e3o exige escolaridade<br>\nN\u00e3o exige experi\u00eancia<br>\n05 VAGAS<\/p>\n\n\n\n<p>MOTORISTA CAMINH\u00c3O MUNK<br>\nEnsino Fundamental completo<br>\nExperi\u00eancia m\u00ednima de 06 meses na carteira<br>\nObrigat\u00f3rio possuir certificado em Munk<br>\n01 VAGA<\/p>\n\n\n\n<p>ENCARREGADO DE SUPERMERCADO\/ FRENTE DE CAIXA<br>\nEnsino Superior incompleto<br>\nExperi\u00eancia m\u00ednima de 06 meses na carteira com gest\u00e3o de varejo<br>\n01 VAGA<\/p>\n\n\n\n<p>AUXILIAR FINANCEIRO<br>\nEnsino M\u00e9dio completo<br>\nExperi\u00eancia m\u00ednima de 06 meses na carteira<br>\nObrigat\u00f3rio possuir viv\u00eancia avan\u00e7ada com Excel e tabelas<br>\n01 VAGA<\/p>\n\n\n\n<p>EDUCADOR SOCIAL\/M\u00daSICO<br>\nEnsino M\u00e9dio completo<br>\nExperi\u00eancia com crian\u00e7as e adolescentes na \u00e1rea musical<br>\n01 VAGA<\/p>\n\n\n\n<p>PEDREIRO<br>\nEnsino Fundamental completo<br>\nExperi\u00eancia m\u00ednima de 06 meses na carteira<br>\n10 VAGAS<\/p>\n\n\n\n<p>SERVENTE DE OBRAS<br>\nEnsino Fundamental Completo<br>\nExperi\u00eancia m\u00ednima de 06 meses na carteira<br>\n15 VAGAS<\/p>\n\n\n\n<p>ELETRICISTA INDUSTRIAL<br>\nEnsino Fundamental completo<br>\nExperi\u00eancia m\u00ednima de 06 meses na carteira<br>\nObrigat\u00f3rio possuir cursos na \u00e1rea<br>\n01 VAGA<\/p>\n\n\n\n<p>ELETRICISTA PREDIAL<br>\nEnsino Fundamental completo<br>\nExperi\u00eancia m\u00ednima de 06 meses na carteira<br>\nObrigat\u00f3rio possuir cursos na \u00e1rea<br>\n01 VAGA<\/p>\n\n\n\n<p>ARMADOR DE FERRAGENS NA CONSTRU\u00c7\u00c3O CIVIL<br>\nEnsino Fundamental completo<br>\nExperi\u00eancia m\u00ednima de 06 meses na carteira<br>\n02 VAGAS<\/p>\n\n\n\n<p>BETONEIRO<br>\nEnsino Fundamental completo<br>\nExperi\u00eancia m\u00ednima de 06 meses na carteira<br>\n01 VAGA<\/p>\n\n\n\n<p>SOLDADOR<br>\nEnsino Fundamental completo<br>\nExperi\u00eancia m\u00ednima de 06 meses na carteira<br>\nObrigat\u00f3rio possuir viv\u00eancia como soldador TIG e MIG<br>\n10 VAGAS<\/p>\n\n\n\n<p>CARPINTEIRO<br>\nEnsino Fundamental completo<br>\nExperi\u00eancia m\u00ednima de 06 meses na carteira<br>\n02 VAGAS<\/p>\n\n\n\n<p>ENCANADOR INDUSTRIAL<br>\nEnsino Fundamental completo<br>\nExperi\u00eancia m\u00ednima de 06 meses na carteira<br>\n04 VAGAS<\/p>\n\n\n\n<p>ENCANADOR PREDIAL<br>\nEnsino Fundamental completo<br>\nExperi\u00eancia m\u00ednima de 06 meses na carteira<br>\n01 VAGA<\/p>\n\n\n\n<p>LIXADOR DE PE\u00c7AS DE METAL<br>\nEnsino Fundamental completo<br>\nExperi\u00eancia m\u00ednima de 06 meses na carteira<br>\n10 VAGAS<\/p>\n\n\n\n<p>MONTADOR DE ANDAIME<br>\nEnsino Fundamental completo<br>\nExperi\u00eancia m\u00ednima de 06 meses na carteira<br>\n02 VAGAS<\/p>\n\n\n\n<p>MONITOR DE RESSOCIALIZA\u00c7\u00c3O \/ AGENTE DE DISCIPLINA<br>\nEnsino M\u00e9dio completo<br>\nExperi\u00eancia m\u00ednima de 06 meses na fun\u00e7\u00e3o<br>\nObrigat\u00f3rio possuir curso de Vigilante ou Bombeiro Civil<br>\n08 VAGAS<\/p>\n\n\n\n<p>PSIC\u00d3LOGO (VAGA TEMPOR\u00c1RIA)<br>\nEnsino Superior completo em Psicologia<br>\nExperi\u00eancia m\u00ednima de 06 meses na fun\u00e7\u00e3o<br>\n01 VAGA<\/p>\n\n\n\n<p>T\u00c9CNICO DE ENFERMAGEM<br>\nEnsino T\u00e9cnico completo em Enfermagem<br>\nExperi\u00eancia m\u00ednima de 06 meses na carteira<br>\n02 VAGAS<\/p>\n\n\n\n<p>T\u00c9CNICO EM REFRIGERA\u00c7\u00c3O<br>\nEnsino T\u00e9cnico completo de Refrigera\u00e7\u00e3o<br>\nExperi\u00eancia m\u00ednima de 06 meses na fun\u00e7\u00e3o<br>\nObrigat\u00f3rio possuir CNH \u2018A\/B\u2019 <br>\n01 VAGA<\/p>\n\n\n\n<p>VENDEDOR PRACISTA<br>\nEnsino M\u00e9dio completo<br>\nExperi\u00eancia m\u00ednima de 06 meses com vendas<br>\nObrigat\u00f3rio possuir CNH \u2018A\/B\u2019<br>\n01 VAGA<\/p>\n\n\n\n<p>MANICURE<br>\nN\u00e3o exige escolaridade<br>\nExperi\u00eancia m\u00ednima de 06 meses na fun\u00e7\u00e3o<br>\n01 VAGA<\/p>\n\n\n\n<p>CABELEIREIRO<br>\nN\u00e3o exige escolaridade<br>\nExperi\u00eancia m\u00ednima de 06 meses na fun\u00e7\u00e3o<br>\n02 VAGAS<\/p>\n\n\n\n<p><strong>Vagas exclusivas para Morro do Chap\u00e9u (12\/12)<\/strong><\/p>\n\n\n\n<p>PROMOTOR DE VENDAS<br>\nEnsino M\u00e9dio completo<br>\nN\u00e3o exige experi\u00eancia<br>\nObrigat\u00f3rio possuir ve\u00edculo (moto)<br>\n01 VAGA<\/p>\n\n\n\n<p><strong>Vagas exclusivas para Barreiras (12\/12)<\/strong><\/p>\n\n\n\n<p>SECRET\u00c1RIA (O)<br>\nEnsino M\u00e9dio completo<br>\nExperi\u00eancia m\u00ednima de 06 meses na fun\u00e7\u00e3o<br>\n01 VAGA<\/p>\n\n\n\n<p>ART\u00cdFICE DE MANUTEN\u00c7\u00c3O<br>\nEnsino M\u00e9dio completo<br>\nExperi\u00eancia m\u00ednima de 06 meses na fun\u00e7\u00e3o<br>\nObrigat\u00f3rio possuir certificados NR10 e NR35<br>\n01 VAGA<\/p>\n\n\n\n<p>AGENTE OPERACIONAL DE ESTA\u00c7\u00c3O<br>\nEnsino M\u00e9dio completo<br>\nExperi\u00eancia m\u00ednima de 06 meses na fun\u00e7\u00e3o<br>\nObrigat\u00f3rio possuir CNH \u2018A\/B\u2019<br>\n01 VAGA<\/p>\n\n\n\n<p>MOLEIRO DE CARGA PESADA<br>\nEnsino Fundamental completo<br>\nExperi\u00eancia m\u00ednima de 06 meses na fun\u00e7\u00e3o<br>\n02 VAGAS<\/p>\n\n\n\n<p>CONSULTOR DE VENDAS<br>\nEnsino M\u00e9dio completo<br>\nExperi\u00eancia m\u00ednima de 06 meses na fun\u00e7\u00e3o<br>\nObrigat\u00f3rio possuir CNH \u2018A\/B\u2019 e ve\u00edculo pr\u00f3prio<br>\n03 VAGAS<\/p>\n\n\n\n<p>PADEIRO<br>Ensino Fundamental incompleto<br>Experi\u00eancia m\u00ednima de 06 meses na fun\u00e7\u00e3o<br>01 VAGA<\/p>\n\n\n\n<p><strong><em>Ascom Sinebahia<\/em><\/strong><\/p>\n","protected":false},"excerpt":{"rendered":"<p>DOCUMENTA\u00c7\u00c3O NECESS\u00c1RIA: Obrigat\u00f3rio portar Carteira de Trabalho, RG, CPF, comprovante de resid\u00eancia e certificado de escolaridade.Essas s\u00e3o apenas algumas vagas dispon\u00edveis. Para consultar a lista completa, o trabalhador deve comparecer \u00e0 unidade de seu munic\u00edpio. Vagas exclusivas para Salvador (12\/12) TERAPEUTA OCUPACIONAL Ensino Superior completo Experi\u00eancia m\u00ednima de 06 meses na carteira Obrigat\u00f3rio possuir experi\u00eancia [&hellip;]<\/p>\n","protected":false},"author":2,"featured_media":0,"comment_status":"open","ping_status":"open","sticky":false,"template":"","format":"standard","meta":{"_acf_changed":false,"_monsterinsights_skip_tracking":false,"_monsterinsights_sitenote_active":false,"_monsterinsights_sitenote_note":"","_monsterinsights_sitenote_category":0,"_jetpack_memberships_contains_paid_content":false,"footnotes":"","jetpack_publicize_message":"","jetpack_publicize_feature_enabled":true,"jetpack_social_post_already_shared":true,"jetpack_social_options":{"image_generator_settings":{"template":"highway","default_image_id":0,"font":"","enabled":false},"version":2}},"categories":[1],"tags":[],"class_list":["post-29871","post","type-post","status-publish","format-standard","hentry","category-noticias"],"acf":[],"jetpack_publicize_connections":[],"jetpack_featured_media_url":"","jetpack_sharing_enabled":true,"publishpress_future_workflow_manual_trigger":{"enabledWorkflows":[]},"_links":{"self":[{"href":"https:\/\/blogdoeloiltoncajuhy.com.br\/site\/wp-json\/wp\/v2\/posts\/29871","targetHints":{"allow":["GET"]}}],"collection":[{"href":"https:\/\/blogdoeloiltoncajuhy.com.br\/site\/wp-json\/wp\/v2\/posts"}],"about":[{"href":"https:\/\/blogdoeloiltoncajuhy.com.br\/site\/wp-json\/wp\/v2\/types\/post"}],"author":[{"embeddable":true,"href":"https:\/\/blogdoeloiltoncajuhy.com.br\/site\/wp-json\/wp\/v2\/users\/2"}],"replies":[{"embeddable":true,"href":"https:\/\/blogdoeloiltoncajuhy.com.br\/site\/wp-json\/wp\/v2\/comments?post=29871"}],"version-history":[{"count":1,"href":"https:\/\/blogdoeloiltoncajuhy.com.br\/site\/wp-json\/wp\/v2\/posts\/29871\/revisions"}],"predecessor-version":[{"id":29872,"href":"https:\/\/blogdoeloiltoncajuhy.com.br\/site\/wp-json\/wp\/v2\/posts\/29871\/revisions\/29872"}],"wp:attachment":[{"href":"https:\/\/blogdoeloiltoncajuhy.com.br\/site\/wp-json\/wp\/v2\/media?parent=29871"}],"wp:term":[{"taxonomy":"category","embeddable":true,"href":"https:\/\/blogdoeloiltoncajuhy.com.br\/site\/wp-json\/wp\/v2\/categories?post=29871"},{"taxonomy":"post_tag","embeddable":true,"href":"https:\/\/blogdoeloiltoncajuhy.com.br\/site\/wp-json\/wp\/v2\/tags?post=29871"}],"curies":[{"name":"wp","href":"https:\/\/api.w.org\/{rel}","templated":true}]}}