{"id":29868,"date":"2018-12-11T20:57:10","date_gmt":"2018-12-11T23:57:10","guid":{"rendered":"http:\/\/blogdoeloiltoncajuhy.com.br\/site\/?p=29868"},"modified":"2018-12-11T20:57:17","modified_gmt":"2018-12-11T23:57:17","slug":"banco-do-brasil-atende-solicitacao-do-prefeito-renato-brandao-e-confirma-reabertura-da-agencia-em-andorinha","status":"publish","type":"post","link":"https:\/\/blogdoeloiltoncajuhy.com.br\/site\/banco-do-brasil-atende-solicitacao-do-prefeito-renato-brandao-e-confirma-reabertura-da-agencia-em-andorinha\/","title":{"rendered":"Banco do Brasil atende solicita\u00e7\u00e3o do prefeito Renato Brand\u00e3o e confirma reabertura da ag\u00eancia em Andorinha"},"content":{"rendered":"\n<div class=\"wp-block-image\"><figure class=\"alignright is-resized\"><img data-recalc-dims=\"1\" fetchpriority=\"high\" decoding=\"async\" src=\"https:\/\/i0.wp.com\/blogdoeloiltoncajuhy.com.br\/site\/wp-content\/uploads\/2018\/12\/renato-BB.jpg?resize=380%2C285\" alt=\"\" class=\"wp-image-29869\" width=\"380\" height=\"285\" srcset=\"https:\/\/i0.wp.com\/blogdoeloiltoncajuhy.com.br\/site\/wp-content\/uploads\/2018\/12\/renato-BB.jpg?resize=1024%2C768&amp;ssl=1 1024w, https:\/\/i0.wp.com\/blogdoeloiltoncajuhy.com.br\/site\/wp-content\/uploads\/2018\/12\/renato-BB.jpg?resize=300%2C225&amp;ssl=1 300w, https:\/\/i0.wp.com\/blogdoeloiltoncajuhy.com.br\/site\/wp-content\/uploads\/2018\/12\/renato-BB.jpg?resize=768%2C576&amp;ssl=1 768w, https:\/\/i0.wp.com\/blogdoeloiltoncajuhy.com.br\/site\/wp-content\/uploads\/2018\/12\/renato-BB.jpg?resize=250%2C188&amp;ssl=1 250w, https:\/\/i0.wp.com\/blogdoeloiltoncajuhy.com.br\/site\/wp-content\/uploads\/2018\/12\/renato-BB.jpg?w=1152&amp;ssl=1 1152w\" sizes=\"(max-width: 380px) 100vw, 380px\" \/><\/figure><\/div>\n\n\n\n<p>O prefeito Renato Brand\u00e3o recebeu comunicado favor\u00e1vel do Banco do Brasil em rela\u00e7\u00e3o a solicita\u00e7\u00e3o ocorrida h\u00e1 alguns dias sobre a reabertura da ag\u00eancia no munic\u00edpio.<\/p>\n\n\n\n<p>O parecer pela reabertura da ag\u00eancia foi anunciado na tarde desta ter\u00e7a-feira (11), durante reuni\u00e3o com superintendente da institui\u00e7\u00e3o, Cristiano Jos\u00e9 dos Santos Carvalho, em Salvador. A autoriza\u00e7\u00e3o foi concedida em Bras\u00edlia pela diretoria do banco.<\/p>\n\n\n\n<p><em>\u201cFico muito feliz e agrade\u00e7o a toda dire\u00e7\u00e3o do Banco do Brasil, os nossos vereadores de situa\u00e7\u00e3o que tamb\u00e9m encamparam essa luta, e   o deputado Euclides Fernandes pelo empenho e atua\u00e7\u00e3o em defesa dos interesses da popula\u00e7\u00e3o. A reabertura da ag\u00eancia \u00e9 de fundamental import\u00e2ncia para a economia do munic\u00edpio, uma vez que significa circula\u00e7\u00e3o de dinheiro dentro da pr\u00f3pria cidade\u201d<\/em>, disse Renato.<\/p>\n\n\n\n<p>O BB confirmou o atendimento do pleito, ap\u00f3s a realiza\u00e7\u00e3o de an\u00e1lises t\u00e9cnicas que consideraram aspectos relacionados \u00e0 seguran\u00e7a pessoal (clientes, funcion\u00e1rios e colaboradores) e patrimonial, e de ordens estrat\u00e9gica e econ\u00f4mico-financeira.<\/p>\n\n\n\n<p>Segundo o chefe do executivo andorinhense, uma licita\u00e7\u00e3o ser\u00e1 realizada pelo Banco do Brasil  para escolha da empresa que ser\u00e1 respons\u00e1vel pela recupera\u00e7\u00e3o da estrutura f\u00edsica do im\u00f3vel.<\/p>\n\n\n\n<p><em>\u201cA nossa expectativa \u00e9 que a ag\u00eancia volte a funcionar com a mesma estrutura ainda no primeiro semestre de 2019\u201d<\/em>, salientou Renato.<\/p>\n\n\n\n<p>A ag\u00eancia do Banco do Brasil de Andorinha est\u00e1 sem funcionar desde que foi explodida e assaltada por bandidos fortemente armados no in\u00edcio do m\u00eas de novembro deste ano.<\/p>\n\n\n\n<p><strong><em>Ascom Prefeitura Municipal de Andorinha_BA<\/em><\/strong><\/p>\n","protected":false},"excerpt":{"rendered":"<p>O prefeito Renato Brand\u00e3o recebeu comunicado favor\u00e1vel do Banco do Brasil em rela\u00e7\u00e3o a solicita\u00e7\u00e3o ocorrida h\u00e1 alguns dias sobre a reabertura da ag\u00eancia no munic\u00edpio. O parecer pela reabertura da ag\u00eancia foi anunciado na tarde desta ter\u00e7a-feira (11), durante reuni\u00e3o com superintendente da institui\u00e7\u00e3o, Cristiano Jos\u00e9 dos Santos Carvalho, em Salvador. A autoriza\u00e7\u00e3o foi [&hellip;]<\/p>\n","protected":false},"author":2,"featured_media":29869,"comment_status":"open","ping_status":"open","sticky":false,"template":"","format":"standard","meta":{"_acf_changed":false,"_monsterinsights_skip_tracking":false,"_monsterinsights_sitenote_active":false,"_monsterinsights_sitenote_note":"","_monsterinsights_sitenote_category":0,"_jetpack_memberships_contains_paid_content":false,"footnotes":"","jetpack_publicize_message":"","jetpack_publicize_feature_enabled":true,"jetpack_social_post_already_shared":true,"jetpack_social_options":{"image_generator_settings":{"template":"highway","default_image_id":0,"font":"","enabled":false},"version":2}},"categories":[1],"tags":[],"class_list":["post-29868","post","type-post","status-publish","format-standard","has-post-thumbnail","hentry","category-noticias"],"acf":[],"jetpack_publicize_connections":[],"jetpack_featured_media_url":"https:\/\/i0.wp.com\/blogdoeloiltoncajuhy.com.br\/site\/wp-content\/uploads\/2018\/12\/renato-BB.jpg?fit=1152%2C864&ssl=1","jetpack_sharing_enabled":true,"publishpress_future_workflow_manual_trigger":{"enabledWorkflows":[]},"_links":{"self":[{"href":"https:\/\/blogdoeloiltoncajuhy.com.br\/site\/wp-json\/wp\/v2\/posts\/29868","targetHints":{"allow":["GET"]}}],"collection":[{"href":"https:\/\/blogdoeloiltoncajuhy.com.br\/site\/wp-json\/wp\/v2\/posts"}],"about":[{"href":"https:\/\/blogdoeloiltoncajuhy.com.br\/site\/wp-json\/wp\/v2\/types\/post"}],"author":[{"embeddable":true,"href":"https:\/\/blogdoeloiltoncajuhy.com.br\/site\/wp-json\/wp\/v2\/users\/2"}],"replies":[{"embeddable":true,"href":"https:\/\/blogdoeloiltoncajuhy.com.br\/site\/wp-json\/wp\/v2\/comments?post=29868"}],"version-history":[{"count":1,"href":"https:\/\/blogdoeloiltoncajuhy.com.br\/site\/wp-json\/wp\/v2\/posts\/29868\/revisions"}],"predecessor-version":[{"id":29870,"href":"https:\/\/blogdoeloiltoncajuhy.com.br\/site\/wp-json\/wp\/v2\/posts\/29868\/revisions\/29870"}],"wp:featuredmedia":[{"embeddable":true,"href":"https:\/\/blogdoeloiltoncajuhy.com.br\/site\/wp-json\/wp\/v2\/media\/29869"}],"wp:attachment":[{"href":"https:\/\/blogdoeloiltoncajuhy.com.br\/site\/wp-json\/wp\/v2\/media?parent=29868"}],"wp:term":[{"taxonomy":"category","embeddable":true,"href":"https:\/\/blogdoeloiltoncajuhy.com.br\/site\/wp-json\/wp\/v2\/categories?post=29868"},{"taxonomy":"post_tag","embeddable":true,"href":"https:\/\/blogdoeloiltoncajuhy.com.br\/site\/wp-json\/wp\/v2\/tags?post=29868"}],"curies":[{"name":"wp","href":"https:\/\/api.w.org\/{rel}","templated":true}]}}