{"id":29865,"date":"2018-12-11T20:31:52","date_gmt":"2018-12-11T23:31:52","guid":{"rendered":"http:\/\/blogdoeloiltoncajuhy.com.br\/site\/?p=29865"},"modified":"2018-12-11T20:31:58","modified_gmt":"2018-12-11T23:31:58","slug":"prefeitura-de-jaguarari-informa","status":"publish","type":"post","link":"https:\/\/blogdoeloiltoncajuhy.com.br\/site\/prefeitura-de-jaguarari-informa\/","title":{"rendered":"Prefeitura de Jaguarari informa"},"content":{"rendered":"\n<figure class=\"wp-block-image\"><img data-recalc-dims=\"1\" fetchpriority=\"high\" decoding=\"async\" width=\"800\" height=\"402\" src=\"https:\/\/i0.wp.com\/blogdoeloiltoncajuhy.com.br\/site\/wp-content\/uploads\/2018\/12\/Jaguarari_informe.jpg?resize=800%2C402\" alt=\"\" class=\"wp-image-29866\" srcset=\"https:\/\/i0.wp.com\/blogdoeloiltoncajuhy.com.br\/site\/wp-content\/uploads\/2018\/12\/Jaguarari_informe.jpg?resize=1024%2C514&amp;ssl=1 1024w, https:\/\/i0.wp.com\/blogdoeloiltoncajuhy.com.br\/site\/wp-content\/uploads\/2018\/12\/Jaguarari_informe.jpg?resize=300%2C150&amp;ssl=1 300w, https:\/\/i0.wp.com\/blogdoeloiltoncajuhy.com.br\/site\/wp-content\/uploads\/2018\/12\/Jaguarari_informe.jpg?resize=768%2C385&amp;ssl=1 768w, https:\/\/i0.wp.com\/blogdoeloiltoncajuhy.com.br\/site\/wp-content\/uploads\/2018\/12\/Jaguarari_informe.jpg?resize=250%2C125&amp;ssl=1 250w, https:\/\/i0.wp.com\/blogdoeloiltoncajuhy.com.br\/site\/wp-content\/uploads\/2018\/12\/Jaguarari_informe.jpg?w=1280&amp;ssl=1 1280w\" sizes=\"(max-width: 800px) 100vw, 800px\" \/><\/figure>\n\n\n\n<p>A Prefeitura de Jaguarari, atrav\u00e9s da Secretaria de Agricultura, comunica aos agricultores familiares do munic\u00edpio que o t\u00e9cnico da Bahiater estar\u00e1 atendendo todas as ter\u00e7as-feiras na sede da Semagri, realizando a renova\u00e7\u00e3o e cadastramento da Declara\u00e7\u00e3o de Aptid\u00e3o ao PRONAF \u2013 DAP &#8211; B, vencida e entrega das mesmas, al\u00e9m de vistorias para elabora\u00e7\u00e3o de DAP Vari\u00e1vel. O retorno do atendimento aos agricultores familiares do munic\u00edpio acontece j\u00e1 a partir da pr\u00f3xima a ter\u00e7a-feira (18).<\/p>\n\n\n\n<p><strong><em>ASCOM &#8211; Prefeitura de Jaguarari<\/em><\/strong><\/p>\n","protected":false},"excerpt":{"rendered":"<p>A Prefeitura de Jaguarari, atrav\u00e9s da Secretaria de Agricultura, comunica aos agricultores familiares do munic\u00edpio que o t\u00e9cnico da Bahiater estar\u00e1 atendendo todas as ter\u00e7as-feiras na sede da Semagri, realizando a renova\u00e7\u00e3o e cadastramento da Declara\u00e7\u00e3o de Aptid\u00e3o ao PRONAF \u2013 DAP &#8211; B, vencida e entrega das mesmas, al\u00e9m de vistorias para elabora\u00e7\u00e3o de [&hellip;]<\/p>\n","protected":false},"author":2,"featured_media":29866,"comment_status":"open","ping_status":"open","sticky":false,"template":"","format":"standard","meta":{"_acf_changed":false,"_monsterinsights_skip_tracking":false,"_monsterinsights_sitenote_active":false,"_monsterinsights_sitenote_note":"","_monsterinsights_sitenote_category":0,"_jetpack_memberships_contains_paid_content":false,"footnotes":"","jetpack_publicize_message":"","jetpack_publicize_feature_enabled":true,"jetpack_social_post_already_shared":true,"jetpack_social_options":{"image_generator_settings":{"template":"highway","default_image_id":0,"font":"","enabled":false},"version":2}},"categories":[1,11],"tags":[],"class_list":["post-29865","post","type-post","status-publish","format-standard","has-post-thumbnail","hentry","category-noticias","category-regional"],"acf":[],"jetpack_publicize_connections":[],"jetpack_featured_media_url":"https:\/\/i0.wp.com\/blogdoeloiltoncajuhy.com.br\/site\/wp-content\/uploads\/2018\/12\/Jaguarari_informe.jpg?fit=1280%2C642&ssl=1","jetpack_sharing_enabled":true,"publishpress_future_workflow_manual_trigger":{"enabledWorkflows":[]},"_links":{"self":[{"href":"https:\/\/blogdoeloiltoncajuhy.com.br\/site\/wp-json\/wp\/v2\/posts\/29865","targetHints":{"allow":["GET"]}}],"collection":[{"href":"https:\/\/blogdoeloiltoncajuhy.com.br\/site\/wp-json\/wp\/v2\/posts"}],"about":[{"href":"https:\/\/blogdoeloiltoncajuhy.com.br\/site\/wp-json\/wp\/v2\/types\/post"}],"author":[{"embeddable":true,"href":"https:\/\/blogdoeloiltoncajuhy.com.br\/site\/wp-json\/wp\/v2\/users\/2"}],"replies":[{"embeddable":true,"href":"https:\/\/blogdoeloiltoncajuhy.com.br\/site\/wp-json\/wp\/v2\/comments?post=29865"}],"version-history":[{"count":1,"href":"https:\/\/blogdoeloiltoncajuhy.com.br\/site\/wp-json\/wp\/v2\/posts\/29865\/revisions"}],"predecessor-version":[{"id":29867,"href":"https:\/\/blogdoeloiltoncajuhy.com.br\/site\/wp-json\/wp\/v2\/posts\/29865\/revisions\/29867"}],"wp:featuredmedia":[{"embeddable":true,"href":"https:\/\/blogdoeloiltoncajuhy.com.br\/site\/wp-json\/wp\/v2\/media\/29866"}],"wp:attachment":[{"href":"https:\/\/blogdoeloiltoncajuhy.com.br\/site\/wp-json\/wp\/v2\/media?parent=29865"}],"wp:term":[{"taxonomy":"category","embeddable":true,"href":"https:\/\/blogdoeloiltoncajuhy.com.br\/site\/wp-json\/wp\/v2\/categories?post=29865"},{"taxonomy":"post_tag","embeddable":true,"href":"https:\/\/blogdoeloiltoncajuhy.com.br\/site\/wp-json\/wp\/v2\/tags?post=29865"}],"curies":[{"name":"wp","href":"https:\/\/api.w.org\/{rel}","templated":true}]}}