{"id":29860,"date":"2018-12-11T20:05:45","date_gmt":"2018-12-11T23:05:45","guid":{"rendered":"http:\/\/blogdoeloiltoncajuhy.com.br\/site\/?p=29860"},"modified":"2018-12-11T20:07:32","modified_gmt":"2018-12-11T23:07:32","slug":"video-imagem-mostra-momento-do-tiroteio-que-matou-cinco-na-catedral-de-campinas","status":"publish","type":"post","link":"https:\/\/blogdoeloiltoncajuhy.com.br\/site\/video-imagem-mostra-momento-do-tiroteio-que-matou-cinco-na-catedral-de-campinas\/","title":{"rendered":"V\u00cdDEO: imagem mostra momento do tiroteio que matou cinco na Catedral de Campinas"},"content":{"rendered":"\n<h5 class=\"wp-block-heading\" style=\"text-align:center\"><em>Circuito de seguran\u00e7a da igreja registrou momento em que atirador levanta e abre fogo dentro da igreja. Euler Fernando Grandolpho matou quatro pessoas e se matou em seguida<\/em><\/h5>\n\n\n\n<p><strong>Por G1 Campinas e Regi\u00e3o<\/strong><\/p>\n\n\n\n<figure class=\"wp-block-embed-youtube wp-block-embed is-type-video is-provider-youtube wp-embed-aspect-16-9 wp-has-aspect-ratio\"><div class=\"wp-block-embed__wrapper\">\n<iframe title=\"C\u00e2mera interna mostra a\u00e7\u00e3o de atirador na catedral de Campinas\" width=\"800\" height=\"450\" src=\"https:\/\/www.youtube.com\/embed\/Y64ijvO-f14?feature=oembed\" frameborder=\"0\" allow=\"accelerometer; autoplay; encrypted-media; gyroscope; picture-in-picture\" allowfullscreen><\/iframe>\n<\/div><figcaption>Homem abre fogo contra pessoas dentro de catedral em Campinas<\/figcaption><\/figure>\n\n\n\n<p>Um v\u00eddeo do circuito de seguran\u00e7a da Catedral Metropolitana de Campinas (SP) registrou o momento em que um atirador abre fogo contra fi\u00e9is durante uma missa no in\u00edcio da tarde desta ter\u00e7a-feira (11). Euler Fernando Grandolpho matou quatro pessoas e depois se matou ainda dentro da igreja. No total, nove pessoas ficaram feridas.<\/p>\n\n\n\n<p>Nas imagens, \u00e9 poss\u00edvel observar que o homem levanta, atira primeiro em tr\u00eas pessoas que estavam no banco atr\u00e1s do dele, e come\u00e7a a andar atirando de maneira aleat\u00f3ria. O v\u00eddeo ainda mostra algumas pessoas correndo para fora da igreja.<\/p>\n\n\n\n<figure class=\"wp-block-image\"><img data-recalc-dims=\"1\" fetchpriority=\"high\" decoding=\"async\" width=\"800\" height=\"450\" src=\"https:\/\/i0.wp.com\/blogdoeloiltoncajuhy.com.br\/site\/wp-content\/uploads\/2018\/12\/catedral_campinas_sp.jpeg?resize=800%2C450\" alt=\"\" class=\"wp-image-29861\" srcset=\"https:\/\/i0.wp.com\/blogdoeloiltoncajuhy.com.br\/site\/wp-content\/uploads\/2018\/12\/catedral_campinas_sp.jpeg?w=984&amp;ssl=1 984w, https:\/\/i0.wp.com\/blogdoeloiltoncajuhy.com.br\/site\/wp-content\/uploads\/2018\/12\/catedral_campinas_sp.jpeg?resize=300%2C169&amp;ssl=1 300w, https:\/\/i0.wp.com\/blogdoeloiltoncajuhy.com.br\/site\/wp-content\/uploads\/2018\/12\/catedral_campinas_sp.jpeg?resize=768%2C432&amp;ssl=1 768w, https:\/\/i0.wp.com\/blogdoeloiltoncajuhy.com.br\/site\/wp-content\/uploads\/2018\/12\/catedral_campinas_sp.jpeg?resize=250%2C141&amp;ssl=1 250w\" sizes=\"(max-width: 800px) 100vw, 800px\" \/><figcaption>Catedral de Campinas \u2014 Foto: Fernando Evans\/G1<\/figcaption><\/figure>\n\n\n\n<h2 class=\"wp-block-heading\">O que j\u00e1 se sabe sobre o ocorrido:<\/h2>\n\n\n\n<ul class=\"wp-block-list\"><li>Uma missa havia come\u00e7ado \u00e0s 12h15;<\/li><li>Um homem entrou armado na Catedral, por volta das 13h;<\/li><li>Ele sentou em um dos bancos da igreja e, ao final da celebra\u00e7\u00e3o, disparou cerca de 20 tiros;<\/li><li>Ele matou quatro homens: Sidnei Vitor Monteiro, Jos\u00e9 Eudes Gonzaga, Cristofer Gon\u00e7alves dos Santos e Elp\u00eddio Alves Coutinho; e cometeu suic\u00eddio na sequ\u00eancia;<\/li><li>Quatro pessoas foram atingidas pelos disparos e ficaram feridas;<\/li><li>A motiva\u00e7\u00e3o do crime \u00e9 investigada pela pol\u00edcia;<\/li><li>Os feridos foram levados ao M\u00e1rio Gatti, Benefic\u00eancia Portuguesa e Hospital de Cl\u00ednicas (HC) da Unicamp &#8211; veja, abaixo, o estado de sa\u00fade de cada um deles;<\/li><li>Para a pol\u00edcia, o atirador &#8220;executou um plano que tinha na cabe\u00e7a&#8221;;<\/li><li>O atirador foi identificado como Euler Fernando Grandolpho, de 49 anos &#8211; ele chegou a trabalhar no Minist\u00e9rio P\u00fablico como auxiliar de promotoria, mas saiu do \u00f3rg\u00e3o em 2014<\/li><li>Segundo a Pol\u00edcia Civil, o atirador fez tratamento de depress\u00e3o, era recluso, morava com os pais e tinha um &#8220;perfil estranho&#8221;.<\/li><\/ul>\n\n\n\n<p>O delegado do 1\u00ba Distrito Policial, Hamilton Caviola Filho, viu imagens do circuito de seguran\u00e7a dentro da igreja no momento da a\u00e7\u00e3o. Ele estima pelo menos 20 disparos.<\/p>\n\n\n\n<p><em>&#8220;Ele sentou a uns dez metros para a frente da porta. Ele n\u00e3o entrou atirando, primeiro ele senta em um banco&#8221;, afirma. De acordo com o delegado, logo ap\u00f3s a entrada do atirador, tr\u00eas pessoas sentaram no banco atr\u00e1s dele e foram as primeiras a serem atingidas. Entre elas, uma morreu.<br>&#8220;Ele usou uma arma, mas estava com duas. Motiva\u00e7\u00e3o a gente s\u00f3 vai saber quando identificar, para saber o hist\u00f3rico dele. Eu estou me reportando \u00e0s imagens. Ele [atirador] parou, pensou e executou o plano que tinha na cabe\u00e7a [\u2026] Ele se matou, mas o policial deve ter alvejado ele porque estava com um tiro na costela, depois desse tiro ele caiu e se matou&#8221;<\/em>, diz o delegado.<\/p>\n\n\n\n<h2 class=\"wp-block-heading\">Quem \u00e9 o atirador?<br><\/h2>\n\n\n\n<p>Euler Fernando Grandolpho tinha 49 anos e Carteira Nacional de Habilita\u00e7\u00e3o (CNH) registrada em Valinhos (SP). O delegado Jos\u00e9 Henrique Ventura, chefe da Pol\u00edcia Civil de Campinas, afirmou que a profiss\u00e3o do atirador era analista de sistemas. &#8220;N\u00e3o temos at\u00e9 o momento nenhuma informa\u00e7\u00e3o sobre motiva\u00e7\u00e3o&#8221;, explica.<\/p>\n\n\n\n<p>Al\u00e9m disso, segundo a Pol\u00edcia Civil, o atirador n\u00e3o tinha antecedentes criminais e um delegado j\u00e1 foi at\u00e9 a casa onde ele morava para ver com quem morava e se no local s\u00e3o encontradas informa\u00e7\u00f5es relevantes.<\/p>\n\n\n\n<div class=\"wp-block-image\"><figure class=\"aligncenter is-resized\"><img data-recalc-dims=\"1\" decoding=\"async\" src=\"https:\/\/i0.wp.com\/blogdoeloiltoncajuhy.com.br\/site\/wp-content\/uploads\/2018\/12\/catedral_campinas_sp-atirador.jpg?resize=541%2C601\" alt=\"\" class=\"wp-image-29862\" width=\"541\" height=\"601\" srcset=\"https:\/\/i0.wp.com\/blogdoeloiltoncajuhy.com.br\/site\/wp-content\/uploads\/2018\/12\/catedral_campinas_sp-atirador.jpg?resize=921%2C1024&amp;ssl=1 921w, https:\/\/i0.wp.com\/blogdoeloiltoncajuhy.com.br\/site\/wp-content\/uploads\/2018\/12\/catedral_campinas_sp-atirador.jpg?resize=270%2C300&amp;ssl=1 270w, https:\/\/i0.wp.com\/blogdoeloiltoncajuhy.com.br\/site\/wp-content\/uploads\/2018\/12\/catedral_campinas_sp-atirador.jpg?resize=768%2C854&amp;ssl=1 768w, https:\/\/i0.wp.com\/blogdoeloiltoncajuhy.com.br\/site\/wp-content\/uploads\/2018\/12\/catedral_campinas_sp-atirador.jpg?resize=225%2C250&amp;ssl=1 225w, https:\/\/i0.wp.com\/blogdoeloiltoncajuhy.com.br\/site\/wp-content\/uploads\/2018\/12\/catedral_campinas_sp-atirador.jpg?w=984&amp;ssl=1 984w\" sizes=\"(max-width: 541px) 100vw, 541px\" \/><figcaption>A CNH do atirador que matou quatro pessoas em Campinas \u2014 Foto: Fernando Evans\/G1<\/figcaption><\/figure><\/div>\n","protected":false},"excerpt":{"rendered":"<p>Circuito de seguran\u00e7a da igreja registrou momento em que atirador levanta e abre fogo dentro da igreja. Euler Fernando Grandolpho matou quatro pessoas e se matou em seguida Por G1 Campinas e Regi\u00e3o Um v\u00eddeo do circuito de seguran\u00e7a da Catedral Metropolitana de Campinas (SP) registrou o momento em que um atirador abre fogo contra [&hellip;]<\/p>\n","protected":false},"author":2,"featured_media":29862,"comment_status":"open","ping_status":"open","sticky":false,"template":"","format":"standard","meta":{"_acf_changed":false,"_monsterinsights_skip_tracking":false,"_monsterinsights_sitenote_active":false,"_monsterinsights_sitenote_note":"","_monsterinsights_sitenote_category":0,"_jetpack_memberships_contains_paid_content":false,"footnotes":"","jetpack_publicize_message":"","jetpack_publicize_feature_enabled":true,"jetpack_social_post_already_shared":true,"jetpack_social_options":{"image_generator_settings":{"template":"highway","default_image_id":0,"font":"","enabled":false},"version":2}},"categories":[5,1],"tags":[],"class_list":["post-29860","post","type-post","status-publish","format-standard","has-post-thumbnail","hentry","category-cotidiano","category-noticias"],"acf":[],"jetpack_publicize_connections":[],"jetpack_featured_media_url":"https:\/\/i0.wp.com\/blogdoeloiltoncajuhy.com.br\/site\/wp-content\/uploads\/2018\/12\/catedral_campinas_sp-atirador.jpg?fit=984%2C1094&ssl=1","jetpack_sharing_enabled":true,"publishpress_future_workflow_manual_trigger":{"enabledWorkflows":[]},"_links":{"self":[{"href":"https:\/\/blogdoeloiltoncajuhy.com.br\/site\/wp-json\/wp\/v2\/posts\/29860","targetHints":{"allow":["GET"]}}],"collection":[{"href":"https:\/\/blogdoeloiltoncajuhy.com.br\/site\/wp-json\/wp\/v2\/posts"}],"about":[{"href":"https:\/\/blogdoeloiltoncajuhy.com.br\/site\/wp-json\/wp\/v2\/types\/post"}],"author":[{"embeddable":true,"href":"https:\/\/blogdoeloiltoncajuhy.com.br\/site\/wp-json\/wp\/v2\/users\/2"}],"replies":[{"embeddable":true,"href":"https:\/\/blogdoeloiltoncajuhy.com.br\/site\/wp-json\/wp\/v2\/comments?post=29860"}],"version-history":[{"count":2,"href":"https:\/\/blogdoeloiltoncajuhy.com.br\/site\/wp-json\/wp\/v2\/posts\/29860\/revisions"}],"predecessor-version":[{"id":29864,"href":"https:\/\/blogdoeloiltoncajuhy.com.br\/site\/wp-json\/wp\/v2\/posts\/29860\/revisions\/29864"}],"wp:featuredmedia":[{"embeddable":true,"href":"https:\/\/blogdoeloiltoncajuhy.com.br\/site\/wp-json\/wp\/v2\/media\/29862"}],"wp:attachment":[{"href":"https:\/\/blogdoeloiltoncajuhy.com.br\/site\/wp-json\/wp\/v2\/media?parent=29860"}],"wp:term":[{"taxonomy":"category","embeddable":true,"href":"https:\/\/blogdoeloiltoncajuhy.com.br\/site\/wp-json\/wp\/v2\/categories?post=29860"},{"taxonomy":"post_tag","embeddable":true,"href":"https:\/\/blogdoeloiltoncajuhy.com.br\/site\/wp-json\/wp\/v2\/tags?post=29860"}],"curies":[{"name":"wp","href":"https:\/\/api.w.org\/{rel}","templated":true}]}}