{"id":29855,"date":"2018-12-11T12:31:50","date_gmt":"2018-12-11T15:31:50","guid":{"rendered":"http:\/\/blogdoeloiltoncajuhy.com.br\/site\/?p=29855"},"modified":"2018-12-11T12:31:55","modified_gmt":"2018-12-11T15:31:55","slug":"medo-infantil-que-interfere-nas-atividades-e-causa-sintomas-fisicos-e-emocionais-precisa-ser-avaliado","status":"publish","type":"post","link":"https:\/\/blogdoeloiltoncajuhy.com.br\/site\/medo-infantil-que-interfere-nas-atividades-e-causa-sintomas-fisicos-e-emocionais-precisa-ser-avaliado\/","title":{"rendered":"Medo infantil que interfere nas atividades e causa sintomas f\u00edsicos e emocionais precisa ser avaliado"},"content":{"rendered":"\n<h5 class=\"wp-block-heading\" style=\"text-align:center\"><em>Medos na vida adulta podem ser resultado de experi\u00eancias traum\u00e1ticas na inf\u00e2ncia<\/em><\/h5>\n\n\n\n<div class=\"wp-block-image\"><figure class=\"aligncenter is-resized\"><img data-recalc-dims=\"1\" fetchpriority=\"high\" decoding=\"async\" src=\"https:\/\/i0.wp.com\/blogdoeloiltoncajuhy.com.br\/site\/wp-content\/uploads\/2018\/12\/medo-infantil.jpg?resize=557%2C372\" alt=\"\" class=\"wp-image-29856\" width=\"557\" height=\"372\" srcset=\"https:\/\/i0.wp.com\/blogdoeloiltoncajuhy.com.br\/site\/wp-content\/uploads\/2018\/12\/medo-infantil.jpg?w=500&amp;ssl=1 500w, https:\/\/i0.wp.com\/blogdoeloiltoncajuhy.com.br\/site\/wp-content\/uploads\/2018\/12\/medo-infantil.jpg?resize=300%2C200&amp;ssl=1 300w, https:\/\/i0.wp.com\/blogdoeloiltoncajuhy.com.br\/site\/wp-content\/uploads\/2018\/12\/medo-infantil.jpg?resize=250%2C167&amp;ssl=1 250w\" sizes=\"(max-width: 557px) 100vw, 557px\" \/><\/figure><\/div>\n\n\n\n<p>O medo \u00e9 um sentimento que todos os seres humanos podem sentir, sejam crian\u00e7as, adolescentes, adultos ou idosos. O medo \u00e9 uma maneira de se defender ou de se proteger de situa\u00e7\u00f5es <em>\u201caparentemente\u201d<\/em> amea\u00e7adoras. Mas, quando o medo \u00e9 excessivo e interfere no dia a dia, pode se tornar patol\u00f3gico, ou seja, uma doen\u00e7a.<\/p>\n\n\n\n<p><strong>De onde vem o medo?<br><\/strong><\/p>\n\n\n\n<p>Segundo a <strong>neuropediatra Dr\u00aa Andrea Weinmann<\/strong>, em geral, muitos medos na vida adulta resultam de experi\u00eancias traum\u00e1ticas ou mal resolvidas na inf\u00e2ncia. <em>\u201cO medo \u00e9 um sentimento despertado durante a inf\u00e2ncia. Por\u00e9m, \u00e9 a qualidade das experi\u00eancias vivenciadas que ir\u00e1 determinar o comportamento em outras fases da vida em rela\u00e7\u00e3o aos diferentes tipos de medo que a crian\u00e7a pode experimentar\u201d<\/em>.<\/p>\n\n\n\n<p><em>\u201cDurante o desenvolvimento infantil, acontecer\u00e3o diversas situa\u00e7\u00f5es em que a crian\u00e7a pode experimentar o medo. Por isso, os pais precisam ajudar a crian\u00e7a a superar seus medos, que s\u00e3o diferentes em cada fase da inf\u00e2ncia e adolesc\u00eancia\u201d<\/em>, explica Dr\u00aa Andrea.<\/p>\n\n\n\n<p>E aqui cabe uma ressalva: muitos medos s\u00e3o passados pelos pr\u00f3prios pais. <em>\u201cUm pai ou uma m\u00e3e que tem medo de aranha, por exemplo, pode transmiti-lo para os filhos, mesmo que de forma inconsciente\u201d<\/em>, comenta a neuropediatra.<\/p>\n\n\n\n<p><strong>Medos mais comuns<br><\/strong><\/p>\n\n\n\n<p>Em cada faixa et\u00e1ria, a crian\u00e7a ir\u00e1 experimentar um tipo de medo. <em>\u201cNos primeiros meses de vida, por exemplo, os beb\u00eas podem se assustar com barulhos altos. Um pouco mais tarde, o medo pode ser de pessoas estranhas, de lugares altos, da aus\u00eancia dos pais, entre outros\u201d<\/em>, cita Dr\u00aa Andrea.  <\/p>\n\n\n\n<p><em>\u201cPor volta dos dois anos, com a cogni\u00e7\u00e3o mais desenvolvida, al\u00e9m do medo da aus\u00eancia dos pais, a crian\u00e7a pode temer trov\u00f5es, sons de eletrodom\u00e9sticos, como aspiradores, liquidificadores, m\u00e9dicos e as criaturas imagin\u00e1rias, como bruxas e fantasmas\u201d<\/em>, diz a especialista.<\/p>\n\n\n\n<p>A neuropediatra comenta que entre os tr\u00eas e quatro anos, \u00e9 comum que as crian\u00e7as n\u00e3o gostem muito de personagens fantasiados, especialmente com o rosto coberto. <em>\u201c\u00c9 nessa fase tamb\u00e9m que as crian\u00e7as podem come\u00e7ar a sentir medo de animais, especialmente de insetos\u201d<\/em>.<\/p>\n\n\n\n<p>Depois dos cinco anos, os medos se tornam mais concretos, devido ao desenvolvimento cognitivo mais intenso.<\/p>\n\n\n\n<p><em>\u201cCom isso, o medo estar\u00e1 mais relacionado a experi\u00eancias cotidianas, como viol\u00eancia, medo de cair, de se machucar, de ficar sozinho, da viol\u00eancia urbana, entre outros. Aos seis anos ou mais, h\u00e1 um senso mais apurado da realidade e o medo tamb\u00e9m se torna mais palp\u00e1vel, com um refor\u00e7o mais intenso de perder os pais ou de ficar sozinho\u201d<\/em>, ressalta Dr\u00aa Andrea.<\/p>\n\n\n\n<p>Por\u00e9m, segundo a neuropediatra, nem todas as crian\u00e7as ir\u00e3o responder da mesma maneira aos est\u00edmulos que podem ser amea\u00e7adores. <em>\u201cNa verdade, h\u00e1 crian\u00e7as que adoram personagens mascarados e outras que sentem medo. A resposta ao medo \u00e9 individual\u201d<\/em>.  <\/p>\n\n\n\n<p><strong>Quando o medo da crian\u00e7a deve ser investigado<br><\/strong><\/p>\n\n\n\n<p>De acordo com Dr\u00aa Andrea, os pais precisam ficar atentos a alguns sinais que podem indicar que o medo se tornou disfuncional.<\/p>\n\n\n\n<p><em>\u201cEm primeiro lugar, \u00e9 preciso entender se o medo est\u00e1 interferindo nas atividades di\u00e1rias, como dormir, comer, ir pra escola, brincar. O tempo \u00e9 um crit\u00e9rio importante tamb\u00e9m, ou seja, se esse medo j\u00e1 ultrapassou seis meses, \u00e9 importante investigar. Naturalmente, o medo patol\u00f3gico vai aumentar a ansiedade e a preocupa\u00e7\u00e3o da crian\u00e7a de maneira desproporcional aos est\u00edmulos\u201d<\/em>, cita Dr\u00aa Andrea.<\/p>\n\n\n\n<p>Um outro exemplo do medo que pode ser patol\u00f3gico \u00e9 quando ele n\u00e3o corresponde \u00e0 faixa et\u00e1ria. Ou seja, uma crian\u00e7a com mais de 10 anos com medo de seres sobrenaturais, como bruxas, vampiros ou monstros \u00e9 um sinal de alerta. Lembrando ainda que o medo de ir para a escola pode tamb\u00e9m estar associado ao bullying e \u00e9 preciso investigar.  <\/p>\n\n\n\n<p>Por fim, Dr\u00aa Andrea ressalta ainda que o medo patol\u00f3gico tamb\u00e9m pode gerar sintomas como enjoo, dor de barriga, cabe\u00e7a, tontura, falta de ar, irritabilidade, choro inconsol\u00e1vel e sem motivo aparente, ins\u00f4nia, falta de apetite, sudorese excessiva, entre outras manifesta\u00e7\u00f5es f\u00edsicas e emocionais.<\/p>\n\n\n\n<p><strong>Dicas para os pais<\/strong><br><strong><em>&#8211; Voc\u00ea \u00e9 o exemplo:<\/em><\/strong> Tudo bem se voc\u00ea morre de medo de barata, de pegar um avi\u00e3o ou de ser picado por uma abelha. Mas, lembre-se de que o medo \u00e9 seu e n\u00e3o do seu filho. N\u00e3o demonstre o seu medo para a crian\u00e7a, pois pode aumentar a chance de ela desenvolver mais tarde a mesma fobia.<br><\/p>\n\n\n\n<p><strong><em>&#8211; Escuta ativa:<\/em><\/strong> Jamais despreze o medo da crian\u00e7a. Ou\u00e7a atentamente o que ela tem a dizer. Dependendo da idade, n\u00e3o adianta dar uma explica\u00e7\u00e3o l\u00f3gica, como <em>\u2018fantasmas n\u00e3o existem\u2019<\/em>. Procure trabalhar o tema de forma l\u00fadica. Se for o caso, pe\u00e7a ajuda de um psic\u00f3logo ou da escola.<br><\/p>\n\n\n\n<p><strong><em>&#8211; Cuidado com a internet:<\/em><\/strong> Infelizmente, muitos pais n\u00e3o controlam o conte\u00fado que as crian\u00e7as acessam no celular, computador e na TV. H\u00e1 programas, filmes e at\u00e9 mesmo jogos que s\u00e3o inadequados para as crian\u00e7as, principalmente aqueles que envolvem seres sobrenaturais e viol\u00eancia. As crian\u00e7as n\u00e3o t\u00eam maturidade emocional para diferenciar a realidade da fic\u00e7\u00e3o. Portanto, procure uma maneira de monitorar o conte\u00fado acessado.<br><\/p>\n\n\n\n<p><strong><em>&#8211; Sinais de alerta:<\/em><\/strong> Fique atento aos sinais de alerta, mudan\u00e7as bruscas de comportamento, como os citados acima. Busque ajuda, seja na escola, de um neuropediatra, do pediatra ou de um psic\u00f3logo<\/p>\n\n\n\n<p><strong><em>Leda Sangiorgio<br><\/em><\/strong><em>Assessoria de Imprensa<br>(11) 98902-0053<br>leda@agenciahealth.com.br<\/em><\/p>\n","protected":false},"excerpt":{"rendered":"<p>Medos na vida adulta podem ser resultado de experi\u00eancias traum\u00e1ticas na inf\u00e2ncia O medo \u00e9 um sentimento que todos os seres humanos podem sentir, sejam crian\u00e7as, adolescentes, adultos ou idosos. O medo \u00e9 uma maneira de se defender ou de se proteger de situa\u00e7\u00f5es \u201caparentemente\u201d amea\u00e7adoras. Mas, quando o medo \u00e9 excessivo e interfere no [&hellip;]<\/p>\n","protected":false},"author":2,"featured_media":29856,"comment_status":"open","ping_status":"open","sticky":false,"template":"","format":"standard","meta":{"_acf_changed":false,"_monsterinsights_skip_tracking":false,"_monsterinsights_sitenote_active":false,"_monsterinsights_sitenote_note":"","_monsterinsights_sitenote_category":0,"_jetpack_memberships_contains_paid_content":false,"footnotes":"","jetpack_publicize_message":"","jetpack_publicize_feature_enabled":true,"jetpack_social_post_already_shared":true,"jetpack_social_options":{"image_generator_settings":{"template":"highway","default_image_id":0,"font":"","enabled":false},"version":2}},"categories":[14,1,7],"tags":[],"class_list":["post-29855","post","type-post","status-publish","format-standard","has-post-thumbnail","hentry","category-educacao","category-noticias","category-saude"],"acf":[],"jetpack_publicize_connections":[],"jetpack_featured_media_url":"https:\/\/i0.wp.com\/blogdoeloiltoncajuhy.com.br\/site\/wp-content\/uploads\/2018\/12\/medo-infantil.jpg?fit=500%2C334&ssl=1","jetpack_sharing_enabled":true,"publishpress_future_workflow_manual_trigger":{"enabledWorkflows":[]},"_links":{"self":[{"href":"https:\/\/blogdoeloiltoncajuhy.com.br\/site\/wp-json\/wp\/v2\/posts\/29855","targetHints":{"allow":["GET"]}}],"collection":[{"href":"https:\/\/blogdoeloiltoncajuhy.com.br\/site\/wp-json\/wp\/v2\/posts"}],"about":[{"href":"https:\/\/blogdoeloiltoncajuhy.com.br\/site\/wp-json\/wp\/v2\/types\/post"}],"author":[{"embeddable":true,"href":"https:\/\/blogdoeloiltoncajuhy.com.br\/site\/wp-json\/wp\/v2\/users\/2"}],"replies":[{"embeddable":true,"href":"https:\/\/blogdoeloiltoncajuhy.com.br\/site\/wp-json\/wp\/v2\/comments?post=29855"}],"version-history":[{"count":1,"href":"https:\/\/blogdoeloiltoncajuhy.com.br\/site\/wp-json\/wp\/v2\/posts\/29855\/revisions"}],"predecessor-version":[{"id":29857,"href":"https:\/\/blogdoeloiltoncajuhy.com.br\/site\/wp-json\/wp\/v2\/posts\/29855\/revisions\/29857"}],"wp:featuredmedia":[{"embeddable":true,"href":"https:\/\/blogdoeloiltoncajuhy.com.br\/site\/wp-json\/wp\/v2\/media\/29856"}],"wp:attachment":[{"href":"https:\/\/blogdoeloiltoncajuhy.com.br\/site\/wp-json\/wp\/v2\/media?parent=29855"}],"wp:term":[{"taxonomy":"category","embeddable":true,"href":"https:\/\/blogdoeloiltoncajuhy.com.br\/site\/wp-json\/wp\/v2\/categories?post=29855"},{"taxonomy":"post_tag","embeddable":true,"href":"https:\/\/blogdoeloiltoncajuhy.com.br\/site\/wp-json\/wp\/v2\/tags?post=29855"}],"curies":[{"name":"wp","href":"https:\/\/api.w.org\/{rel}","templated":true}]}}