{"id":29852,"date":"2018-12-11T10:49:32","date_gmt":"2018-12-11T13:49:32","guid":{"rendered":"http:\/\/blogdoeloiltoncajuhy.com.br\/site\/?p=29852"},"modified":"2018-12-11T10:49:38","modified_gmt":"2018-12-11T13:49:38","slug":"informativo-municipal-prefeitura-de-jaguarari","status":"publish","type":"post","link":"https:\/\/blogdoeloiltoncajuhy.com.br\/site\/informativo-municipal-prefeitura-de-jaguarari\/","title":{"rendered":"Informativo Municipal &#8211; Prefeitura de Jaguarari"},"content":{"rendered":"\n<div class=\"wp-block-image\"><figure class=\"aligncenter is-resized\"><img data-recalc-dims=\"1\" fetchpriority=\"high\" decoding=\"async\" src=\"https:\/\/i0.wp.com\/blogdoeloiltoncajuhy.com.br\/site\/wp-content\/uploads\/2018\/12\/Jaguarari_transporte-escolar_dez-2018.jpeg?resize=328%2C369\" alt=\"\" class=\"wp-image-29853\" width=\"328\" height=\"369\" srcset=\"https:\/\/i0.wp.com\/blogdoeloiltoncajuhy.com.br\/site\/wp-content\/uploads\/2018\/12\/Jaguarari_transporte-escolar_dez-2018.jpeg?resize=910%2C1024&amp;ssl=1 910w, https:\/\/i0.wp.com\/blogdoeloiltoncajuhy.com.br\/site\/wp-content\/uploads\/2018\/12\/Jaguarari_transporte-escolar_dez-2018.jpeg?resize=266%2C300&amp;ssl=1 266w, https:\/\/i0.wp.com\/blogdoeloiltoncajuhy.com.br\/site\/wp-content\/uploads\/2018\/12\/Jaguarari_transporte-escolar_dez-2018.jpeg?resize=768%2C865&amp;ssl=1 768w, https:\/\/i0.wp.com\/blogdoeloiltoncajuhy.com.br\/site\/wp-content\/uploads\/2018\/12\/Jaguarari_transporte-escolar_dez-2018.jpeg?resize=222%2C250&amp;ssl=1 222w, https:\/\/i0.wp.com\/blogdoeloiltoncajuhy.com.br\/site\/wp-content\/uploads\/2018\/12\/Jaguarari_transporte-escolar_dez-2018.jpeg?w=1137&amp;ssl=1 1137w\" sizes=\"(max-width: 328px) 100vw, 328px\" \/><\/figure><\/div>\n\n\n\n<p>A prefeitura de Jaguarari, atrav\u00e9s d\u00e1 Secretaria de Educa\u00e7\u00e3o, informa \u00e0 popula\u00e7\u00e3o que devido \u00e0s fortes chuvas que ca\u00edram em nosso munic\u00edpio, algumas rotas utilizadas pelo transporte de alunos ficaram sem condi\u00e7\u00f5es de tr\u00e1fego de ve\u00edculos a exemplo d\u00e1 regi\u00e3o de Macambira, Antas, Olhos D&#8217;\u00c1gua e alguns trechos da regi\u00e3o de Pilar e Santa Rosa. J\u00e1 iniciamos o processo de recupera\u00e7\u00e3o das estradas vicinais e logo o transporte escolar nessas localidades estar\u00e1 normalizado.<\/p>\n\n\n\n<p><strong>Contamos com a compreens\u00e3o de todos!<\/strong><\/p>\n\n\n\n<p><strong><em>ASCOM \u2013 Prefeitura de Jaguarari<\/em><\/strong><\/p>\n","protected":false},"excerpt":{"rendered":"<p>A prefeitura de Jaguarari, atrav\u00e9s d\u00e1 Secretaria de Educa\u00e7\u00e3o, informa \u00e0 popula\u00e7\u00e3o que devido \u00e0s fortes chuvas que ca\u00edram em nosso munic\u00edpio, algumas rotas utilizadas pelo transporte de alunos ficaram sem condi\u00e7\u00f5es de tr\u00e1fego de ve\u00edculos a exemplo d\u00e1 regi\u00e3o de Macambira, Antas, Olhos D&#8217;\u00c1gua e alguns trechos da regi\u00e3o de Pilar e Santa Rosa. [&hellip;]<\/p>\n","protected":false},"author":2,"featured_media":29853,"comment_status":"open","ping_status":"open","sticky":false,"template":"","format":"standard","meta":{"_acf_changed":false,"_monsterinsights_skip_tracking":false,"_monsterinsights_sitenote_active":false,"_monsterinsights_sitenote_note":"","_monsterinsights_sitenote_category":0,"_jetpack_memberships_contains_paid_content":false,"footnotes":"","jetpack_publicize_message":"","jetpack_publicize_feature_enabled":true,"jetpack_social_post_already_shared":true,"jetpack_social_options":{"image_generator_settings":{"template":"highway","default_image_id":0,"font":"","enabled":false},"version":2}},"categories":[14,1,11],"tags":[],"class_list":["post-29852","post","type-post","status-publish","format-standard","has-post-thumbnail","hentry","category-educacao","category-noticias","category-regional"],"acf":[],"jetpack_publicize_connections":[],"jetpack_featured_media_url":"https:\/\/i0.wp.com\/blogdoeloiltoncajuhy.com.br\/site\/wp-content\/uploads\/2018\/12\/Jaguarari_transporte-escolar_dez-2018.jpeg?fit=1137%2C1280&ssl=1","jetpack_sharing_enabled":true,"publishpress_future_workflow_manual_trigger":{"enabledWorkflows":[]},"_links":{"self":[{"href":"https:\/\/blogdoeloiltoncajuhy.com.br\/site\/wp-json\/wp\/v2\/posts\/29852","targetHints":{"allow":["GET"]}}],"collection":[{"href":"https:\/\/blogdoeloiltoncajuhy.com.br\/site\/wp-json\/wp\/v2\/posts"}],"about":[{"href":"https:\/\/blogdoeloiltoncajuhy.com.br\/site\/wp-json\/wp\/v2\/types\/post"}],"author":[{"embeddable":true,"href":"https:\/\/blogdoeloiltoncajuhy.com.br\/site\/wp-json\/wp\/v2\/users\/2"}],"replies":[{"embeddable":true,"href":"https:\/\/blogdoeloiltoncajuhy.com.br\/site\/wp-json\/wp\/v2\/comments?post=29852"}],"version-history":[{"count":1,"href":"https:\/\/blogdoeloiltoncajuhy.com.br\/site\/wp-json\/wp\/v2\/posts\/29852\/revisions"}],"predecessor-version":[{"id":29854,"href":"https:\/\/blogdoeloiltoncajuhy.com.br\/site\/wp-json\/wp\/v2\/posts\/29852\/revisions\/29854"}],"wp:featuredmedia":[{"embeddable":true,"href":"https:\/\/blogdoeloiltoncajuhy.com.br\/site\/wp-json\/wp\/v2\/media\/29853"}],"wp:attachment":[{"href":"https:\/\/blogdoeloiltoncajuhy.com.br\/site\/wp-json\/wp\/v2\/media?parent=29852"}],"wp:term":[{"taxonomy":"category","embeddable":true,"href":"https:\/\/blogdoeloiltoncajuhy.com.br\/site\/wp-json\/wp\/v2\/categories?post=29852"},{"taxonomy":"post_tag","embeddable":true,"href":"https:\/\/blogdoeloiltoncajuhy.com.br\/site\/wp-json\/wp\/v2\/tags?post=29852"}],"curies":[{"name":"wp","href":"https:\/\/api.w.org\/{rel}","templated":true}]}}