{"id":29846,"date":"2018-12-11T10:33:16","date_gmt":"2018-12-11T13:33:16","guid":{"rendered":"http:\/\/blogdoeloiltoncajuhy.com.br\/site\/?p=29846"},"modified":"2018-12-11T10:33:23","modified_gmt":"2018-12-11T13:33:23","slug":"em-cerimonia-de-diplomacao-bolsonaro-pede-confianca-daqueles-que-nao-o-apoiaram","status":"publish","type":"post","link":"https:\/\/blogdoeloiltoncajuhy.com.br\/site\/em-cerimonia-de-diplomacao-bolsonaro-pede-confianca-daqueles-que-nao-o-apoiaram\/","title":{"rendered":"Em cerim\u00f4nia de diploma\u00e7\u00e3o, Bolsonaro pede confian\u00e7a daqueles que n\u00e3o o apoiaram"},"content":{"rendered":"\n<div class=\"wp-block-image\"><figure class=\"aligncenter is-resized\"><img data-recalc-dims=\"1\" fetchpriority=\"high\" decoding=\"async\" src=\"https:\/\/i0.wp.com\/blogdoeloiltoncajuhy.com.br\/site\/wp-content\/uploads\/2018\/12\/TSE_WeberBolsonaro.jpeg?resize=603%2C292\" alt=\"\" class=\"wp-image-29847\" width=\"603\" height=\"292\" srcset=\"https:\/\/i0.wp.com\/blogdoeloiltoncajuhy.com.br\/site\/wp-content\/uploads\/2018\/12\/TSE_WeberBolsonaro.jpeg?w=543&amp;ssl=1 543w, https:\/\/i0.wp.com\/blogdoeloiltoncajuhy.com.br\/site\/wp-content\/uploads\/2018\/12\/TSE_WeberBolsonaro.jpeg?resize=300%2C145&amp;ssl=1 300w, https:\/\/i0.wp.com\/blogdoeloiltoncajuhy.com.br\/site\/wp-content\/uploads\/2018\/12\/TSE_WeberBolsonaro.jpeg?resize=250%2C121&amp;ssl=1 250w\" sizes=\"(max-width: 603px) 100vw, 603px\" \/><figcaption>Foto: TSE<\/figcaption><\/figure><\/div>\n\n\n\n<p>O presidente eleito, Jair Bolsonaro, do PSL, e o vice dele, Hamilton Mour\u00e3o, do PRTB, foram diplomados nessa segunda-feira (10) em uma cerim\u00f4nia no Tribunal Superior Eleitoral (TSE), em Bras\u00edlia.<\/p>\n\n\n\n<p>O discurso de diploma\u00e7\u00e3o de Bolsonaro durou exatos 10 minutos e teve tom conciliador.<\/p>\n\n\n\n<p>A presidente do TSE, ministra Rosa Weber, tamb\u00e9m discursou. Ela lembrou que a cerim\u00f4nia de diploma\u00e7\u00e3o coincidiu com a comemora\u00e7\u00e3o dos 70 anos da Declara\u00e7\u00e3o Universal dos Direitos Humanos. A ministra reiterou a import\u00e2ncia de se respeitar as pessoas, independente de cor, ra\u00e7a, pensamento pol\u00edtico, origem social e orienta\u00e7\u00e3o sexual.<\/p>\n\n\n\n<p>Rosa Weber discursou por 15 minutos e acrescentou que democracia n\u00e3o \u00e9 apenas exercer o direito de votar.<\/p>\n\n\n\n<p>A diploma\u00e7\u00e3o \u00e9 o ato por meio do qual a Justi\u00e7a Eleitoral atesta quem s\u00e3o, efetivamente, os eleitos. Somente a partir da diploma\u00e7\u00e3o que os candidatos podem tomar posse. A posse de Bolsonaro e Mour\u00e3o ser\u00e1 no dia 1\u00ba de janeiro.<\/p>\n\n\n\n<p>O primeiro presidente a receber o diploma eleitoral foi Eurico Gaspar Dutra, em 1946, mas a primeira cerim\u00f4nia nos moldes em que ocorreu agora foi em 1951, com o ent\u00e3o presidente eleito Get\u00falio Vargas.<\/p>\n\n\n\n<p><strong><em>Victor Ribeiro \/ Radioag\u00eancia Nacional<\/em><\/strong><\/p>\n","protected":false},"excerpt":{"rendered":"<p>O presidente eleito, Jair Bolsonaro, do PSL, e o vice dele, Hamilton Mour\u00e3o, do PRTB, foram diplomados nessa segunda-feira (10) em uma cerim\u00f4nia no Tribunal Superior Eleitoral (TSE), em Bras\u00edlia. O discurso de diploma\u00e7\u00e3o de Bolsonaro durou exatos 10 minutos e teve tom conciliador. A presidente do TSE, ministra Rosa Weber, tamb\u00e9m discursou. Ela lembrou [&hellip;]<\/p>\n","protected":false},"author":2,"featured_media":29847,"comment_status":"open","ping_status":"open","sticky":false,"template":"","format":"standard","meta":{"_acf_changed":false,"_monsterinsights_skip_tracking":false,"_monsterinsights_sitenote_active":false,"_monsterinsights_sitenote_note":"","_monsterinsights_sitenote_category":0,"_jetpack_memberships_contains_paid_content":false,"footnotes":"","jetpack_publicize_message":"","jetpack_publicize_feature_enabled":true,"jetpack_social_post_already_shared":true,"jetpack_social_options":{"image_generator_settings":{"template":"highway","default_image_id":0,"font":"","enabled":false},"version":2}},"categories":[1,3],"tags":[],"class_list":["post-29846","post","type-post","status-publish","format-standard","has-post-thumbnail","hentry","category-noticias","category-politica"],"acf":[],"jetpack_publicize_connections":[],"jetpack_featured_media_url":"https:\/\/i0.wp.com\/blogdoeloiltoncajuhy.com.br\/site\/wp-content\/uploads\/2018\/12\/TSE_WeberBolsonaro.jpeg?fit=543%2C263&ssl=1","jetpack_sharing_enabled":true,"publishpress_future_workflow_manual_trigger":{"enabledWorkflows":[]},"_links":{"self":[{"href":"https:\/\/blogdoeloiltoncajuhy.com.br\/site\/wp-json\/wp\/v2\/posts\/29846","targetHints":{"allow":["GET"]}}],"collection":[{"href":"https:\/\/blogdoeloiltoncajuhy.com.br\/site\/wp-json\/wp\/v2\/posts"}],"about":[{"href":"https:\/\/blogdoeloiltoncajuhy.com.br\/site\/wp-json\/wp\/v2\/types\/post"}],"author":[{"embeddable":true,"href":"https:\/\/blogdoeloiltoncajuhy.com.br\/site\/wp-json\/wp\/v2\/users\/2"}],"replies":[{"embeddable":true,"href":"https:\/\/blogdoeloiltoncajuhy.com.br\/site\/wp-json\/wp\/v2\/comments?post=29846"}],"version-history":[{"count":1,"href":"https:\/\/blogdoeloiltoncajuhy.com.br\/site\/wp-json\/wp\/v2\/posts\/29846\/revisions"}],"predecessor-version":[{"id":29848,"href":"https:\/\/blogdoeloiltoncajuhy.com.br\/site\/wp-json\/wp\/v2\/posts\/29846\/revisions\/29848"}],"wp:featuredmedia":[{"embeddable":true,"href":"https:\/\/blogdoeloiltoncajuhy.com.br\/site\/wp-json\/wp\/v2\/media\/29847"}],"wp:attachment":[{"href":"https:\/\/blogdoeloiltoncajuhy.com.br\/site\/wp-json\/wp\/v2\/media?parent=29846"}],"wp:term":[{"taxonomy":"category","embeddable":true,"href":"https:\/\/blogdoeloiltoncajuhy.com.br\/site\/wp-json\/wp\/v2\/categories?post=29846"},{"taxonomy":"post_tag","embeddable":true,"href":"https:\/\/blogdoeloiltoncajuhy.com.br\/site\/wp-json\/wp\/v2\/tags?post=29846"}],"curies":[{"name":"wp","href":"https:\/\/api.w.org\/{rel}","templated":true}]}}