{"id":29840,"date":"2018-12-10T20:01:57","date_gmt":"2018-12-10T23:01:57","guid":{"rendered":"http:\/\/blogdoeloiltoncajuhy.com.br\/site\/?p=29840"},"modified":"2018-12-10T20:03:07","modified_gmt":"2018-12-10T23:03:07","slug":"scfv-do-alto-da-maravilha-realiza-confraternizacao-de-fim-de-ano","status":"publish","type":"post","link":"https:\/\/blogdoeloiltoncajuhy.com.br\/site\/scfv-do-alto-da-maravilha-realiza-confraternizacao-de-fim-de-ano\/","title":{"rendered":"SCFV do Alto da Maravilha realiza confraterniza\u00e7\u00e3o de fim de ano"},"content":{"rendered":"\n<h5 class=\"wp-block-heading\" style=\"text-align:center\"><em>Evento reuniu&nbsp;os participantes do grupo da terceira idade<\/em><\/h5>\n\n\n\n<div class=\"wp-block-image\"><figure class=\"aligncenter is-resized\"><img data-recalc-dims=\"1\" fetchpriority=\"high\" decoding=\"async\" src=\"https:\/\/i0.wp.com\/blogdoeloiltoncajuhy.com.br\/site\/wp-content\/uploads\/2018\/12\/PMSB_SCFV-confraternizacao.jpg?resize=514%2C342\" alt=\"\" class=\"wp-image-29841\" width=\"514\" height=\"342\" srcset=\"https:\/\/i0.wp.com\/blogdoeloiltoncajuhy.com.br\/site\/wp-content\/uploads\/2018\/12\/PMSB_SCFV-confraternizacao.jpg?w=960&amp;ssl=1 960w, https:\/\/i0.wp.com\/blogdoeloiltoncajuhy.com.br\/site\/wp-content\/uploads\/2018\/12\/PMSB_SCFV-confraternizacao.jpg?resize=300%2C200&amp;ssl=1 300w, https:\/\/i0.wp.com\/blogdoeloiltoncajuhy.com.br\/site\/wp-content\/uploads\/2018\/12\/PMSB_SCFV-confraternizacao.jpg?resize=768%2C512&amp;ssl=1 768w, https:\/\/i0.wp.com\/blogdoeloiltoncajuhy.com.br\/site\/wp-content\/uploads\/2018\/12\/PMSB_SCFV-confraternizacao.jpg?resize=250%2C167&amp;ssl=1 250w\" sizes=\"(max-width: 514px) 100vw, 514px\" \/><\/figure><\/div>\n\n\n\n<p>A Secretaria de Assist\u00eancia Social de Senhor do Bonfim, por meio do Centro de Refer\u00eancia de Assist\u00eancia Social (CRAS) Alto da Maravilha, promoveu na \u00faltima sexta-feira, 7 de dezembro, a confraterniza\u00e7\u00e3o natalina e de fim de ano para os participantes do grupo da terceira idade.<\/p>\n\n\n\n<p>Em clima bastante descontra\u00eddo, o Terno de Reis dos idosos do Servi\u00e7o de Conviv\u00eancia e Fortalecimento de V\u00ednculos (SCFV) Alto da Maravilha abriu a confraterniza\u00e7\u00e3o.<\/p>\n\n\n\n<p>Na programa\u00e7\u00e3o, um almo\u00e7o especial, entrega de lembran\u00e7as e show musical com o cantor Francimar Monteiro. A festa aconteceu nas depend\u00eancias do antigo Col\u00e9gio Izabel de Queiroz, na Pra\u00e7a da Lagoa.<\/p>\n\n\n\n<p><em>\u201cA aten\u00e7\u00e3o ao idoso \u00e9 uma das principais prioridades da Prefeitura de Senhor do Bonfim e visa estimular e valorizar o idoso, proporcionar momentos de descontra\u00e7\u00e3o, resgate de sua autoestima, dignidade e qualidade de vida\u201d<\/em>, enfatizou a secret\u00e1ria de Assist\u00eancia Social, Vera Magalh\u00e3es.<\/p>\n\n\n\n<p>O SCFV ofertado no CRAS, realiza atividades art\u00edsticas, culturais, de lazer e esportivas, dentre outras. Al\u00e9m de cursos nos CRAS, a popula\u00e7\u00e3o carente tamb\u00e9m conta com o apoio e acompanhamento familiar feito por psic\u00f3logas e assistentes sociais.<\/p>\n\n\n\n<p><em>&#8220;Foi tudo de bom. Gosto muito de participar dessas atividades, conversar e dan\u00e7ar com as minhas amigas&#8221;<\/em>, disse Maria do Socorro, 75 anos.<\/p>\n\n\n\n<p>Atualmente, o munic\u00edpio de Senhor do Bonfim conta com quatro unidades do CRAS que atendem cerca de 400 idosos: CRAS Alto da Maravilha, CRAS Igara, CRAS Tijua\u00e7u e CRAS Quic\u00e9.<\/p>\n\n\n\n<p><strong><em>Ascom Prefeitura Municipal de Senhor do Bonfim-BA<\/em><\/strong><\/p>\n","protected":false},"excerpt":{"rendered":"<p>Evento reuniu&nbsp;os participantes do grupo da terceira idade A Secretaria de Assist\u00eancia Social de Senhor do Bonfim, por meio do Centro de Refer\u00eancia de Assist\u00eancia Social (CRAS) Alto da Maravilha, promoveu na \u00faltima sexta-feira, 7 de dezembro, a confraterniza\u00e7\u00e3o natalina e de fim de ano para os participantes do grupo da terceira idade. Em clima [&hellip;]<\/p>\n","protected":false},"author":2,"featured_media":29841,"comment_status":"open","ping_status":"open","sticky":false,"template":"","format":"standard","meta":{"_acf_changed":false,"_monsterinsights_skip_tracking":false,"_monsterinsights_sitenote_active":false,"_monsterinsights_sitenote_note":"","_monsterinsights_sitenote_category":0,"_jetpack_memberships_contains_paid_content":false,"footnotes":"","jetpack_publicize_message":"","jetpack_publicize_feature_enabled":true,"jetpack_social_post_already_shared":true,"jetpack_social_options":{"image_generator_settings":{"template":"highway","default_image_id":0,"font":"","enabled":false},"version":2}},"categories":[1,4],"tags":[],"class_list":["post-29840","post","type-post","status-publish","format-standard","has-post-thumbnail","hentry","category-noticias","category-local"],"acf":[],"jetpack_publicize_connections":[],"jetpack_featured_media_url":"https:\/\/i0.wp.com\/blogdoeloiltoncajuhy.com.br\/site\/wp-content\/uploads\/2018\/12\/PMSB_SCFV-confraternizacao.jpg?fit=960%2C640&ssl=1","jetpack_sharing_enabled":true,"publishpress_future_workflow_manual_trigger":{"enabledWorkflows":[]},"_links":{"self":[{"href":"https:\/\/blogdoeloiltoncajuhy.com.br\/site\/wp-json\/wp\/v2\/posts\/29840","targetHints":{"allow":["GET"]}}],"collection":[{"href":"https:\/\/blogdoeloiltoncajuhy.com.br\/site\/wp-json\/wp\/v2\/posts"}],"about":[{"href":"https:\/\/blogdoeloiltoncajuhy.com.br\/site\/wp-json\/wp\/v2\/types\/post"}],"author":[{"embeddable":true,"href":"https:\/\/blogdoeloiltoncajuhy.com.br\/site\/wp-json\/wp\/v2\/users\/2"}],"replies":[{"embeddable":true,"href":"https:\/\/blogdoeloiltoncajuhy.com.br\/site\/wp-json\/wp\/v2\/comments?post=29840"}],"version-history":[{"count":2,"href":"https:\/\/blogdoeloiltoncajuhy.com.br\/site\/wp-json\/wp\/v2\/posts\/29840\/revisions"}],"predecessor-version":[{"id":29843,"href":"https:\/\/blogdoeloiltoncajuhy.com.br\/site\/wp-json\/wp\/v2\/posts\/29840\/revisions\/29843"}],"wp:featuredmedia":[{"embeddable":true,"href":"https:\/\/blogdoeloiltoncajuhy.com.br\/site\/wp-json\/wp\/v2\/media\/29841"}],"wp:attachment":[{"href":"https:\/\/blogdoeloiltoncajuhy.com.br\/site\/wp-json\/wp\/v2\/media?parent=29840"}],"wp:term":[{"taxonomy":"category","embeddable":true,"href":"https:\/\/blogdoeloiltoncajuhy.com.br\/site\/wp-json\/wp\/v2\/categories?post=29840"},{"taxonomy":"post_tag","embeddable":true,"href":"https:\/\/blogdoeloiltoncajuhy.com.br\/site\/wp-json\/wp\/v2\/tags?post=29840"}],"curies":[{"name":"wp","href":"https:\/\/api.w.org\/{rel}","templated":true}]}}