{"id":29834,"date":"2018-12-10T19:08:30","date_gmt":"2018-12-10T22:08:30","guid":{"rendered":"http:\/\/blogdoeloiltoncajuhy.com.br\/site\/?p=29834"},"modified":"2018-12-10T19:08:36","modified_gmt":"2018-12-10T22:08:36","slug":"andorinha-participa-do-i-forum-de-vivencias-em-saude-mental-em-petrolina-pe","status":"publish","type":"post","link":"https:\/\/blogdoeloiltoncajuhy.com.br\/site\/andorinha-participa-do-i-forum-de-vivencias-em-saude-mental-em-petrolina-pe\/","title":{"rendered":"Andorinha participa do I F\u00f3rum de Viv\u00eancias em Sa\u00fade Mental em Petrolina-PE"},"content":{"rendered":"\n<div class=\"wp-block-image\"><figure class=\"aligncenter is-resized\"><img data-recalc-dims=\"1\" fetchpriority=\"high\" decoding=\"async\" src=\"https:\/\/i0.wp.com\/blogdoeloiltoncajuhy.com.br\/site\/wp-content\/uploads\/2018\/12\/evento-saude-mental-petrolina.jpg?resize=464%2C348\" alt=\"\" class=\"wp-image-29835\" width=\"464\" height=\"348\" srcset=\"https:\/\/i0.wp.com\/blogdoeloiltoncajuhy.com.br\/site\/wp-content\/uploads\/2018\/12\/evento-saude-mental-petrolina.jpg?w=1024&amp;ssl=1 1024w, https:\/\/i0.wp.com\/blogdoeloiltoncajuhy.com.br\/site\/wp-content\/uploads\/2018\/12\/evento-saude-mental-petrolina.jpg?resize=300%2C225&amp;ssl=1 300w, https:\/\/i0.wp.com\/blogdoeloiltoncajuhy.com.br\/site\/wp-content\/uploads\/2018\/12\/evento-saude-mental-petrolina.jpg?resize=768%2C576&amp;ssl=1 768w, https:\/\/i0.wp.com\/blogdoeloiltoncajuhy.com.br\/site\/wp-content\/uploads\/2018\/12\/evento-saude-mental-petrolina.jpg?resize=250%2C188&amp;ssl=1 250w\" sizes=\"(max-width: 464px) 100vw, 464px\" \/><\/figure><\/div>\n\n\n\n<p>Na \u00faltima quinta, 06 de dezembro, o coordenador da Aten\u00e7\u00e3o B\u00e1sica do munic\u00edpio de Andorinha, Muryllo L\u00f4bo, e a coordenadora do Centro de Aten\u00e7\u00e3o Psicossocial (CAPS), Cleidiane Bruno, participaram do I F\u00f3rum de Viv\u00eancias em Sa\u00fade Mental. <\/p>\n\n\n\n<p>O F\u00f3rum foi promovido pela VIII Ger\u00eancia Regional de Sa\u00fade do Estado de Pernambuco e aconteceu no audit\u00f3rio da Faculdade de Tecnologia e Ci\u00eancias (FTC), em Petrolina.<\/p>\n\n\n\n<p>No evento, estavam presentes representantes de mais de 20 cidades que comp\u00f5em a Rede Peba &#8211;  Rede Interestadual de Aten\u00e7\u00e3o \u00e0 Sa\u00fade que envolve os estados de Pernambuco e Bahia. <\/p>\n\n\n\n<p><em>\u201cFoi muito importante para compartilhar viv\u00eancias e repensar estrat\u00e9gias de fortalecimento da Sa\u00fade Mental, principalmente em pequenos munic\u00edpios, como o nosso, que sofrem cada vez mais a escassez de recursos financeiros\u201d<\/em>, destacou Muryllo.<\/p>\n\n\n\n<p>Reconhecimento do espa\u00e7o da Sa\u00fade Mental dentro da Aten\u00e7\u00e3o B\u00e1sica foi a principal discuss\u00e3o do F\u00f3rum. Na oportunidade, Muryllo destacou os desafios que envolvem o atendimento de pacientes que sofrem algum tipo de transtorno mental e a inciativa  do prefeito de Andorinha instalando  uma unidade do CAPS.<\/p>\n\n\n\n<p><em>\u201cRealmente, o prefeito Renato Brand\u00e3o foi muito sens\u00edvel e comprometido com a causa. Esse esfor\u00e7o significa mais dignidade e condi\u00e7\u00f5es de atendimento para os portadores de transtornos mentais do nosso munic\u00edpio\u201d<\/em>, salientou Muryllo.<\/p>\n\n\n\n<p><strong><em>Ascom Prefeitura Municipal de Andorinha-BA<\/em><\/strong><\/p>\n","protected":false},"excerpt":{"rendered":"<p>Na \u00faltima quinta, 06 de dezembro, o coordenador da Aten\u00e7\u00e3o B\u00e1sica do munic\u00edpio de Andorinha, Muryllo L\u00f4bo, e a coordenadora do Centro de Aten\u00e7\u00e3o Psicossocial (CAPS), Cleidiane Bruno, participaram do I F\u00f3rum de Viv\u00eancias em Sa\u00fade Mental. O F\u00f3rum foi promovido pela VIII Ger\u00eancia Regional de Sa\u00fade do Estado de Pernambuco e aconteceu no audit\u00f3rio [&hellip;]<\/p>\n","protected":false},"author":2,"featured_media":29835,"comment_status":"open","ping_status":"open","sticky":false,"template":"","format":"standard","meta":{"_acf_changed":false,"_monsterinsights_skip_tracking":false,"_monsterinsights_sitenote_active":false,"_monsterinsights_sitenote_note":"","_monsterinsights_sitenote_category":0,"_jetpack_memberships_contains_paid_content":false,"footnotes":"","jetpack_publicize_message":"","jetpack_publicize_feature_enabled":true,"jetpack_social_post_already_shared":true,"jetpack_social_options":{"image_generator_settings":{"template":"highway","default_image_id":0,"font":"","enabled":false},"version":2}},"categories":[1,11,7],"tags":[],"class_list":["post-29834","post","type-post","status-publish","format-standard","has-post-thumbnail","hentry","category-noticias","category-regional","category-saude"],"acf":[],"jetpack_publicize_connections":[],"jetpack_featured_media_url":"https:\/\/i0.wp.com\/blogdoeloiltoncajuhy.com.br\/site\/wp-content\/uploads\/2018\/12\/evento-saude-mental-petrolina.jpg?fit=1024%2C768&ssl=1","jetpack_sharing_enabled":true,"publishpress_future_workflow_manual_trigger":{"enabledWorkflows":[]},"_links":{"self":[{"href":"https:\/\/blogdoeloiltoncajuhy.com.br\/site\/wp-json\/wp\/v2\/posts\/29834","targetHints":{"allow":["GET"]}}],"collection":[{"href":"https:\/\/blogdoeloiltoncajuhy.com.br\/site\/wp-json\/wp\/v2\/posts"}],"about":[{"href":"https:\/\/blogdoeloiltoncajuhy.com.br\/site\/wp-json\/wp\/v2\/types\/post"}],"author":[{"embeddable":true,"href":"https:\/\/blogdoeloiltoncajuhy.com.br\/site\/wp-json\/wp\/v2\/users\/2"}],"replies":[{"embeddable":true,"href":"https:\/\/blogdoeloiltoncajuhy.com.br\/site\/wp-json\/wp\/v2\/comments?post=29834"}],"version-history":[{"count":1,"href":"https:\/\/blogdoeloiltoncajuhy.com.br\/site\/wp-json\/wp\/v2\/posts\/29834\/revisions"}],"predecessor-version":[{"id":29836,"href":"https:\/\/blogdoeloiltoncajuhy.com.br\/site\/wp-json\/wp\/v2\/posts\/29834\/revisions\/29836"}],"wp:featuredmedia":[{"embeddable":true,"href":"https:\/\/blogdoeloiltoncajuhy.com.br\/site\/wp-json\/wp\/v2\/media\/29835"}],"wp:attachment":[{"href":"https:\/\/blogdoeloiltoncajuhy.com.br\/site\/wp-json\/wp\/v2\/media?parent=29834"}],"wp:term":[{"taxonomy":"category","embeddable":true,"href":"https:\/\/blogdoeloiltoncajuhy.com.br\/site\/wp-json\/wp\/v2\/categories?post=29834"},{"taxonomy":"post_tag","embeddable":true,"href":"https:\/\/blogdoeloiltoncajuhy.com.br\/site\/wp-json\/wp\/v2\/tags?post=29834"}],"curies":[{"name":"wp","href":"https:\/\/api.w.org\/{rel}","templated":true}]}}