{"id":29831,"date":"2018-12-10T18:59:52","date_gmt":"2018-12-10T21:59:52","guid":{"rendered":"http:\/\/blogdoeloiltoncajuhy.com.br\/site\/?p=29831"},"modified":"2018-12-10T18:59:58","modified_gmt":"2018-12-10T21:59:58","slug":"brasileiro-participa-de-entrega-da-comenda-2-de-julho-ao-coronel-pm-carlos-alberto-neves","status":"publish","type":"post","link":"https:\/\/blogdoeloiltoncajuhy.com.br\/site\/brasileiro-participa-de-entrega-da-comenda-2-de-julho-ao-coronel-pm-carlos-alberto-neves\/","title":{"rendered":"Brasileiro participa de entrega da Comenda 2 de julho ao Coronel PM Carlos Alberto Neves"},"content":{"rendered":"\n<div class=\"wp-block-image\"><figure class=\"aligncenter is-resized\"><img data-recalc-dims=\"1\" fetchpriority=\"high\" decoding=\"async\" src=\"https:\/\/i0.wp.com\/blogdoeloiltoncajuhy.com.br\/site\/wp-content\/uploads\/2018\/12\/PMSB_homenagem-major-neves.jpg?resize=541%2C360\" alt=\"\" class=\"wp-image-29832\" width=\"541\" height=\"360\" srcset=\"https:\/\/i0.wp.com\/blogdoeloiltoncajuhy.com.br\/site\/wp-content\/uploads\/2018\/12\/PMSB_homenagem-major-neves.jpg?w=960&amp;ssl=1 960w, https:\/\/i0.wp.com\/blogdoeloiltoncajuhy.com.br\/site\/wp-content\/uploads\/2018\/12\/PMSB_homenagem-major-neves.jpg?resize=300%2C200&amp;ssl=1 300w, https:\/\/i0.wp.com\/blogdoeloiltoncajuhy.com.br\/site\/wp-content\/uploads\/2018\/12\/PMSB_homenagem-major-neves.jpg?resize=768%2C512&amp;ssl=1 768w, https:\/\/i0.wp.com\/blogdoeloiltoncajuhy.com.br\/site\/wp-content\/uploads\/2018\/12\/PMSB_homenagem-major-neves.jpg?resize=250%2C167&amp;ssl=1 250w\" sizes=\"(max-width: 541px) 100vw, 541px\" \/><\/figure><\/div>\n\n\n\n<p>O prefeito Carlos Brasileiro participou, na \u00faltima sexta-feira (07), na C\u00e2mara de Vereadores de Senhor do Bonfim, da solenidade de entrega da Comenda 2 de Julho ao Coronel PM Carlos Alberto Neves. A condecora\u00e7\u00e3o foi concedida por iniciativa do deputado Bob\u00f4  (PC do B).<\/p>\n\n\n\n<p>O t\u00edtulo \u00e9 a principal honraria concedida a uma personalidade no estado pela Assembleia Legislativa da Bahia (ALBA). A solenidade, conduzida por Bob\u00f4, contou com a presen\u00e7a de oficiais da Policia Militar da Bahia, familiares e amigos do homenageado, al\u00e9m de representantes dos poderes Legislativo, Executivo e Judici\u00e1rio.<\/p>\n\n\n\n<p>A cerim\u00f4nia foi marcada por falas emocionadas e aplausos, dirigidos ao homenageado. <em>\u201c\u00c9 um homem que tem 34 anos de servi\u00e7os prestados ao povo da Bahia. Estou muito feliz por entregar a comenda a esse bonfinense ilustre\u201d<\/em>, disse o proponente da honraria, deputado Bob\u00f4.<\/p>\n\n\n\n<p>A comenda tradicionalmente \u00e9 outorgada no plen\u00e1rio da Assembleia Legislativa da Bahia, mas excepcionalmente, foi entregue em Senhor do Bonfim. O coronel Neves recebeu a honraria ao lado da m\u00e3e, da esposa e dos dois filhos.<\/p>\n\n\n\n<p><em>\u201cQuis o destino que eu tivesse o prazer de receber essa comenda justamente na minha terra natal ao lado de familiares, amigos e conterr\u00e2neos. Me sinto muito gratificado e satisfeito com o momento que estamos vivenciando\u201d<\/em>, falou emocionado o homenageado. <\/p>\n\n\n\n<p>O prefeito Carlos Brasileiro, ao fazer o uso da palavra, tamb\u00e9m enalteceu o m\u00e9rito do amigo de longa data.<\/p>\n\n\n\n<p><em>\u201cEssa honraria s\u00f3 \u00e9 concedida a pessoas que t\u00eam servi\u00e7os prestados e bons exemplos na vida pessoal ou na vida profissional. Quero dizer da nossa alegria em estar aqui e parabenizar o nosso querido conterr\u00e2neo pela justa homenagem\u201d<\/em>, disse Brasileiro.<\/p>\n\n\n\n<p><strong>Homenageado<\/strong><\/p>\n\n\n\n<p>Desde que iniciou sua trajet\u00f3ria como aspirante no ano  de 1981, Neves ocupou diversos cargos dentro da estrutura hier\u00e1rquica  da corpora\u00e7\u00e3o. <\/p>\n\n\n\n<p>Comandante da 45\u00aa Companhia da PM  (Cura\u00e7\u00e1); comandante do Col\u00e9gio Militar Alfredo Viana, subcomandante no 9\u00ba Grupamento de Bombeiros, subcomandante e comandante do 3\u00ba BPM, subcomandante e comandante do Comando de Policiamento da Regi\u00e3o Norte (Juazeiro); subcomandante no 6\u00ba BPM (Senhor do Bonfim); comandante do 20\u00ba BPM (Paulo Afonso); subcomandante de Opera\u00e7\u00f5es de Intelig\u00eancia da Pol\u00edcia Militar(Salvador).  <\/p>\n\n\n\n<p>Atualmente ocupa a fun\u00e7\u00e3o de comandante de Opera\u00e7\u00f5es de Intelig\u00eancia da Policia Militar da Bahia, na capital do Estado.<\/p>\n\n\n\n<p><strong><em>Ascom Prefeitura Municipal de Senhor do Bonfim-BA<\/em><\/strong><\/p>\n","protected":false},"excerpt":{"rendered":"<p>O prefeito Carlos Brasileiro participou, na \u00faltima sexta-feira (07), na C\u00e2mara de Vereadores de Senhor do Bonfim, da solenidade de entrega da Comenda 2 de Julho ao Coronel PM Carlos Alberto Neves. A condecora\u00e7\u00e3o foi concedida por iniciativa do deputado Bob\u00f4 (PC do B). O t\u00edtulo \u00e9 a principal honraria concedida a uma personalidade no [&hellip;]<\/p>\n","protected":false},"author":2,"featured_media":29832,"comment_status":"open","ping_status":"open","sticky":false,"template":"","format":"standard","meta":{"_acf_changed":false,"_monsterinsights_skip_tracking":false,"_monsterinsights_sitenote_active":false,"_monsterinsights_sitenote_note":"","_monsterinsights_sitenote_category":0,"_jetpack_memberships_contains_paid_content":false,"footnotes":"","jetpack_publicize_message":"","jetpack_publicize_feature_enabled":true,"jetpack_social_post_already_shared":true,"jetpack_social_options":{"image_generator_settings":{"template":"highway","default_image_id":0,"font":"","enabled":false},"version":2}},"categories":[1,4],"tags":[],"class_list":["post-29831","post","type-post","status-publish","format-standard","has-post-thumbnail","hentry","category-noticias","category-local"],"acf":[],"jetpack_publicize_connections":[],"jetpack_featured_media_url":"https:\/\/i0.wp.com\/blogdoeloiltoncajuhy.com.br\/site\/wp-content\/uploads\/2018\/12\/PMSB_homenagem-major-neves.jpg?fit=960%2C640&ssl=1","jetpack_sharing_enabled":true,"publishpress_future_workflow_manual_trigger":{"enabledWorkflows":[]},"_links":{"self":[{"href":"https:\/\/blogdoeloiltoncajuhy.com.br\/site\/wp-json\/wp\/v2\/posts\/29831","targetHints":{"allow":["GET"]}}],"collection":[{"href":"https:\/\/blogdoeloiltoncajuhy.com.br\/site\/wp-json\/wp\/v2\/posts"}],"about":[{"href":"https:\/\/blogdoeloiltoncajuhy.com.br\/site\/wp-json\/wp\/v2\/types\/post"}],"author":[{"embeddable":true,"href":"https:\/\/blogdoeloiltoncajuhy.com.br\/site\/wp-json\/wp\/v2\/users\/2"}],"replies":[{"embeddable":true,"href":"https:\/\/blogdoeloiltoncajuhy.com.br\/site\/wp-json\/wp\/v2\/comments?post=29831"}],"version-history":[{"count":1,"href":"https:\/\/blogdoeloiltoncajuhy.com.br\/site\/wp-json\/wp\/v2\/posts\/29831\/revisions"}],"predecessor-version":[{"id":29833,"href":"https:\/\/blogdoeloiltoncajuhy.com.br\/site\/wp-json\/wp\/v2\/posts\/29831\/revisions\/29833"}],"wp:featuredmedia":[{"embeddable":true,"href":"https:\/\/blogdoeloiltoncajuhy.com.br\/site\/wp-json\/wp\/v2\/media\/29832"}],"wp:attachment":[{"href":"https:\/\/blogdoeloiltoncajuhy.com.br\/site\/wp-json\/wp\/v2\/media?parent=29831"}],"wp:term":[{"taxonomy":"category","embeddable":true,"href":"https:\/\/blogdoeloiltoncajuhy.com.br\/site\/wp-json\/wp\/v2\/categories?post=29831"},{"taxonomy":"post_tag","embeddable":true,"href":"https:\/\/blogdoeloiltoncajuhy.com.br\/site\/wp-json\/wp\/v2\/tags?post=29831"}],"curies":[{"name":"wp","href":"https:\/\/api.w.org\/{rel}","templated":true}]}}