{"id":29828,"date":"2018-12-10T15:38:25","date_gmt":"2018-12-10T18:38:25","guid":{"rendered":"http:\/\/blogdoeloiltoncajuhy.com.br\/site\/?p=29828"},"modified":"2018-12-10T15:38:30","modified_gmt":"2018-12-10T18:38:30","slug":"as-denuncias-contra-joao-de-deus-e-o-respeito-as-mulheres-na-opiniao-do-jornalista-bonfinense-amorim-neto-da-tv-globo","status":"publish","type":"post","link":"https:\/\/blogdoeloiltoncajuhy.com.br\/site\/as-denuncias-contra-joao-de-deus-e-o-respeito-as-mulheres-na-opiniao-do-jornalista-bonfinense-amorim-neto-da-tv-globo\/","title":{"rendered":"As den\u00fancias contra Jo\u00e3o de Deus e o respeito \u00e0s mulheres, na opini\u00e3o do jornalista bonfinense Amorim Neto da TV Globo"},"content":{"rendered":"\n<div class=\"wp-block-image\"><figure class=\"aligncenter is-resized\"><img data-recalc-dims=\"1\" fetchpriority=\"high\" decoding=\"async\" src=\"https:\/\/i0.wp.com\/blogdoeloiltoncajuhy.com.br\/site\/wp-content\/uploads\/2018\/12\/amorim-neto.jpg?resize=512%2C423\" alt=\"\" class=\"wp-image-29829\" width=\"512\" height=\"423\" srcset=\"https:\/\/i0.wp.com\/blogdoeloiltoncajuhy.com.br\/site\/wp-content\/uploads\/2018\/12\/amorim-neto.jpg?w=653&amp;ssl=1 653w, https:\/\/i0.wp.com\/blogdoeloiltoncajuhy.com.br\/site\/wp-content\/uploads\/2018\/12\/amorim-neto.jpg?resize=300%2C248&amp;ssl=1 300w, https:\/\/i0.wp.com\/blogdoeloiltoncajuhy.com.br\/site\/wp-content\/uploads\/2018\/12\/amorim-neto.jpg?resize=250%2C207&amp;ssl=1 250w\" sizes=\"(max-width: 512px) 100vw, 512px\" \/><\/figure><\/div>\n\n\n\n<p><strong><em>Estou pensando nessa avalanche de den\u00fancias contra o M\u00e9dium Jo\u00e3o de Deus. N\u00e3o estou aqui para julgar, como fazem nas redes sociais e at\u00e9 em parte da m\u00eddia. Jornalismo respons\u00e1vel, como temos em muitos meios no Brasil e no mundo, divulga fatos, sem julgar e condenar. E eu, tenho muito orgulho de fazer parte desse lado saud\u00e1vel da comunica\u00e7\u00e3o.<\/em><\/strong><\/p>\n\n\n\n<p><strong><em>O meu coment\u00e1rio aqui, \u00e9 para expressar-me como o Homem que sou, que aprendi a admirar e a respeitar as mulheres, sem v\u00ea-las apenas pelo olhar do desejo, da avassaladora vontade de sexo que n\u00f3s homens temos. Aprendi a controlar-me, mesmo que esse desejo ocorra, o que \u00e9 absolutamente natural, em qualquer ser desse planeta, desde que sejamos racionais. Sim, n\u00f3s Homens, temos a capacidade de racioc\u00ednio mas, muitas vezes, agimos como o pior dos animais.<\/em><\/strong><\/p>\n\n\n\n<p><strong><em>Vemos uma mulher como um ser fr\u00e1gil, um objeto de prazer sexual e muitos perdem o controle, se aproveitam de situa\u00e7\u00f5es de vulnerabilidade, para abusar. N\u00e3o pensa nas consequ\u00eancias, nem para si e nem para a v\u00edtima. Consequ\u00eancias terr\u00edveis, f\u00edsicas e emocionais, sofre uma mulher que \u00e9 for\u00e7ada ao sexo, que tem a sua intimidade invadida, dilacerada, por um &#8220;homem&#8221; irracional.<\/em><\/strong><\/p>\n\n\n\n<p><strong><em>Portanto, se for verdade o que est\u00e3o denunciando, sobre o Jo\u00e3o de Deus, se ele fez o que est\u00e3o dizendo e deve haver verdades nas hist\u00f3rias, porque \u00e9 muita gente contando hist\u00f3rias horr\u00edveis, n\u00e3o foi o M\u00c9DIUM quem fez. A mediunidade vem de uma doutrina esp\u00edrita. M\u00e9diuns, s\u00e3o pessoas doutrinadas. Infelizmente, essas agress\u00f5es rid\u00edculas, terr\u00edveis contra mulheres, s\u00f3 partem de &#8220;homens&#8221; que s\u00e3o doentes, ou daqueles que n\u00e3o conseguem ter a sua libido controlada.<\/em><\/strong><\/p>\n\n\n\n<p><strong><em>\u00c9 capaz de erroneamente achar que uma mulher gosta de ser agarrada e abusada \u00e0 for\u00e7a. Isso \u00e9 estupro, \u00e9 crime e quem os comete, seja quem for, um dia vai acertar as contas com as v\u00edtimas e com a justi\u00e7a. Homens, pensem mais, cultivem mais o respeito, que n\u00e3o se esque\u00e7am que tem m\u00e3e, esposa, filha, ou que poder\u00e3o ter um dia\u2026 que deixem de ser animais e tratem as mulheres com a dignidade que elas merecem.<\/em><\/strong><\/p>\n\n\n\n<p><strong>Amorim Neto &#8211; TV Gazeta\/Globo-Alagoas<\/strong><\/p>\n","protected":false},"excerpt":{"rendered":"<p>Estou pensando nessa avalanche de den\u00fancias contra o M\u00e9dium Jo\u00e3o de Deus. N\u00e3o estou aqui para julgar, como fazem nas redes sociais e at\u00e9 em parte da m\u00eddia. Jornalismo respons\u00e1vel, como temos em muitos meios no Brasil e no mundo, divulga fatos, sem julgar e condenar. E eu, tenho muito orgulho de fazer parte desse [&hellip;]<\/p>\n","protected":false},"author":2,"featured_media":29829,"comment_status":"open","ping_status":"open","sticky":false,"template":"","format":"standard","meta":{"_acf_changed":false,"_monsterinsights_skip_tracking":false,"_monsterinsights_sitenote_active":false,"_monsterinsights_sitenote_note":"","_monsterinsights_sitenote_category":0,"_jetpack_memberships_contains_paid_content":false,"footnotes":"","jetpack_publicize_message":"","jetpack_publicize_feature_enabled":true,"jetpack_social_post_already_shared":true,"jetpack_social_options":{"image_generator_settings":{"template":"highway","default_image_id":0,"font":"","enabled":false},"version":2}},"categories":[1],"tags":[],"class_list":["post-29828","post","type-post","status-publish","format-standard","has-post-thumbnail","hentry","category-noticias"],"acf":[],"jetpack_publicize_connections":[],"jetpack_featured_media_url":"https:\/\/i0.wp.com\/blogdoeloiltoncajuhy.com.br\/site\/wp-content\/uploads\/2018\/12\/amorim-neto.jpg?fit=653%2C540&ssl=1","jetpack_sharing_enabled":true,"publishpress_future_workflow_manual_trigger":{"enabledWorkflows":[]},"_links":{"self":[{"href":"https:\/\/blogdoeloiltoncajuhy.com.br\/site\/wp-json\/wp\/v2\/posts\/29828","targetHints":{"allow":["GET"]}}],"collection":[{"href":"https:\/\/blogdoeloiltoncajuhy.com.br\/site\/wp-json\/wp\/v2\/posts"}],"about":[{"href":"https:\/\/blogdoeloiltoncajuhy.com.br\/site\/wp-json\/wp\/v2\/types\/post"}],"author":[{"embeddable":true,"href":"https:\/\/blogdoeloiltoncajuhy.com.br\/site\/wp-json\/wp\/v2\/users\/2"}],"replies":[{"embeddable":true,"href":"https:\/\/blogdoeloiltoncajuhy.com.br\/site\/wp-json\/wp\/v2\/comments?post=29828"}],"version-history":[{"count":1,"href":"https:\/\/blogdoeloiltoncajuhy.com.br\/site\/wp-json\/wp\/v2\/posts\/29828\/revisions"}],"predecessor-version":[{"id":29830,"href":"https:\/\/blogdoeloiltoncajuhy.com.br\/site\/wp-json\/wp\/v2\/posts\/29828\/revisions\/29830"}],"wp:featuredmedia":[{"embeddable":true,"href":"https:\/\/blogdoeloiltoncajuhy.com.br\/site\/wp-json\/wp\/v2\/media\/29829"}],"wp:attachment":[{"href":"https:\/\/blogdoeloiltoncajuhy.com.br\/site\/wp-json\/wp\/v2\/media?parent=29828"}],"wp:term":[{"taxonomy":"category","embeddable":true,"href":"https:\/\/blogdoeloiltoncajuhy.com.br\/site\/wp-json\/wp\/v2\/categories?post=29828"},{"taxonomy":"post_tag","embeddable":true,"href":"https:\/\/blogdoeloiltoncajuhy.com.br\/site\/wp-json\/wp\/v2\/tags?post=29828"}],"curies":[{"name":"wp","href":"https:\/\/api.w.org\/{rel}","templated":true}]}}