{"id":29823,"date":"2018-12-10T12:40:16","date_gmt":"2018-12-10T15:40:16","guid":{"rendered":"http:\/\/blogdoeloiltoncajuhy.com.br\/site\/?p=29823"},"modified":"2018-12-10T12:41:04","modified_gmt":"2018-12-10T15:41:04","slug":"prefeito-everton-rocha-acompanhado-por-secretarios-visita-locais-danificados-pelas-fortes-chuvas-em-jaguarari","status":"publish","type":"post","link":"https:\/\/blogdoeloiltoncajuhy.com.br\/site\/prefeito-everton-rocha-acompanhado-por-secretarios-visita-locais-danificados-pelas-fortes-chuvas-em-jaguarari\/","title":{"rendered":"Prefeito Everton Rocha acompanhado por secret\u00e1rios visita locais danificados pelas fortes chuvas em Jaguarari"},"content":{"rendered":"\n<div class=\"wp-block-image\"><figure class=\"aligncenter is-resized\"><img data-recalc-dims=\"1\" fetchpriority=\"high\" decoding=\"async\" src=\"https:\/\/i0.wp.com\/blogdoeloiltoncajuhy.com.br\/site\/wp-content\/uploads\/2018\/12\/JaguarariEstragosChuvas01.jpeg?resize=509%2C339\" alt=\"\" class=\"wp-image-29824\" width=\"509\" height=\"339\" srcset=\"https:\/\/i0.wp.com\/blogdoeloiltoncajuhy.com.br\/site\/wp-content\/uploads\/2018\/12\/JaguarariEstragosChuvas01.jpeg?resize=1024%2C682&amp;ssl=1 1024w, https:\/\/i0.wp.com\/blogdoeloiltoncajuhy.com.br\/site\/wp-content\/uploads\/2018\/12\/JaguarariEstragosChuvas01.jpeg?resize=300%2C200&amp;ssl=1 300w, https:\/\/i0.wp.com\/blogdoeloiltoncajuhy.com.br\/site\/wp-content\/uploads\/2018\/12\/JaguarariEstragosChuvas01.jpeg?resize=768%2C512&amp;ssl=1 768w, https:\/\/i0.wp.com\/blogdoeloiltoncajuhy.com.br\/site\/wp-content\/uploads\/2018\/12\/JaguarariEstragosChuvas01.jpeg?resize=250%2C167&amp;ssl=1 250w, https:\/\/i0.wp.com\/blogdoeloiltoncajuhy.com.br\/site\/wp-content\/uploads\/2018\/12\/JaguarariEstragosChuvas01.jpeg?w=1280&amp;ssl=1 1280w\" sizes=\"(max-width: 509px) 100vw, 509px\" \/><\/figure><\/div>\n\n\n\n<p>Preocupado com os estragos provocados pela chuva que atingiu o munic\u00edpio durante a noite, o prefeito de Jaguarari, Everton Rocha, visitou neste domingo (09), diversos bairros em situa\u00e7\u00e3o cr\u00edtica, fazendo levantamento do que precisa ser feito visando minimizar os estragos e dar suporte \u00e0s v\u00edtimas das chuvas.<\/p>\n\n\n\n<p>Acompanhado pelo Secretario de Administra\u00e7\u00e3o, Jos\u00e9 do Vale, o prefeito iniciou a visita pelo bairro do Mutir\u00e3o, onde a equipe de limpeza j\u00e1 havia realizado a remo\u00e7\u00e3o de detritos e desobstru\u00e7\u00e3o de diversas ruas.<\/p>\n\n\n\n<p>O prefeito foi ver de perto o problema da Rua da Laranjeira, onde ha anos os moradores vem sofrendo com as fortes chuvas que alagam toda a \u00e1rea, deixando diversas pessoas ilhadas.<\/p>\n\n\n\n<p>Em conversa com moradores o gestor se comprometeu em buscar junto \u00e0 secretaria de infraestrutura solucionar o problema, estudando a melhor maneira de escoar a \u00e1gua da chuva acumulada para outro local, minimizando os efeitos da chuva.<\/p>\n\n\n\n<p>Acompanhado do Secret\u00e1rio de Desenvolvimento Social, Ricardo Augusto, e Assistente social, o prefeito realizou visitas a fam\u00edlias que se encontravam em situa\u00e7\u00e3o de risco.<\/p>\n\n\n\n<div class=\"wp-block-image\"><figure class=\"aligncenter is-resized\"><img data-recalc-dims=\"1\" decoding=\"async\" src=\"https:\/\/i0.wp.com\/blogdoeloiltoncajuhy.com.br\/site\/wp-content\/uploads\/2018\/12\/JaguarariEstragosChuvas02.jpeg?resize=527%2C351\" alt=\"\" class=\"wp-image-29825\" width=\"527\" height=\"351\" srcset=\"https:\/\/i0.wp.com\/blogdoeloiltoncajuhy.com.br\/site\/wp-content\/uploads\/2018\/12\/JaguarariEstragosChuvas02.jpeg?resize=1024%2C682&amp;ssl=1 1024w, https:\/\/i0.wp.com\/blogdoeloiltoncajuhy.com.br\/site\/wp-content\/uploads\/2018\/12\/JaguarariEstragosChuvas02.jpeg?resize=300%2C200&amp;ssl=1 300w, https:\/\/i0.wp.com\/blogdoeloiltoncajuhy.com.br\/site\/wp-content\/uploads\/2018\/12\/JaguarariEstragosChuvas02.jpeg?resize=768%2C512&amp;ssl=1 768w, https:\/\/i0.wp.com\/blogdoeloiltoncajuhy.com.br\/site\/wp-content\/uploads\/2018\/12\/JaguarariEstragosChuvas02.jpeg?resize=250%2C167&amp;ssl=1 250w, https:\/\/i0.wp.com\/blogdoeloiltoncajuhy.com.br\/site\/wp-content\/uploads\/2018\/12\/JaguarariEstragosChuvas02.jpeg?w=1280&amp;ssl=1 1280w\" sizes=\"(max-width: 527px) 100vw, 527px\" \/><\/figure><\/div>\n\n\n\n<p><strong><em>ASCOM \u2013 Prefeitura de Jaguarari<\/em><\/strong><\/p>\n","protected":false},"excerpt":{"rendered":"<p>Preocupado com os estragos provocados pela chuva que atingiu o munic\u00edpio durante a noite, o prefeito de Jaguarari, Everton Rocha, visitou neste domingo (09), diversos bairros em situa\u00e7\u00e3o cr\u00edtica, fazendo levantamento do que precisa ser feito visando minimizar os estragos e dar suporte \u00e0s v\u00edtimas das chuvas. Acompanhado pelo Secretario de Administra\u00e7\u00e3o, Jos\u00e9 do Vale, [&hellip;]<\/p>\n","protected":false},"author":2,"featured_media":29825,"comment_status":"open","ping_status":"open","sticky":false,"template":"","format":"standard","meta":{"_acf_changed":false,"_monsterinsights_skip_tracking":false,"_monsterinsights_sitenote_active":false,"_monsterinsights_sitenote_note":"","_monsterinsights_sitenote_category":0,"_jetpack_memberships_contains_paid_content":false,"footnotes":"","jetpack_publicize_message":"","jetpack_publicize_feature_enabled":true,"jetpack_social_post_already_shared":true,"jetpack_social_options":{"image_generator_settings":{"template":"highway","default_image_id":0,"font":"","enabled":false},"version":2}},"categories":[1,11],"tags":[],"class_list":["post-29823","post","type-post","status-publish","format-standard","has-post-thumbnail","hentry","category-noticias","category-regional"],"acf":[],"jetpack_publicize_connections":[],"jetpack_featured_media_url":"https:\/\/i0.wp.com\/blogdoeloiltoncajuhy.com.br\/site\/wp-content\/uploads\/2018\/12\/JaguarariEstragosChuvas02.jpeg?fit=1280%2C853&ssl=1","jetpack_sharing_enabled":true,"publishpress_future_workflow_manual_trigger":{"enabledWorkflows":[]},"_links":{"self":[{"href":"https:\/\/blogdoeloiltoncajuhy.com.br\/site\/wp-json\/wp\/v2\/posts\/29823","targetHints":{"allow":["GET"]}}],"collection":[{"href":"https:\/\/blogdoeloiltoncajuhy.com.br\/site\/wp-json\/wp\/v2\/posts"}],"about":[{"href":"https:\/\/blogdoeloiltoncajuhy.com.br\/site\/wp-json\/wp\/v2\/types\/post"}],"author":[{"embeddable":true,"href":"https:\/\/blogdoeloiltoncajuhy.com.br\/site\/wp-json\/wp\/v2\/users\/2"}],"replies":[{"embeddable":true,"href":"https:\/\/blogdoeloiltoncajuhy.com.br\/site\/wp-json\/wp\/v2\/comments?post=29823"}],"version-history":[{"count":2,"href":"https:\/\/blogdoeloiltoncajuhy.com.br\/site\/wp-json\/wp\/v2\/posts\/29823\/revisions"}],"predecessor-version":[{"id":29827,"href":"https:\/\/blogdoeloiltoncajuhy.com.br\/site\/wp-json\/wp\/v2\/posts\/29823\/revisions\/29827"}],"wp:featuredmedia":[{"embeddable":true,"href":"https:\/\/blogdoeloiltoncajuhy.com.br\/site\/wp-json\/wp\/v2\/media\/29825"}],"wp:attachment":[{"href":"https:\/\/blogdoeloiltoncajuhy.com.br\/site\/wp-json\/wp\/v2\/media?parent=29823"}],"wp:term":[{"taxonomy":"category","embeddable":true,"href":"https:\/\/blogdoeloiltoncajuhy.com.br\/site\/wp-json\/wp\/v2\/categories?post=29823"},{"taxonomy":"post_tag","embeddable":true,"href":"https:\/\/blogdoeloiltoncajuhy.com.br\/site\/wp-json\/wp\/v2\/tags?post=29823"}],"curies":[{"name":"wp","href":"https:\/\/api.w.org\/{rel}","templated":true}]}}