{"id":29821,"date":"2018-12-10T12:29:36","date_gmt":"2018-12-10T15:29:36","guid":{"rendered":"http:\/\/blogdoeloiltoncajuhy.com.br\/site\/?p=29821"},"modified":"2018-12-10T12:29:43","modified_gmt":"2018-12-10T15:29:43","slug":"bonfim-sinebahia-convoca-jovens-do-projeto-primeiro-emprego-veja-lista","status":"publish","type":"post","link":"https:\/\/blogdoeloiltoncajuhy.com.br\/site\/bonfim-sinebahia-convoca-jovens-do-projeto-primeiro-emprego-veja-lista\/","title":{"rendered":"BONFIM: Sinebahia convoca jovens do Projeto Primeiro Emprego; veja lista"},"content":{"rendered":"\n<p><strong>BLOG DO ELOILTON CAJUHY<\/strong><\/p>\n\n\n\n<div class=\"wp-block-image\"><figure class=\"aligncenter is-resized\"><img data-recalc-dims=\"1\" fetchpriority=\"high\" decoding=\"async\" src=\"https:\/\/i0.wp.com\/blogdoeloiltoncajuhy.com.br\/site\/wp-content\/uploads\/2016\/11\/primeiro-emprego.jpg?resize=587%2C298\" alt=\"\" class=\"wp-image-13760\" width=\"587\" height=\"298\" srcset=\"https:\/\/i0.wp.com\/blogdoeloiltoncajuhy.com.br\/site\/wp-content\/uploads\/2016\/11\/primeiro-emprego.jpg?w=540&amp;ssl=1 540w, https:\/\/i0.wp.com\/blogdoeloiltoncajuhy.com.br\/site\/wp-content\/uploads\/2016\/11\/primeiro-emprego.jpg?resize=300%2C153&amp;ssl=1 300w, https:\/\/i0.wp.com\/blogdoeloiltoncajuhy.com.br\/site\/wp-content\/uploads\/2016\/11\/primeiro-emprego.jpg?resize=250%2C127&amp;ssl=1 250w\" sizes=\"(max-width: 587px) 100vw, 587px\" \/><\/figure><\/div>\n\n\n\n<p>O Sinebahia de Senhor do Bonfim est\u00e1 convocando os jovens que foram aprovados no Projeto Primeiro Emprego a se apresentarem no \u00f3rg\u00e3o a fim de preencherem as vagas.<\/p>\n\n\n\n<p>A lista dos convocados refere-se aos jovens que ainda n\u00e3o se apresentaram e n\u00e3o est\u00e3o sendo localizados pelo Sinebahia.<\/p>\n\n\n\n<p><strong>Confira a rela\u00e7\u00e3o:<\/strong><\/p>\n\n\n\n<table class=\"wp-block-table\"><tbody><tr><td>\n  LAISE ALVES DOS SANTOS\n  <\/td><\/tr><tr><td>\n  ELLEN CAROLINE ALMEIDA FEITOSA SENA\n  GOMES\n  <\/td><\/tr><tr><td>\n  MARCIA TEIXEIRA DE ARAUJO\n  <\/td><\/tr><tr><td>\n  ELAINE BATISTA DA SILVA NASCIMENTO\n  <\/td><\/tr><tr><td>\n  POLIANA CRUZ DA SILVA\n  <\/td><\/tr><tr><td>\n  JONATAS VANDERLEI DE SOUZA\n  <\/td><\/tr><tr><td>\n  JORGE AUGUSTO ROCHA DA SILVA\n  <\/td><\/tr><tr><td>\n  BRUNO RAPHAEL DE OLIVEIRA SOUSA\n  <\/td><\/tr><tr><td>\n  JUCICLEIA DE JESUS MARTINS\n  <\/td><\/tr><tr><td>\n  ROSANGELA SENA DA SILVA\n  <\/td><\/tr><tr><td>\n  CAMILA FERNANDES DE SOUZA\n  <\/td><\/tr><tr><td>\n  QUELE FERNANDA PAIXAO SANTOS\n  <\/td><\/tr><tr><td>\n  ROSALIA SOUZA CARVALHO\n  <\/td><\/tr><tr><td>\n  LUZIENE DOS SANTOS JESUS\n  <\/td><\/tr><tr><td>\n  JOSIELI BATISTA DA SILVA\n  <\/td><\/tr><tr><td>\n  ALAINE ANDRADE MATOS\n  <\/td><\/tr><tr><td>\n  ANGELA BATISTA SILVA\n  <\/td><\/tr><tr><td>\n  TAIS RODRIGUES DOS SANTOS\n  <\/td><\/tr><tr><td>\n  WILIAN CARVALHO DOS SANTOS XAVIER\n  <\/td><\/tr><tr><td>\n  VINICIUS GUIMARAES GUERRA\n  <\/td><\/tr><tr><td>\n  INGRID REGINA DA SILVA CARVALHO\n  <\/td><\/tr><tr><td>\n  AMANDA NETA DE SOUZA\n  <\/td><\/tr><tr><td>\n  MICAELA DA SILVA ALVES\n  <\/td><\/tr><tr><td>\n  GERSIANE ARAUJO SANTANA\n  <\/td><\/tr><tr><td>\n  LUZILAYNE DA SILVA GONCALVES\n  <\/td><\/tr><tr><td>\n  ADENILDA SILVA DE OLIVEIRA\n  <\/td><\/tr><tr><td>\n  PALOMA PASSOS RIBEIRO\n  <\/td><\/tr><tr><td>\n  IRLENE DOS SANTOS VIEIRA\n  <\/td><\/tr><tr><td>\n  SIMONE DA SILVA FERREIRA\n  <\/td><\/tr><tr><td>\n  PATRICIA BACELAR NUNES\n  <\/td><\/tr><tr><td>\n  ADRIELY GARCIA CRUZ\n  <\/td><\/tr><tr><td>\n  TAINAN BARBOSA DA SILVA\n  <\/td><\/tr><tr><td>\n  JACIARA MARIA DA SILVA\n  <\/td><\/tr><tr><td>\n  MAUR\u00cdCIO SILVA MARTINS\n  <\/td><\/tr><tr><td>\n  CELIA ALMEIDA REIS\n  <\/td><\/tr><tr><td>\n  NEUMA MARIA SANTANA SILVA\n  <\/td><\/tr><tr><td>\n  ORLITA DE SOUZA CARVALHO\n  <\/td><\/tr><tr><td>\n  GEOVANI OLIVEIRA DE ARAUJO\n  <\/td><\/tr><tr><td>\n  DAYANE CARVALHO SOUZA VIEIRA\n  <\/td><\/tr><tr><td>\n  WESLEN BRASIL DA SILVA PEREIRA\n  <\/td><\/tr><tr><td>\n  ROZANIA BATISTA DE SOUZA MARTINS\n  <\/td><\/tr><tr><td>\n  GABRIEL SANTOS OLIVEIRA\n  <\/td><\/tr><tr><td>\n  JONATAS MOTA DA SILVA ASSUN\u00c7\u00c3O\n  <\/td><\/tr><tr><td>\n  MARIA MARCIA ALVES PEREIRA\n  <\/td><\/tr><tr><td>\n  NAYARA CARVALHO DE OLIVEIRA\n  <\/td><\/tr><tr><td>\n  NUBIA FERREIRA DOS SANTOS COSTA\n  <\/td><\/tr><tr><td>\n  JANILDA GOMES DE SOUSA\n  <\/td><\/tr><tr><td>\n  IARLA IZABEL HERMOGENES DE SOUSA\n  <\/td><\/tr><tr><td>\n  MARIA MADALENA DE SOUZA LOPES\n  <\/td><\/tr><tr><td>\n  MARIA RAFAELA DE OLIVEIRA SOUSA\n  <\/td><\/tr><tr><td>\n  JIRLANE MACARIO DOS SANTOS MUNIZ\n  <\/td><\/tr><tr><td>\n  JARDEL FIGUEIREDO DA SILVA\n  <\/td><\/tr><tr><td>\n  JANAINA SALVINA DA SILVA\n  <\/td><\/tr><tr><td>\n  MARIA ANITA JUSTO DA SILVA\n  <\/td><\/tr><tr><td>\n  NINA QUITERIA DOS SANTOS\n  <\/td><\/tr><tr><td>\n  PERPETUA REGINA SILVA DE OLIVEIRA\n  <\/td><\/tr><tr><td>\n  RAYLANA PEREIRA DE CASTRO\n  <\/td><\/tr><tr><td>\n  SAIONARA LAGO BATISTA\n  <\/td><\/tr><tr><td>\n  TAMIRES PINHEIRO BATISTA\n  <\/td><\/tr><tr><td>\n  DEBORA DE OLIVEIRA SILVA\n  <\/td><\/tr><tr><td>\n  ELISANGELA DA SILVA VIEIRA\n  <\/td><\/tr><tr><td>\n  CARLA ADRIANA DA SILVA SOARES\n  <\/td><\/tr><tr><td>\n  JAMILE MATOS ANDRADE\n  <\/td><\/tr><tr><td>\n  ANATALIA NASCIMENTO DA SILVA\n  <\/td><\/tr><tr><td>\n  ELUIZA MARIANE GAMA DA SILVA\n  <\/td><\/tr><tr><td>\n  VICTORIA LAIANE LEITE OLIVEIRA\n  <\/td><\/tr><tr><td>\n  JADSON HENRIQUE DA SILVA\n  <\/td><\/tr><tr><td>\n  IONETE DA SILVA\n  <\/td><\/tr><tr><td>\n  MARIA CRISTIANA DE OLIVEIRA\n  <\/td><\/tr><tr><td>\n  TATIANE COSTA ALMEIDA DA SILVA\n  <\/td><\/tr><tr><td>\n  JACIENE PEREIRA DOS SANTOS\n  <\/td><\/tr><tr><td>\n  ELIENE MARIA DE JESUS\n  <\/td><\/tr><tr><td>\n  CLAUDIANA DA SILVA\n  <\/td><\/tr><tr><td>\n  ANDRIELE COSTA DE ANDRADE\n  <\/td><\/tr><tr><td>\n  JULIANA BARRETO DOS SANTOS\n  <\/td><\/tr><tr><td>\n  ELIENE REINILDE DOS SANTOS SILVA\n  <\/td><\/tr><tr><td>\n  CARLOS RAMON GONCALVES SILVA\n  <\/td><\/tr><tr><td>\n  MARCUS RIBEIRO NASCIMENTO\n  <\/td><\/tr><tr><td>\n  JOSE ROBERTO FIGUEIREDO DA SILVA\n  <\/td><\/tr><tr><td>\n  ENES ZENILDA DA SILVA\n  <\/td><\/tr><tr><td>\n  EDIMARIA VIANA DOS SANTOS\n  <\/td><\/tr><tr><td>\n  TAMIRES DOS SANTOS RODRIGUES\n  <\/td><\/tr><tr><td>\n  ANA PAULA CERQUEIRA NEVES\n  <\/td><\/tr><tr><td>\n  LAUDO MENDES MURICY\n  <\/td><\/tr><\/tbody><\/table>\n","protected":false},"excerpt":{"rendered":"<p>BLOG DO ELOILTON CAJUHY O Sinebahia de Senhor do Bonfim est\u00e1 convocando os jovens que foram aprovados no Projeto Primeiro Emprego a se apresentarem no \u00f3rg\u00e3o a fim de preencherem as vagas. A lista dos convocados refere-se aos jovens que ainda n\u00e3o se apresentaram e n\u00e3o est\u00e3o sendo localizados pelo Sinebahia. Confira a rela\u00e7\u00e3o: LAISE [&hellip;]<\/p>\n","protected":false},"author":2,"featured_media":0,"comment_status":"open","ping_status":"open","sticky":false,"template":"","format":"standard","meta":{"_acf_changed":false,"_monsterinsights_skip_tracking":false,"_monsterinsights_sitenote_active":false,"_monsterinsights_sitenote_note":"","_monsterinsights_sitenote_category":0,"_jetpack_memberships_contains_paid_content":false,"footnotes":"","jetpack_publicize_message":"","jetpack_publicize_feature_enabled":true,"jetpack_social_post_already_shared":true,"jetpack_social_options":{"image_generator_settings":{"template":"highway","default_image_id":0,"font":"","enabled":false},"version":2}},"categories":[1,4],"tags":[],"class_list":["post-29821","post","type-post","status-publish","format-standard","hentry","category-noticias","category-local"],"acf":[],"jetpack_publicize_connections":[],"jetpack_featured_media_url":"","jetpack_sharing_enabled":true,"publishpress_future_workflow_manual_trigger":{"enabledWorkflows":[]},"_links":{"self":[{"href":"https:\/\/blogdoeloiltoncajuhy.com.br\/site\/wp-json\/wp\/v2\/posts\/29821","targetHints":{"allow":["GET"]}}],"collection":[{"href":"https:\/\/blogdoeloiltoncajuhy.com.br\/site\/wp-json\/wp\/v2\/posts"}],"about":[{"href":"https:\/\/blogdoeloiltoncajuhy.com.br\/site\/wp-json\/wp\/v2\/types\/post"}],"author":[{"embeddable":true,"href":"https:\/\/blogdoeloiltoncajuhy.com.br\/site\/wp-json\/wp\/v2\/users\/2"}],"replies":[{"embeddable":true,"href":"https:\/\/blogdoeloiltoncajuhy.com.br\/site\/wp-json\/wp\/v2\/comments?post=29821"}],"version-history":[{"count":1,"href":"https:\/\/blogdoeloiltoncajuhy.com.br\/site\/wp-json\/wp\/v2\/posts\/29821\/revisions"}],"predecessor-version":[{"id":29822,"href":"https:\/\/blogdoeloiltoncajuhy.com.br\/site\/wp-json\/wp\/v2\/posts\/29821\/revisions\/29822"}],"wp:attachment":[{"href":"https:\/\/blogdoeloiltoncajuhy.com.br\/site\/wp-json\/wp\/v2\/media?parent=29821"}],"wp:term":[{"taxonomy":"category","embeddable":true,"href":"https:\/\/blogdoeloiltoncajuhy.com.br\/site\/wp-json\/wp\/v2\/categories?post=29821"},{"taxonomy":"post_tag","embeddable":true,"href":"https:\/\/blogdoeloiltoncajuhy.com.br\/site\/wp-json\/wp\/v2\/tags?post=29821"}],"curies":[{"name":"wp","href":"https:\/\/api.w.org\/{rel}","templated":true}]}}