{"id":29817,"date":"2018-12-10T10:11:47","date_gmt":"2018-12-10T13:11:47","guid":{"rendered":"http:\/\/blogdoeloiltoncajuhy.com.br\/site\/?p=29817"},"modified":"2018-12-10T10:12:45","modified_gmt":"2018-12-10T13:12:45","slug":"confira-as-ocorrencias-do-final-semana-registradas-pela-pm-de-senhor-do-bonfim","status":"publish","type":"post","link":"https:\/\/blogdoeloiltoncajuhy.com.br\/site\/confira-as-ocorrencias-do-final-semana-registradas-pela-pm-de-senhor-do-bonfim\/","title":{"rendered":"Confira as ocorr\u00eancias do final semana registradas pela PM de Senhor do Bonfim"},"content":{"rendered":"\n<h5 class=\"wp-block-heading\" style=\"text-align:center\"><em>Registros foram feitos pelo 6\u00ba BPM<\/em><\/h5>\n\n\n\n<div class=\"wp-block-image\"><figure class=\"aligncenter is-resized\"><img data-recalc-dims=\"1\" fetchpriority=\"high\" decoding=\"async\" src=\"https:\/\/i0.wp.com\/blogdoeloiltoncajuhy.com.br\/site\/wp-content\/uploads\/2015\/12\/pol%C3%ADcia.jpg?resize=463%2C325\" alt=\"\" class=\"wp-image-6606\" width=\"463\" height=\"325\" srcset=\"https:\/\/i0.wp.com\/blogdoeloiltoncajuhy.com.br\/site\/wp-content\/uploads\/2015\/12\/pol%C3%ADcia.jpg?w=385&amp;ssl=1 385w, https:\/\/i0.wp.com\/blogdoeloiltoncajuhy.com.br\/site\/wp-content\/uploads\/2015\/12\/pol%C3%ADcia.jpg?resize=300%2C210&amp;ssl=1 300w, https:\/\/i0.wp.com\/blogdoeloiltoncajuhy.com.br\/site\/wp-content\/uploads\/2015\/12\/pol%C3%ADcia.jpg?resize=250%2C175&amp;ssl=1 250w\" sizes=\"(max-width: 463px) 100vw, 463px\" \/><\/figure><\/div>\n\n\n\n<p><strong>POLICIAIS DO 6\u00ba BATALH\u00c3O\/PILAR AGEM DE ACORDO COM A LEI MARIA DA PENHA E SALVAM MULHER DE AGRESS\u00d5ES F\u00cdSICAS COMETIDA PELO COMPANHEIRO<\/strong><br><\/p>\n\n\n\n<p>Por volta das 08h do dia 07, sexta-feira, a Guarni\u00e7\u00e3o da 3\u00aa CIA em Pilar, apresentou na Delegacia de Senhor do Bonfim, um indiv\u00edduo, acusado de agredir fisicamente a sua companheira do Distrito de Pilar. O acusado foi autuado em flagrante baseado na Lei n\u00ba 11340\/06, Lei Maria da Penha.<\/p>\n\n\n\n<p><strong>GUARNI\u00c7\u00c3O DO 6\u00ba BPM FAZ APREENS\u00c3O DE DROGA EM SENHOR DO BONFIM<\/strong><br> <\/p>\n\n\n\n<p>Na tarde do dia 7, sexta-feira, \u00e0s 15h30, a Guarni\u00e7\u00e3o ROCAM, em Ronda na Rua Volta Redonda, Alto da Maravilha, abordou um individuo que portava 3 dol\u00f5es de ervas aparentado ser maconha. O acusado e o material foram apresentados na Delegacia de Pol\u00edcia de Senhor do Bonfim, onde foi lavrado o Termo Circunstanciado de Ocorr\u00eancia (TCO).<br><\/p>\n\n\n\n<p>Por volta de 19h50 do dia 08, s\u00e1bado, a guarni\u00e7\u00e3o da ROCAM, em atendimento a chamado do CICOM, deslocou-se at\u00e9 o Cal\u00e7ad\u00e3o, onde havia usu\u00e1rios de drogas fazendo uso de entorpecentes no local. Ao\u00a0chegar at\u00e9 o local indicado, abordou um menor de 16 anos, que portava uma pequena \u201ctrouxinha\u201d de maconha. Ele foi conduzido \u00e0 Delegacia de Pol\u00edcia.<\/p>\n\n\n\n<p><strong>GUARNI\u00c7\u00c3O CETO\/6\u00ba BPM EVITA HOMIC\u00cdDIO E RETIRA ARMA BRANCA DE CIRCULA\u00c7\u00c3O<\/strong><br><\/p>\n\n\n\n<p>Por volta das 21h45, do dia 07, sexta-feira, a Guarni\u00e7\u00e3o CETO de Senhor do Bonfim, foi informada pelo CICOM que na Rua Durval Torres, tinha um indiv\u00edduo com uma arma branca, tipo fac\u00e3o, amea\u00e7ando uma senhora. <\/p>\n\n\n\n<p>Chegando ao local a v\u00edtima informou que o acusado a amea\u00e7ou de morte e informou as caracter\u00edsticas do acusado. A guarni\u00e7\u00e3o fazendo rondas nas imedia\u00e7\u00f5es, localizou o acusado em posse do fac\u00e3o e o conduziu, juntamente com a v\u00edtima, para o complexo para ser adotadas as medidas cab\u00edveis. Registrado Termo Circunstanciado de Ocorr\u00eancia (TCO).<\/p>\n\n\n\n<p><strong>POLICIAIS DO 6\u00ba BATALH\u00c3O ATUAM EM CRIME DE LEI SECA EVITANDO POSS\u00cdVEIS ACIDENTES DE TR\u00c2NSITO<\/strong><br><\/p>\n\n\n\n<p>Na tarde de s\u00e1bado, 8, por volta de 15h30, a Guarni\u00e7\u00e3o da Ronda Distrital ao deslocar para o distrito de Igara, avistou um ve\u00edculo Fiesta, cor Prata, que trafegava sentido Senhor do Bonfim invadindo a faixa contraria. A Guarni\u00e7\u00e3o sinalizou para que o condutor parasse o ve\u00edculo, mas ele n\u00e3o atendeu.<\/p>\n\n\n\n<p>Logo iniciou-se o acompanhamento, conseguindo fazer o condutor parar o veiculo somente nas proximidades do col\u00e9gio CODETAN, onde foi feita abordagem. Ao abordar o condutor do ve\u00edculo, foi observado que ele apresentava vis\u00edveis sinais de embriaguez.<\/p>\n\n\n\n<p>O abordado foi conduzido ao posto da PRF para fazer o teste de alcoolemia, onde foi constatada a embriaguez. Posteriormente, foi conduzido \u00e0 Delegacia de Pol\u00edcia onde foi lavrado flagrante.<\/p>\n\n\n\n<p><strong>PM TRABALHA NA PROMO\u00c7\u00c3O DA ORDEM P\u00daBLICA E ATUA PRESERVANDO INTEGRIDADE F\u00cdSICA DE ENVOLVIDOS EM VIAS DE FATO<\/strong><br><\/p>\n\n\n\n<p>Por volta de 2h deste domingo (09), a Guarni\u00e7\u00e3o da 1\u00aa CIA, atendendo a chamado do CICOM, deslocou-se at\u00e9 o Stop Beer, onde duas senhoras estavam amea\u00e7ando-se mutuamente e trocando agress\u00f5es f\u00edsicas. Diante dos fatos, elas foram conduzidas \u00e0 Delegacia onde foi lavrado Termo Circunstanciado de Ocorr\u00eancia (TCO).<br><\/p>\n\n\n\n<p>No domingo, 9, por volta de 1h20, uma guarni\u00e7\u00e3o da 1\u00aa CIA, atendendo a chamado do CICOM, deslocou-se at\u00e9 o Conjunto Habitacional \u00c1guas Claras, onde duas mulheres estavam trocando agress\u00f5es f\u00edsicas. Diante dos fatos, as duas foram conduzidas \u00e0 Delegacia onde foi lavrado Termo Circunstanciado de Ocorr\u00eancia (TCO).<\/p>\n\n\n\n<p><strong><em>BLOG DO ELOILTON CAJUHY &#8211; Com informa\u00e7\u00f5es do 6\u00ba BPM\/Senhor do Bonfim<\/em><\/strong><\/p>\n","protected":false},"excerpt":{"rendered":"<p>Registros foram feitos pelo 6\u00ba BPM POLICIAIS DO 6\u00ba BATALH\u00c3O\/PILAR AGEM DE ACORDO COM A LEI MARIA DA PENHA E SALVAM MULHER DE AGRESS\u00d5ES F\u00cdSICAS COMETIDA PELO COMPANHEIRO Por volta das 08h do dia 07, sexta-feira, a Guarni\u00e7\u00e3o da 3\u00aa CIA em Pilar, apresentou na Delegacia de Senhor do Bonfim, um indiv\u00edduo, acusado de agredir [&hellip;]<\/p>\n","protected":false},"author":2,"featured_media":0,"comment_status":"open","ping_status":"open","sticky":false,"template":"","format":"standard","meta":{"_acf_changed":false,"_monsterinsights_skip_tracking":false,"_monsterinsights_sitenote_active":false,"_monsterinsights_sitenote_note":"","_monsterinsights_sitenote_category":0,"_jetpack_memberships_contains_paid_content":false,"footnotes":"","jetpack_publicize_message":"","jetpack_publicize_feature_enabled":true,"jetpack_social_post_already_shared":true,"jetpack_social_options":{"image_generator_settings":{"template":"highway","default_image_id":0,"font":"","enabled":false},"version":2}},"categories":[5,1],"tags":[],"class_list":["post-29817","post","type-post","status-publish","format-standard","hentry","category-cotidiano","category-noticias"],"acf":[],"jetpack_publicize_connections":[],"jetpack_featured_media_url":"","jetpack_sharing_enabled":true,"publishpress_future_workflow_manual_trigger":{"enabledWorkflows":[]},"_links":{"self":[{"href":"https:\/\/blogdoeloiltoncajuhy.com.br\/site\/wp-json\/wp\/v2\/posts\/29817","targetHints":{"allow":["GET"]}}],"collection":[{"href":"https:\/\/blogdoeloiltoncajuhy.com.br\/site\/wp-json\/wp\/v2\/posts"}],"about":[{"href":"https:\/\/blogdoeloiltoncajuhy.com.br\/site\/wp-json\/wp\/v2\/types\/post"}],"author":[{"embeddable":true,"href":"https:\/\/blogdoeloiltoncajuhy.com.br\/site\/wp-json\/wp\/v2\/users\/2"}],"replies":[{"embeddable":true,"href":"https:\/\/blogdoeloiltoncajuhy.com.br\/site\/wp-json\/wp\/v2\/comments?post=29817"}],"version-history":[{"count":2,"href":"https:\/\/blogdoeloiltoncajuhy.com.br\/site\/wp-json\/wp\/v2\/posts\/29817\/revisions"}],"predecessor-version":[{"id":29820,"href":"https:\/\/blogdoeloiltoncajuhy.com.br\/site\/wp-json\/wp\/v2\/posts\/29817\/revisions\/29820"}],"wp:attachment":[{"href":"https:\/\/blogdoeloiltoncajuhy.com.br\/site\/wp-json\/wp\/v2\/media?parent=29817"}],"wp:term":[{"taxonomy":"category","embeddable":true,"href":"https:\/\/blogdoeloiltoncajuhy.com.br\/site\/wp-json\/wp\/v2\/categories?post=29817"},{"taxonomy":"post_tag","embeddable":true,"href":"https:\/\/blogdoeloiltoncajuhy.com.br\/site\/wp-json\/wp\/v2\/tags?post=29817"}],"curies":[{"name":"wp","href":"https:\/\/api.w.org\/{rel}","templated":true}]}}