{"id":29810,"date":"2018-12-09T19:53:56","date_gmt":"2018-12-09T22:53:56","guid":{"rendered":"http:\/\/blogdoeloiltoncajuhy.com.br\/site\/?p=29810"},"modified":"2018-12-09T19:56:13","modified_gmt":"2018-12-09T22:56:13","slug":"flagrantes-da-chuva-video-registra-colisao-na-estrada-bonfim-umburana","status":"publish","type":"post","link":"https:\/\/blogdoeloiltoncajuhy.com.br\/site\/flagrantes-da-chuva-video-registra-colisao-na-estrada-bonfim-umburana\/","title":{"rendered":"Flagrantes da chuva: V\u00eddeo registra colis\u00e3o na estrada Bonfim\/Umburana"},"content":{"rendered":"\n<div class=\"wp-block-image\"><figure class=\"aligncenter is-resized\"><img data-recalc-dims=\"1\" fetchpriority=\"high\" decoding=\"async\" src=\"https:\/\/i0.wp.com\/blogdoeloiltoncajuhy.com.br\/site\/wp-content\/uploads\/2018\/12\/chuvas-jacobina_dez2018.jpg?resize=378%2C504\" alt=\"\" class=\"wp-image-29811\" width=\"378\" height=\"504\" srcset=\"https:\/\/i0.wp.com\/blogdoeloiltoncajuhy.com.br\/site\/wp-content\/uploads\/2018\/12\/chuvas-jacobina_dez2018.jpg?resize=768%2C1024&amp;ssl=1 768w, https:\/\/i0.wp.com\/blogdoeloiltoncajuhy.com.br\/site\/wp-content\/uploads\/2018\/12\/chuvas-jacobina_dez2018.jpg?resize=225%2C300&amp;ssl=1 225w, https:\/\/i0.wp.com\/blogdoeloiltoncajuhy.com.br\/site\/wp-content\/uploads\/2018\/12\/chuvas-jacobina_dez2018.jpg?resize=188%2C250&amp;ssl=1 188w, https:\/\/i0.wp.com\/blogdoeloiltoncajuhy.com.br\/site\/wp-content\/uploads\/2018\/12\/chuvas-jacobina_dez2018.jpg?w=780&amp;ssl=1 780w\" sizes=\"(max-width: 378px) 100vw, 378px\" \/><figcaption>Jacobina sofreu com a intensidade das chuvas (Foto: Reprodu\u00e7\u00e3o WhatsApp)<\/figcaption><\/figure><\/div>\n\n\n\n<p>Senhor do Bonfim e regi\u00e3o comemoram a chegada da chuva. Na madrugada e manh\u00e3 deste domingo (09) choveu em todos os munic\u00edpios do Territ\u00f3rio Piemonte Norte do Itapicuru.<\/p>\n\n\n\n<p>Em algumas localidades, a chuva trouxe esperan\u00e7a, mas tamb\u00e9m provocou alguns estragos. A estrada que liga Senhor do Bonfim ao Povoado de Umburana, que est\u00e1 passando por obras de asfaltamento, ficou praticamente intransit\u00e1vel.<\/p>\n\n\n\n<p>De celular na m\u00e3o, as pessoas fizeram registros em fotos e v\u00eddeos, que se espalham pelas redes sociais.<\/p>\n\n\n\n<p><strong>Veja abaixo alguns desses v\u00eddeos. Um deles mostra uma colis\u00e3o entre ve\u00edculos na estrada de Umburana:<\/strong><\/p>\n\n\n\n<figure class=\"wp-block-embed-youtube wp-block-embed is-type-video is-provider-youtube wp-embed-aspect-4-3 wp-has-aspect-ratio\"><div class=\"wp-block-embed__wrapper\">\n<iframe title=\"Chuvas em Senhor do Bonfim   Dezembro 2018\" width=\"800\" height=\"600\" src=\"https:\/\/www.youtube.com\/embed\/XL60rH8XeP4?feature=oembed\" frameborder=\"0\" allow=\"accelerometer; autoplay; encrypted-media; gyroscope; picture-in-picture\" allowfullscreen><\/iframe>\n<\/div><figcaption>Colis\u00e3o entre ve\u00edculos na estrada de Umburana (Reprodu\u00e7\u00e3o WhatsApp)<br><\/figcaption><\/figure>\n\n\n\n<figure class=\"wp-block-embed-youtube wp-block-embed is-type-video is-provider-youtube wp-embed-aspect-4-3 wp-has-aspect-ratio\"><div class=\"wp-block-embed__wrapper\">\n<iframe title=\"Chuvas em Senhor do Bonfim   Dezembro 2018   Umburana\" width=\"800\" height=\"600\" src=\"https:\/\/www.youtube.com\/embed\/dolN077jR-c?feature=oembed\" frameborder=\"0\" allow=\"accelerometer; autoplay; encrypted-media; gyroscope; picture-in-picture\" allowfullscreen><\/iframe>\n<\/div><figcaption>Caminh\u00e3o n\u00e3o conseguiu subir ladeira na estrada de Umburana (Reprodu\u00e7\u00e3o WhatsApp)<\/figcaption><\/figure>\n\n\n\n<figure class=\"wp-block-embed-youtube wp-block-embed is-type-video is-provider-youtube wp-embed-aspect-4-3 wp-has-aspect-ratio\"><div class=\"wp-block-embed__wrapper\">\n<iframe title=\"Chuvas em Senhor do Bonfim   Dezembro 2018   Canal da Mal\u00e1ria\" width=\"800\" height=\"600\" src=\"https:\/\/www.youtube.com\/embed\/etq_sFeQPCk?feature=oembed\" frameborder=\"0\" allow=\"accelerometer; autoplay; encrypted-media; gyroscope; picture-in-picture\" allowfullscreen><\/iframe>\n<\/div><figcaption>Canal da Mal\u00e1ria em Senhor do Bonfim transbordou (Reprodu\u00e7\u00e3o WhatsApp)<\/figcaption><\/figure>\n\n\n\n<figure class=\"wp-block-embed-youtube wp-block-embed is-type-video is-provider-youtube wp-embed-aspect-16-9 wp-has-aspect-ratio\"><div class=\"wp-block-embed__wrapper\">\n<iframe title=\"Chuvas na regi\u00e3o de Bonfim   Dezembro 2018   Po\u00e7os Campo Formoso\" width=\"800\" height=\"450\" src=\"https:\/\/www.youtube.com\/embed\/Yt7sccwNPts?feature=oembed\" frameborder=\"0\" allow=\"accelerometer; autoplay; encrypted-media; gyroscope; picture-in-picture\" allowfullscreen><\/iframe>\n<\/div><figcaption>Correnteza levou planta\u00e7\u00e3o de capim em Po\u00e7os, munic\u00edpio de Campo Formoso (Reprodu\u00e7\u00e3o WhatsApp)<\/figcaption><\/figure>\n\n\n\n<p><strong>BLOG DO ELOILTON CAJUHY<\/strong><\/p>\n","protected":false},"excerpt":{"rendered":"<p>Senhor do Bonfim e regi\u00e3o comemoram a chegada da chuva. Na madrugada e manh\u00e3 deste domingo (09) choveu em todos os munic\u00edpios do Territ\u00f3rio Piemonte Norte do Itapicuru. Em algumas localidades, a chuva trouxe esperan\u00e7a, mas tamb\u00e9m provocou alguns estragos. A estrada que liga Senhor do Bonfim ao Povoado de Umburana, que est\u00e1 passando por [&hellip;]<\/p>\n","protected":false},"author":2,"featured_media":29811,"comment_status":"open","ping_status":"open","sticky":false,"template":"","format":"standard","meta":{"_acf_changed":false,"_monsterinsights_skip_tracking":false,"_monsterinsights_sitenote_active":false,"_monsterinsights_sitenote_note":"","_monsterinsights_sitenote_category":0,"_jetpack_memberships_contains_paid_content":false,"footnotes":"","jetpack_publicize_message":"","jetpack_publicize_feature_enabled":true,"jetpack_social_post_already_shared":true,"jetpack_social_options":{"image_generator_settings":{"template":"highway","default_image_id":0,"font":"","enabled":false},"version":2}},"categories":[1,4],"tags":[],"class_list":["post-29810","post","type-post","status-publish","format-standard","has-post-thumbnail","hentry","category-noticias","category-local"],"acf":[],"jetpack_publicize_connections":[],"jetpack_featured_media_url":"https:\/\/i0.wp.com\/blogdoeloiltoncajuhy.com.br\/site\/wp-content\/uploads\/2018\/12\/chuvas-jacobina_dez2018.jpg?fit=780%2C1040&ssl=1","jetpack_sharing_enabled":true,"publishpress_future_workflow_manual_trigger":{"enabledWorkflows":[]},"_links":{"self":[{"href":"https:\/\/blogdoeloiltoncajuhy.com.br\/site\/wp-json\/wp\/v2\/posts\/29810","targetHints":{"allow":["GET"]}}],"collection":[{"href":"https:\/\/blogdoeloiltoncajuhy.com.br\/site\/wp-json\/wp\/v2\/posts"}],"about":[{"href":"https:\/\/blogdoeloiltoncajuhy.com.br\/site\/wp-json\/wp\/v2\/types\/post"}],"author":[{"embeddable":true,"href":"https:\/\/blogdoeloiltoncajuhy.com.br\/site\/wp-json\/wp\/v2\/users\/2"}],"replies":[{"embeddable":true,"href":"https:\/\/blogdoeloiltoncajuhy.com.br\/site\/wp-json\/wp\/v2\/comments?post=29810"}],"version-history":[{"count":2,"href":"https:\/\/blogdoeloiltoncajuhy.com.br\/site\/wp-json\/wp\/v2\/posts\/29810\/revisions"}],"predecessor-version":[{"id":29813,"href":"https:\/\/blogdoeloiltoncajuhy.com.br\/site\/wp-json\/wp\/v2\/posts\/29810\/revisions\/29813"}],"wp:featuredmedia":[{"embeddable":true,"href":"https:\/\/blogdoeloiltoncajuhy.com.br\/site\/wp-json\/wp\/v2\/media\/29811"}],"wp:attachment":[{"href":"https:\/\/blogdoeloiltoncajuhy.com.br\/site\/wp-json\/wp\/v2\/media?parent=29810"}],"wp:term":[{"taxonomy":"category","embeddable":true,"href":"https:\/\/blogdoeloiltoncajuhy.com.br\/site\/wp-json\/wp\/v2\/categories?post=29810"},{"taxonomy":"post_tag","embeddable":true,"href":"https:\/\/blogdoeloiltoncajuhy.com.br\/site\/wp-json\/wp\/v2\/tags?post=29810"}],"curies":[{"name":"wp","href":"https:\/\/api.w.org\/{rel}","templated":true}]}}