{"id":29805,"date":"2018-12-09T11:49:12","date_gmt":"2018-12-09T14:49:12","guid":{"rendered":"http:\/\/blogdoeloiltoncajuhy.com.br\/site\/?p=29805"},"modified":"2018-12-09T11:49:18","modified_gmt":"2018-12-09T14:49:18","slug":"concursos-14-orgaos-abrem-as-inscricoes-nesta-segunda-para-15-mil-vagas","status":"publish","type":"post","link":"https:\/\/blogdoeloiltoncajuhy.com.br\/site\/concursos-14-orgaos-abrem-as-inscricoes-nesta-segunda-para-15-mil-vagas\/","title":{"rendered":"Concursos: 14 \u00f3rg\u00e3os abrem as inscri\u00e7\u00f5es nesta segunda para 1,5 mil vagas"},"content":{"rendered":"\n<h5 class=\"wp-block-heading\"><em>Cargos s\u00e3o de todos os n\u00edveis de escolaridade; os sal\u00e1rios chegam a R$ 15.537,38<\/em><\/h5>\n\n\n\n<div class=\"wp-block-image\"><figure class=\"aligncenter is-resized\"><img data-recalc-dims=\"1\" fetchpriority=\"high\" decoding=\"async\" src=\"https:\/\/i0.wp.com\/blogdoeloiltoncajuhy.com.br\/site\/wp-content\/uploads\/2018\/09\/concursos_set2018.jpg?resize=531%2C354\" alt=\"\" class=\"wp-image-27615\" width=\"531\" height=\"354\" srcset=\"https:\/\/i0.wp.com\/blogdoeloiltoncajuhy.com.br\/site\/wp-content\/uploads\/2018\/09\/concursos_set2018.jpg?w=984&amp;ssl=1 984w, https:\/\/i0.wp.com\/blogdoeloiltoncajuhy.com.br\/site\/wp-content\/uploads\/2018\/09\/concursos_set2018.jpg?resize=300%2C200&amp;ssl=1 300w, https:\/\/i0.wp.com\/blogdoeloiltoncajuhy.com.br\/site\/wp-content\/uploads\/2018\/09\/concursos_set2018.jpg?resize=768%2C512&amp;ssl=1 768w, https:\/\/i0.wp.com\/blogdoeloiltoncajuhy.com.br\/site\/wp-content\/uploads\/2018\/09\/concursos_set2018.jpg?resize=250%2C167&amp;ssl=1 250w\" sizes=\"(max-width: 531px) 100vw, 531px\" \/><\/figure><\/div>\n\n\n\n<p>Pelo menos 14 \u00f3rg\u00e3os p\u00fablicos abrem as inscri\u00e7\u00f5es nesta segunda-feira (10) para cerca de 1,5 mil vagas em cargos de todos os n\u00edveis de escolaridade. S\u00f3 na Universidade Estadual do Oeste do Paran\u00e1 (Unioeste) s\u00e3o 663 vagas, com remunera\u00e7\u00e3o de at\u00e9 R$ 4.915,55.<\/p>\n\n\n\n<p>Entre os demais concursos, os sal\u00e1rios chegam a R$ 15.537,38 na Prefeitura de Foz do Igua\u00e7u, no Paran\u00e1.<\/p>\n\n\n\n<p><a href=\"http:\/\/especiais.g1.globo.com\/economia\/concursos-e-emprego\/lista-de-concursos-publicos-e-vagas-de-emprego\/\" target=\"_blank\" rel=\"noreferrer noopener\">CONFIRA A LISTA COMPLETA DE CONCURSOS<\/a><\/p>\n\n\n\n<p>Veja abaixo os detalhes dos concursos:<\/p>\n\n\n\n<h2 class=\"wp-block-heading\">C\u00e2mara Municipal de Cl\u00e1udio (MG)<\/h2>\n\n\n\n<ul class=\"wp-block-list\"><li>Inscri\u00e7\u00f5es: at\u00e9 18\/01\/19<\/li><li>6 vagas<\/li><li>Sal\u00e1rios de at\u00e9 R$ 4.017,60<\/li><li>Cargos de n\u00edvel fundamental, m\u00e9dio e superior<\/li><li><a href=\"http:\/\/www.imamconcursos.org.br\/site\/processo_seletivo_detalhes.aspx?id=867E55A249C03F8E\" target=\"_blank\" rel=\"noreferrer noopener\">Veja o edital<\/a><\/li><\/ul>\n\n\n\n<h2 class=\"wp-block-heading\">Prefeitura de Brusque (SC)<\/h2>\n\n\n\n<ul class=\"wp-block-list\"><li>Inscri\u00e7\u00f5es: at\u00e9 19\/12\/208<\/li><li>40 vagas<\/li><li>Sal\u00e1rios de at\u00e9 R$ 1.270,71<\/li><li>Cargos de n\u00edvel fundamental<\/li><li><a href=\"https:\/\/www.scconcursos.com.br\/edital\/ver\/1958\" target=\"_blank\" rel=\"noreferrer noopener\">Veja o edital<\/a><\/li><\/ul>\n\n\n\n<h2 class=\"wp-block-heading\">Prefeitura de Damol\u00e2ndia (GO)<\/h2>\n\n\n\n<ul class=\"wp-block-list\"><li>Inscri\u00e7\u00f5es: at\u00e9 10\/01\/2019<\/li><li>44 vagas<\/li><li>Sal\u00e1rios de at\u00e9 R$ 2.135,00<\/li><li>Cargos de n\u00edvel fundamental, m\u00e9dio e superior<\/li><li><a href=\"https:\/\/www.consulpam.com.br\/index.php?menu=concursos&amp;acao=ver&amp;id=144\" target=\"_blank\" rel=\"noreferrer noopener\">Veja o edital<\/a><\/li><\/ul>\n\n\n\n<h2 class=\"wp-block-heading\">Prefeitura de Petrolina (PE)<\/h2>\n\n\n\n<ul class=\"wp-block-list\"><li>Inscri\u00e7\u00f5es: at\u00e9 13\/01\/2019<\/li><li>375 vagas<\/li><li>Sal\u00e1rios de at\u00e9 R$ 9.533,15<\/li><li>Cargos de n\u00edvel m\u00e9dio e superior<\/li><li><a href=\"http:\/\/www.upenet.com.br\/\" target=\"_blank\" rel=\"noreferrer noopener\">Veja o edital<\/a><\/li><\/ul>\n\n\n\n<h2 class=\"wp-block-heading\">Prefeitura de S\u00e3o Bento do Una (PE)<\/h2>\n\n\n\n<ul class=\"wp-block-list\"><li>Inscri\u00e7\u00f5es: at\u00e9 17\/12\/2018<\/li><li>154 vagas<\/li><li>Sal\u00e1rios de at\u00e9 R$ 10,68 hora\/aula<\/li><li>Cargos de n\u00edvel superior<\/li><li><a href=\"http:\/\/www.diariomunicipal.com.br\/amupe\/o-que-e\" target=\"_blank\" rel=\"noreferrer noopener\">Veja o edital<\/a><\/li><\/ul>\n\n\n\n<h2 class=\"wp-block-heading\">Prefeitura de S\u00e3o Jo\u00e3o da Boa Vista (SP)<\/h2>\n\n\n\n<ul class=\"wp-block-list\"><li>Inscri\u00e7\u00f5es: at\u00e9 07\/01\/2019<\/li><li>2 vagas<\/li><li>Sal\u00e1rios de at\u00e9 R$ 2.241,00<\/li><li>Cargos de n\u00edvel m\u00e9dio<\/li><li><a href=\"http:\/\/www.concursos.ipefae.org.br\/\" target=\"_blank\" rel=\"noreferrer noopener\">Veja o edital<\/a><\/li><\/ul>\n\n\n\n<h2 class=\"wp-block-heading\">Prefeitura de S\u00e3o Jos\u00e9 de Mipibu (RN)<\/h2>\n\n\n\n<ul class=\"wp-block-list\"><li>Inscri\u00e7\u00f5es: at\u00e9 11\/12\/2018<\/li><li>148 vagas<\/li><li>Sal\u00e1rios de at\u00e9 R$ 6.000,00<\/li><li>Cargos de n\u00edveis fundamental, m\u00e9dio e superior<\/li><li><a href=\"http:\/\/www.saojosedemipibu.rn.gov.br\/gabinete\/3\/saude\/\" target=\"_blank\" rel=\"noreferrer noopener\">Veja o edital<\/a><\/li><\/ul>\n\n\n\n<h2 class=\"wp-block-heading\">Universidade Federal do Oeste do Paran\u00e1 (Unioeste)<\/h2>\n\n\n\n<ul class=\"wp-block-list\"><li>Inscri\u00e7\u00f5es: at\u00e9 04\/02\/2019<\/li><li>613 vagas<\/li><li>Sal\u00e1rios de at\u00e9 R$ 4.915,55<\/li><li>Cargos de n\u00edvel m\u00e9dio e t\u00e9cnico<\/li><li><a href=\"http:\/\/www.unioeste.br\/\" target=\"_blank\" rel=\"noreferrer noopener\">Veja o edital<\/a><\/li><\/ul>\n\n\n\n<h2 class=\"wp-block-heading\">Prefeitura de Foz do Igua\u00e7u (PR)<\/h2>\n\n\n\n<ul class=\"wp-block-list\"><li>Inscri\u00e7\u00f5es: at\u00e9 08\/01\/2019<\/li><li>109 vagas<\/li><li>Sal\u00e1rios de at\u00e9 R$ 15.537,38<\/li><li>Cargos de n\u00edvel m\u00e9dio e superior<\/li><li><a href=\"https:\/\/www.fundacaofafipa.org.br\/informacoes\/3643\/\" target=\"_blank\" rel=\"noreferrer noopener\">Veja o edital<\/a><\/li><\/ul>\n\n\n\n<h2 class=\"wp-block-heading\">Prefeitura de Curi\u00fava (PR)<\/h2>\n\n\n\n<ul class=\"wp-block-list\"><li>Inscri\u00e7\u00f5es: at\u00e9 23\/01\/2019<\/li><li>9 vagas<\/li><li>Sal\u00e1rios de at\u00e9 R$ 9.571,02<\/li><li>Cargos de n\u00edvel superior<\/li><li><a href=\"https:\/\/www.fundacaofafipa.org.br\/informacoes\/3641\/\" target=\"_blank\" rel=\"noreferrer noopener\">Veja o edital<\/a><\/li><\/ul>\n\n\n\n<h2 class=\"wp-block-heading\">Prefeitura de Castelo (ES)<\/h2>\n\n\n\n<ul class=\"wp-block-list\"><li>Inscri\u00e7\u00f5es: at\u00e9 12\/12\/2018<\/li><li>7 vagas<\/li><li>Sal\u00e1rios de at\u00e9 R$ 2.683,57<\/li><li>Cargos de n\u00edvel superior<\/li><li><a href=\"http:\/\/www.castelo.es.gov.br\/site\/conteudo.asp?codigo=8100\" target=\"_blank\" rel=\"noreferrer noopener\">Veja o edital<\/a><\/li><\/ul>\n\n\n\n<h2 class=\"wp-block-heading\">Prefeitura de Terra Boa (PR)<\/h2>\n\n\n\n<ul class=\"wp-block-list\"><li>Inscri\u00e7\u00f5es: at\u00e9 08\/01\/2019<\/li><li>2 vagas<\/li><li>Sal\u00e1rios de at\u00e9 R$ 13.417,20<\/li><li>Cargos de n\u00edvel superior<\/li><li><a rel=\"noreferrer noopener\" href=\"http:\/\/www.institutounifil.com.br\/concurso\/41\" target=\"_blank\">Veja o edital<\/a><\/li><\/ul>\n\n\n\n<h2 class=\"wp-block-heading\">Servi\u00e7o Aut\u00f4nomo de \u00c1gua e Esgoto de S\u00e3o Gabriel do Oeste (MS)<\/h2>\n\n\n\n<ul class=\"wp-block-list\"><li>Inscri\u00e7\u00f5es: at\u00e9 14\/12\/2018<\/li><li>Cargos de n\u00edvel, m\u00e9dio e superior<\/li><li><a href=\"http:\/\/www.saaesaogabriel.ms.gov.br\/\" target=\"_blank\" rel=\"noreferrer noopener\">Veja o edital<\/a><\/li><\/ul>\n\n\n\n<h2 class=\"wp-block-heading\">Prefeitura de Araputanga (MT)<\/h2>\n\n\n\n<ul class=\"wp-block-list\"><li>Inscri\u00e7\u00f5es: at\u00e9 18\/12\/2018<\/li><li>25 vagas<\/li><li>Sal\u00e1rios de at\u00e9 R$ 1.573,28<\/li><li>Cargos de n\u00edvel m\u00e9dio e superior<\/li><li><a rel=\"noreferrer noopener\" href=\"http:\/\/www.araputanga.mt.gov.br\/\" target=\"_blank\">Veja o edital<\/a><\/li><\/ul>\n\n\n\n<p><strong>Por G1<\/strong> \u2014 Rio de Janeiro<\/p>\n","protected":false},"excerpt":{"rendered":"<p>Cargos s\u00e3o de todos os n\u00edveis de escolaridade; os sal\u00e1rios chegam a R$ 15.537,38 Pelo menos 14 \u00f3rg\u00e3os p\u00fablicos abrem as inscri\u00e7\u00f5es nesta segunda-feira (10) para cerca de 1,5 mil vagas em cargos de todos os n\u00edveis de escolaridade. S\u00f3 na Universidade Estadual do Oeste do Paran\u00e1 (Unioeste) s\u00e3o 663 vagas, com remunera\u00e7\u00e3o de at\u00e9 [&hellip;]<\/p>\n","protected":false},"author":2,"featured_media":0,"comment_status":"open","ping_status":"open","sticky":false,"template":"","format":"standard","meta":{"_acf_changed":false,"_monsterinsights_skip_tracking":false,"_monsterinsights_sitenote_active":false,"_monsterinsights_sitenote_note":"","_monsterinsights_sitenote_category":0,"_jetpack_memberships_contains_paid_content":false,"footnotes":"","jetpack_publicize_message":"","jetpack_publicize_feature_enabled":true,"jetpack_social_post_already_shared":true,"jetpack_social_options":{"image_generator_settings":{"template":"highway","default_image_id":0,"font":"","enabled":false},"version":2}},"categories":[5,1],"tags":[],"class_list":["post-29805","post","type-post","status-publish","format-standard","hentry","category-cotidiano","category-noticias"],"acf":[],"jetpack_publicize_connections":[],"jetpack_featured_media_url":"","jetpack_sharing_enabled":true,"publishpress_future_workflow_manual_trigger":{"enabledWorkflows":[]},"_links":{"self":[{"href":"https:\/\/blogdoeloiltoncajuhy.com.br\/site\/wp-json\/wp\/v2\/posts\/29805","targetHints":{"allow":["GET"]}}],"collection":[{"href":"https:\/\/blogdoeloiltoncajuhy.com.br\/site\/wp-json\/wp\/v2\/posts"}],"about":[{"href":"https:\/\/blogdoeloiltoncajuhy.com.br\/site\/wp-json\/wp\/v2\/types\/post"}],"author":[{"embeddable":true,"href":"https:\/\/blogdoeloiltoncajuhy.com.br\/site\/wp-json\/wp\/v2\/users\/2"}],"replies":[{"embeddable":true,"href":"https:\/\/blogdoeloiltoncajuhy.com.br\/site\/wp-json\/wp\/v2\/comments?post=29805"}],"version-history":[{"count":1,"href":"https:\/\/blogdoeloiltoncajuhy.com.br\/site\/wp-json\/wp\/v2\/posts\/29805\/revisions"}],"predecessor-version":[{"id":29806,"href":"https:\/\/blogdoeloiltoncajuhy.com.br\/site\/wp-json\/wp\/v2\/posts\/29805\/revisions\/29806"}],"wp:attachment":[{"href":"https:\/\/blogdoeloiltoncajuhy.com.br\/site\/wp-json\/wp\/v2\/media?parent=29805"}],"wp:term":[{"taxonomy":"category","embeddable":true,"href":"https:\/\/blogdoeloiltoncajuhy.com.br\/site\/wp-json\/wp\/v2\/categories?post=29805"},{"taxonomy":"post_tag","embeddable":true,"href":"https:\/\/blogdoeloiltoncajuhy.com.br\/site\/wp-json\/wp\/v2\/tags?post=29805"}],"curies":[{"name":"wp","href":"https:\/\/api.w.org\/{rel}","templated":true}]}}