{"id":29801,"date":"2018-12-09T10:19:38","date_gmt":"2018-12-09T13:19:38","guid":{"rendered":"http:\/\/blogdoeloiltoncajuhy.com.br\/site\/?p=29801"},"modified":"2018-12-09T10:19:44","modified_gmt":"2018-12-09T13:19:44","slug":"acao-conjunta-da-prf-e-pm-prende-traficante-em-senhor-do-bonfim","status":"publish","type":"post","link":"https:\/\/blogdoeloiltoncajuhy.com.br\/site\/acao-conjunta-da-prf-e-pm-prende-traficante-em-senhor-do-bonfim\/","title":{"rendered":"A\u00e7\u00e3o conjunta da PRF e PM prende traficante em Senhor do Bonfim"},"content":{"rendered":"\n<h5 class=\"wp-block-heading\"><em>O homem foi preso ap\u00f3s ser flagrado com entorpecentes dentro de um \u00f4nibus na BR 407<\/em><\/h5>\n\n\n\n<figure class=\"wp-block-image\"><img data-recalc-dims=\"1\" fetchpriority=\"high\" decoding=\"async\" width=\"800\" height=\"445\" src=\"https:\/\/i0.wp.com\/blogdoeloiltoncajuhy.com.br\/site\/wp-content\/uploads\/2018\/12\/PRF_apreensao-drogas-dez2018-01.jpeg?resize=800%2C445\" alt=\"\" class=\"wp-image-29802\" srcset=\"https:\/\/i0.wp.com\/blogdoeloiltoncajuhy.com.br\/site\/wp-content\/uploads\/2018\/12\/PRF_apreensao-drogas-dez2018-01.jpeg?w=800&amp;ssl=1 800w, https:\/\/i0.wp.com\/blogdoeloiltoncajuhy.com.br\/site\/wp-content\/uploads\/2018\/12\/PRF_apreensao-drogas-dez2018-01.jpeg?resize=300%2C167&amp;ssl=1 300w, https:\/\/i0.wp.com\/blogdoeloiltoncajuhy.com.br\/site\/wp-content\/uploads\/2018\/12\/PRF_apreensao-drogas-dez2018-01.jpeg?resize=768%2C427&amp;ssl=1 768w, https:\/\/i0.wp.com\/blogdoeloiltoncajuhy.com.br\/site\/wp-content\/uploads\/2018\/12\/PRF_apreensao-drogas-dez2018-01.jpeg?resize=250%2C139&amp;ssl=1 250w\" sizes=\"(max-width: 800px) 100vw, 800px\" \/><\/figure>\n\n\n\n<p>A Pol\u00edcia Rodovi\u00e1ria Federal com apoio da Pol\u00edcia Militar prendeu um passageiro de \u00f4nibus transportando crack e coca\u00edna durante fiscaliza\u00e7\u00e3o na noite de sexta-feira (7), em Senhor do Bonfim.<\/p>\n\n\n\n<p>O flagrante ocorreu ap\u00f3s abordagem ao coletivo, que havia sa\u00eddo de Salvador (BA) com destino a Juazeiro (BA). Ao fiscalizar o compartimento de bagagens, os policiais encontraram 5,4 kg de crack e aproximadamente 100 g de coca\u00edna.<\/p>\n\n\n\n<p>Um dos passageiros foi identificado como sendo o propriet\u00e1rio das drogas. Ele relatou que embarcou no \u00f4nibus na cidade de Feira de Santana (BA) e pretendia levar os entorpecentes at\u00e9 o Rio Grande do Norte.<\/p>\n\n\n\n<p>A ocorr\u00eancia foi encaminhada para a Delegacia de Pol\u00edcia Civil em Senhor do Bonfim. O crime de tr\u00e1fico de entorpecentes tem pena prevista de at\u00e9 15 anos de pris\u00e3o.<\/p>\n\n\n\n<figure class=\"wp-block-image\"><img data-recalc-dims=\"1\" decoding=\"async\" width=\"768\" height=\"487\" src=\"https:\/\/i0.wp.com\/blogdoeloiltoncajuhy.com.br\/site\/wp-content\/uploads\/2018\/12\/PRF_apreensao-drogas-dez2018-02.jpeg?resize=768%2C487\" alt=\"\" class=\"wp-image-29803\" srcset=\"https:\/\/i0.wp.com\/blogdoeloiltoncajuhy.com.br\/site\/wp-content\/uploads\/2018\/12\/PRF_apreensao-drogas-dez2018-02.jpeg?w=768&amp;ssl=1 768w, https:\/\/i0.wp.com\/blogdoeloiltoncajuhy.com.br\/site\/wp-content\/uploads\/2018\/12\/PRF_apreensao-drogas-dez2018-02.jpeg?resize=300%2C190&amp;ssl=1 300w, https:\/\/i0.wp.com\/blogdoeloiltoncajuhy.com.br\/site\/wp-content\/uploads\/2018\/12\/PRF_apreensao-drogas-dez2018-02.jpeg?resize=250%2C159&amp;ssl=1 250w\" sizes=\"(max-width: 768px) 100vw, 768px\" \/><\/figure>\n\n\n\n<p><strong><em>Ag\u00eancia PRF<\/em><\/strong><\/p>\n","protected":false},"excerpt":{"rendered":"<p>O homem foi preso ap\u00f3s ser flagrado com entorpecentes dentro de um \u00f4nibus na BR 407 A Pol\u00edcia Rodovi\u00e1ria Federal com apoio da Pol\u00edcia Militar prendeu um passageiro de \u00f4nibus transportando crack e coca\u00edna durante fiscaliza\u00e7\u00e3o na noite de sexta-feira (7), em Senhor do Bonfim. O flagrante ocorreu ap\u00f3s abordagem ao coletivo, que havia sa\u00eddo [&hellip;]<\/p>\n","protected":false},"author":2,"featured_media":29803,"comment_status":"open","ping_status":"open","sticky":false,"template":"","format":"standard","meta":{"_acf_changed":false,"_monsterinsights_skip_tracking":false,"_monsterinsights_sitenote_active":false,"_monsterinsights_sitenote_note":"","_monsterinsights_sitenote_category":0,"_jetpack_memberships_contains_paid_content":false,"footnotes":"","jetpack_publicize_message":"","jetpack_publicize_feature_enabled":true,"jetpack_social_post_already_shared":true,"jetpack_social_options":{"image_generator_settings":{"template":"highway","default_image_id":0,"font":"","enabled":false},"version":2}},"categories":[5,1,4],"tags":[],"class_list":["post-29801","post","type-post","status-publish","format-standard","has-post-thumbnail","hentry","category-cotidiano","category-noticias","category-local"],"acf":[],"jetpack_publicize_connections":[],"jetpack_featured_media_url":"https:\/\/i0.wp.com\/blogdoeloiltoncajuhy.com.br\/site\/wp-content\/uploads\/2018\/12\/PRF_apreensao-drogas-dez2018-02.jpeg?fit=768%2C487&ssl=1","jetpack_sharing_enabled":true,"publishpress_future_workflow_manual_trigger":{"enabledWorkflows":[]},"_links":{"self":[{"href":"https:\/\/blogdoeloiltoncajuhy.com.br\/site\/wp-json\/wp\/v2\/posts\/29801","targetHints":{"allow":["GET"]}}],"collection":[{"href":"https:\/\/blogdoeloiltoncajuhy.com.br\/site\/wp-json\/wp\/v2\/posts"}],"about":[{"href":"https:\/\/blogdoeloiltoncajuhy.com.br\/site\/wp-json\/wp\/v2\/types\/post"}],"author":[{"embeddable":true,"href":"https:\/\/blogdoeloiltoncajuhy.com.br\/site\/wp-json\/wp\/v2\/users\/2"}],"replies":[{"embeddable":true,"href":"https:\/\/blogdoeloiltoncajuhy.com.br\/site\/wp-json\/wp\/v2\/comments?post=29801"}],"version-history":[{"count":1,"href":"https:\/\/blogdoeloiltoncajuhy.com.br\/site\/wp-json\/wp\/v2\/posts\/29801\/revisions"}],"predecessor-version":[{"id":29804,"href":"https:\/\/blogdoeloiltoncajuhy.com.br\/site\/wp-json\/wp\/v2\/posts\/29801\/revisions\/29804"}],"wp:featuredmedia":[{"embeddable":true,"href":"https:\/\/blogdoeloiltoncajuhy.com.br\/site\/wp-json\/wp\/v2\/media\/29803"}],"wp:attachment":[{"href":"https:\/\/blogdoeloiltoncajuhy.com.br\/site\/wp-json\/wp\/v2\/media?parent=29801"}],"wp:term":[{"taxonomy":"category","embeddable":true,"href":"https:\/\/blogdoeloiltoncajuhy.com.br\/site\/wp-json\/wp\/v2\/categories?post=29801"},{"taxonomy":"post_tag","embeddable":true,"href":"https:\/\/blogdoeloiltoncajuhy.com.br\/site\/wp-json\/wp\/v2\/tags?post=29801"}],"curies":[{"name":"wp","href":"https:\/\/api.w.org\/{rel}","templated":true}]}}