{"id":29797,"date":"2018-12-08T18:55:21","date_gmt":"2018-12-08T21:55:21","guid":{"rendered":"http:\/\/blogdoeloiltoncajuhy.com.br\/site\/?p=29797"},"modified":"2018-12-08T18:55:27","modified_gmt":"2018-12-08T21:55:27","slug":"comece-o-domingo-meditando-lc-31-6","status":"publish","type":"post","link":"https:\/\/blogdoeloiltoncajuhy.com.br\/site\/comece-o-domingo-meditando-lc-31-6\/","title":{"rendered":"Comece o domingo meditando (Lc 3,1-6)"},"content":{"rendered":"\n<p style=\"text-align:center\" class=\"has-medium-font-size\"><strong>Todas as pessoas ver\u00e3o a salva\u00e7\u00e3o de Deus<\/strong><\/p>\n\n\n\n<div class=\"wp-block-image\"><figure class=\"aligncenter is-resized\"><img data-recalc-dims=\"1\" fetchpriority=\"high\" decoding=\"async\" src=\"https:\/\/i0.wp.com\/blogdoeloiltoncajuhy.com.br\/site\/wp-content\/uploads\/2016\/09\/liturgia_set_16-2.jpg?resize=435%2C245\" alt=\"\" class=\"wp-image-12279\" width=\"435\" height=\"245\" srcset=\"https:\/\/i0.wp.com\/blogdoeloiltoncajuhy.com.br\/site\/wp-content\/uploads\/2016\/09\/liturgia_set_16-2.jpg?w=320&amp;ssl=1 320w, https:\/\/i0.wp.com\/blogdoeloiltoncajuhy.com.br\/site\/wp-content\/uploads\/2016\/09\/liturgia_set_16-2.jpg?resize=300%2C169&amp;ssl=1 300w, https:\/\/i0.wp.com\/blogdoeloiltoncajuhy.com.br\/site\/wp-content\/uploads\/2016\/09\/liturgia_set_16-2.jpg?resize=250%2C141&amp;ssl=1 250w\" sizes=\"(max-width: 435px) 100vw, 435px\" \/><\/figure><\/div>\n\n\n\n<p>No d\u00e9cimo quinto ano do imp\u00e9rio de Tib\u00e9rio C\u00e9sar,\u00a0quando P\u00f4ncio Pilatos era governador da Jud\u00e9ia,\u00a0Herodes administrava a Galil\u00e9ia,\u00a0seu irm\u00e3o Filipe, as regi\u00f5es da Itur\u00e9ia e Tracon\u00edtide,\u00a0e Lis\u00e2nias a Abilene; quando An\u00e1s e Caif\u00e1s eram sumos sacerdotes,\u00a0foi ent\u00e3o que a palavra de Deus\u00a0foi dirigida a Jo\u00e3o, o filho de Zacarias, no deserto. E ele percorreu toda a regi\u00e3o do Jord\u00e3o,\u00a0pregando um batismo de convers\u00e3o\u00a0para o perd\u00e3o dos pecados, como est\u00e1 escrito\u00a0no Livro das palavras do profeta Isa\u00edas:\u00a0&#8216;Esta \u00e9 a voz daquele que grita no deserto:\u00a0&#8216;preparai o caminho do Senhor,\u00a0endireitai suas veredas. Todo vale ser\u00e1 aterrado,\u00a0toda montanha e colina ser\u00e3o rebaixadas;\u00a0as passagens tortuosas ficar\u00e3o retas\u00a0e os caminhos acidentados ser\u00e3o aplainados. E todas as pessoas ver\u00e3o a salva\u00e7\u00e3o de Deus&#8221;.<br><\/p>\n\n\n\n<p><strong>Palavra da Salva\u00e7\u00e3o<\/strong><\/p>\n\n\n\n<p><strong><em><a href=\"http:\/\/liturgiadiaria.cnbb.org.br\/app\/user\/user\/UserView.php?ano=2018&amp;mes=12&amp;dia=9\">CNBB<\/a><\/em><\/strong><\/p>\n","protected":false},"excerpt":{"rendered":"<p>Todas as pessoas ver\u00e3o a salva\u00e7\u00e3o de Deus No d\u00e9cimo quinto ano do imp\u00e9rio de Tib\u00e9rio C\u00e9sar,\u00a0quando P\u00f4ncio Pilatos era governador da Jud\u00e9ia,\u00a0Herodes administrava a Galil\u00e9ia,\u00a0seu irm\u00e3o Filipe, as regi\u00f5es da Itur\u00e9ia e Tracon\u00edtide,\u00a0e Lis\u00e2nias a Abilene; quando An\u00e1s e Caif\u00e1s eram sumos sacerdotes,\u00a0foi ent\u00e3o que a palavra de Deus\u00a0foi dirigida a Jo\u00e3o, o filho [&hellip;]<\/p>\n","protected":false},"author":2,"featured_media":0,"comment_status":"open","ping_status":"open","sticky":false,"template":"","format":"standard","meta":{"_acf_changed":false,"_monsterinsights_skip_tracking":false,"_monsterinsights_sitenote_active":false,"_monsterinsights_sitenote_note":"","_monsterinsights_sitenote_category":0,"_jetpack_memberships_contains_paid_content":false,"footnotes":"","jetpack_publicize_message":"","jetpack_publicize_feature_enabled":true,"jetpack_social_post_already_shared":true,"jetpack_social_options":{"image_generator_settings":{"template":"highway","default_image_id":0,"font":"","enabled":false},"version":2}},"categories":[1,9],"tags":[],"class_list":["post-29797","post","type-post","status-publish","format-standard","hentry","category-noticias","category-reflexao"],"acf":[],"jetpack_publicize_connections":[],"jetpack_featured_media_url":"","jetpack_sharing_enabled":true,"publishpress_future_workflow_manual_trigger":{"enabledWorkflows":[]},"_links":{"self":[{"href":"https:\/\/blogdoeloiltoncajuhy.com.br\/site\/wp-json\/wp\/v2\/posts\/29797","targetHints":{"allow":["GET"]}}],"collection":[{"href":"https:\/\/blogdoeloiltoncajuhy.com.br\/site\/wp-json\/wp\/v2\/posts"}],"about":[{"href":"https:\/\/blogdoeloiltoncajuhy.com.br\/site\/wp-json\/wp\/v2\/types\/post"}],"author":[{"embeddable":true,"href":"https:\/\/blogdoeloiltoncajuhy.com.br\/site\/wp-json\/wp\/v2\/users\/2"}],"replies":[{"embeddable":true,"href":"https:\/\/blogdoeloiltoncajuhy.com.br\/site\/wp-json\/wp\/v2\/comments?post=29797"}],"version-history":[{"count":1,"href":"https:\/\/blogdoeloiltoncajuhy.com.br\/site\/wp-json\/wp\/v2\/posts\/29797\/revisions"}],"predecessor-version":[{"id":29798,"href":"https:\/\/blogdoeloiltoncajuhy.com.br\/site\/wp-json\/wp\/v2\/posts\/29797\/revisions\/29798"}],"wp:attachment":[{"href":"https:\/\/blogdoeloiltoncajuhy.com.br\/site\/wp-json\/wp\/v2\/media?parent=29797"}],"wp:term":[{"taxonomy":"category","embeddable":true,"href":"https:\/\/blogdoeloiltoncajuhy.com.br\/site\/wp-json\/wp\/v2\/categories?post=29797"},{"taxonomy":"post_tag","embeddable":true,"href":"https:\/\/blogdoeloiltoncajuhy.com.br\/site\/wp-json\/wp\/v2\/tags?post=29797"}],"curies":[{"name":"wp","href":"https:\/\/api.w.org\/{rel}","templated":true}]}}