{"id":29794,"date":"2018-12-08T18:44:26","date_gmt":"2018-12-08T21:44:26","guid":{"rendered":"http:\/\/blogdoeloiltoncajuhy.com.br\/site\/?p=29794"},"modified":"2018-12-08T18:44:33","modified_gmt":"2018-12-08T21:44:33","slug":"secretario-de-saude-da-bahia-faz-inspecao-surpresa-na-central-de-regulacao","status":"publish","type":"post","link":"https:\/\/blogdoeloiltoncajuhy.com.br\/site\/secretario-de-saude-da-bahia-faz-inspecao-surpresa-na-central-de-regulacao\/","title":{"rendered":"Secret\u00e1rio de Sa\u00fade da Bahia faz inspe\u00e7\u00e3o surpresa na Central de Regula\u00e7\u00e3o"},"content":{"rendered":"\n<div class=\"wp-block-image\"><figure class=\"aligncenter is-resized\"><img data-recalc-dims=\"1\" fetchpriority=\"high\" decoding=\"async\" src=\"https:\/\/i0.wp.com\/blogdoeloiltoncajuhy.com.br\/site\/wp-content\/uploads\/2018\/12\/fabio-vilas-boas.jpg?resize=469%2C346\" alt=\"\" class=\"wp-image-29795\" width=\"469\" height=\"346\" srcset=\"https:\/\/i0.wp.com\/blogdoeloiltoncajuhy.com.br\/site\/wp-content\/uploads\/2018\/12\/fabio-vilas-boas.jpg?w=380&amp;ssl=1 380w, https:\/\/i0.wp.com\/blogdoeloiltoncajuhy.com.br\/site\/wp-content\/uploads\/2018\/12\/fabio-vilas-boas.jpg?resize=300%2C221&amp;ssl=1 300w, https:\/\/i0.wp.com\/blogdoeloiltoncajuhy.com.br\/site\/wp-content\/uploads\/2018\/12\/fabio-vilas-boas.jpg?resize=250%2C184&amp;ssl=1 250w\" sizes=\"(max-width: 469px) 100vw, 469px\" \/><figcaption>Foto: Divulga\u00e7\u00e3o \/ Sesab<\/figcaption><\/figure><\/div>\n\n\n\n<p>O secret\u00e1rio de Sa\u00fade do Estado da Bahia, F\u00e1bio Vilas-Boas, inspecionou na manh\u00e3 deste s\u00e1bado (8) a Central Estadual de Regula\u00e7\u00e3o. A medida teve como objetivo verificar o andamento do trabalho e o cumprimento das escalas dos profissionais.<\/p>\n\n\n\n<p>Ap\u00f3s a visita, ele destacou a necessidade de contratar novos m\u00e9dicos e reguladores, compartilhar telefones de todos os chefes de plant\u00e3o e diretores de hospitais, bem como uma linha direta com o gabinete do secret\u00e1rio.<\/p>\n\n\n\n<p><em>\u201cAl\u00e9m disso, a \u00e1rea de Tecnologia da Informa\u00e7\u00e3o vai passar a ficar de sobreaviso para que o sistema e a comunica\u00e7\u00e3o sejam eficientes, especialmente, nos finais de semana\u201d<\/em>, comentou.<\/p>\n\n\n\n<p>A Central de Regula\u00e7\u00e3o tem como objetivo ordenar e qualificar os fluxos de acesso \u00e0s a\u00e7\u00f5es e servi\u00e7os de sa\u00fade. Segundo a Secretaria da Sa\u00fade do Estado da Bahia, redu\u00e7\u00e3o nas solicita\u00e7\u00f5es de regula\u00e7\u00e3o n\u00e3o atendidas passou de 40% o que fez cair o tempo m\u00e9dio de espera pela metade.<\/p>\n\n\n\n<p><strong><em>Bahia Not\u00edcias<\/em><\/strong><\/p>\n","protected":false},"excerpt":{"rendered":"<p>O secret\u00e1rio de Sa\u00fade do Estado da Bahia, F\u00e1bio Vilas-Boas, inspecionou na manh\u00e3 deste s\u00e1bado (8) a Central Estadual de Regula\u00e7\u00e3o. A medida teve como objetivo verificar o andamento do trabalho e o cumprimento das escalas dos profissionais. Ap\u00f3s a visita, ele destacou a necessidade de contratar novos m\u00e9dicos e reguladores, compartilhar telefones de todos [&hellip;]<\/p>\n","protected":false},"author":2,"featured_media":29795,"comment_status":"open","ping_status":"open","sticky":false,"template":"","format":"standard","meta":{"_acf_changed":false,"_monsterinsights_skip_tracking":false,"_monsterinsights_sitenote_active":false,"_monsterinsights_sitenote_note":"","_monsterinsights_sitenote_category":0,"_jetpack_memberships_contains_paid_content":false,"footnotes":"","jetpack_publicize_message":"","jetpack_publicize_feature_enabled":true,"jetpack_social_post_already_shared":true,"jetpack_social_options":{"image_generator_settings":{"template":"highway","default_image_id":0,"font":"","enabled":false},"version":2}},"categories":[1,7],"tags":[],"class_list":["post-29794","post","type-post","status-publish","format-standard","has-post-thumbnail","hentry","category-noticias","category-saude"],"acf":[],"jetpack_publicize_connections":[],"jetpack_featured_media_url":"https:\/\/i0.wp.com\/blogdoeloiltoncajuhy.com.br\/site\/wp-content\/uploads\/2018\/12\/fabio-vilas-boas.jpg?fit=380%2C280&ssl=1","jetpack_sharing_enabled":true,"publishpress_future_workflow_manual_trigger":{"enabledWorkflows":[]},"_links":{"self":[{"href":"https:\/\/blogdoeloiltoncajuhy.com.br\/site\/wp-json\/wp\/v2\/posts\/29794","targetHints":{"allow":["GET"]}}],"collection":[{"href":"https:\/\/blogdoeloiltoncajuhy.com.br\/site\/wp-json\/wp\/v2\/posts"}],"about":[{"href":"https:\/\/blogdoeloiltoncajuhy.com.br\/site\/wp-json\/wp\/v2\/types\/post"}],"author":[{"embeddable":true,"href":"https:\/\/blogdoeloiltoncajuhy.com.br\/site\/wp-json\/wp\/v2\/users\/2"}],"replies":[{"embeddable":true,"href":"https:\/\/blogdoeloiltoncajuhy.com.br\/site\/wp-json\/wp\/v2\/comments?post=29794"}],"version-history":[{"count":1,"href":"https:\/\/blogdoeloiltoncajuhy.com.br\/site\/wp-json\/wp\/v2\/posts\/29794\/revisions"}],"predecessor-version":[{"id":29796,"href":"https:\/\/blogdoeloiltoncajuhy.com.br\/site\/wp-json\/wp\/v2\/posts\/29794\/revisions\/29796"}],"wp:featuredmedia":[{"embeddable":true,"href":"https:\/\/blogdoeloiltoncajuhy.com.br\/site\/wp-json\/wp\/v2\/media\/29795"}],"wp:attachment":[{"href":"https:\/\/blogdoeloiltoncajuhy.com.br\/site\/wp-json\/wp\/v2\/media?parent=29794"}],"wp:term":[{"taxonomy":"category","embeddable":true,"href":"https:\/\/blogdoeloiltoncajuhy.com.br\/site\/wp-json\/wp\/v2\/categories?post=29794"},{"taxonomy":"post_tag","embeddable":true,"href":"https:\/\/blogdoeloiltoncajuhy.com.br\/site\/wp-json\/wp\/v2\/tags?post=29794"}],"curies":[{"name":"wp","href":"https:\/\/api.w.org\/{rel}","templated":true}]}}