{"id":29788,"date":"2018-12-08T11:17:22","date_gmt":"2018-12-08T14:17:22","guid":{"rendered":"http:\/\/blogdoeloiltoncajuhy.com.br\/site\/?p=29788"},"modified":"2018-12-08T11:17:29","modified_gmt":"2018-12-08T14:17:29","slug":"google-comemora-aniversario-do-elevador-lacerda","status":"publish","type":"post","link":"https:\/\/blogdoeloiltoncajuhy.com.br\/site\/google-comemora-aniversario-do-elevador-lacerda\/","title":{"rendered":"Google comemora anivers\u00e1rio do Elevador Lacerda"},"content":{"rendered":"\n<div class=\"wp-block-image\"><figure class=\"aligncenter is-resized\"><img data-recalc-dims=\"1\" fetchpriority=\"high\" decoding=\"async\" src=\"https:\/\/i0.wp.com\/blogdoeloiltoncajuhy.com.br\/site\/wp-content\/uploads\/2018\/12\/elevador-lacerda.jpg?resize=444%2C327\" alt=\"\" class=\"wp-image-29789\" width=\"444\" height=\"327\" srcset=\"https:\/\/i0.wp.com\/blogdoeloiltoncajuhy.com.br\/site\/wp-content\/uploads\/2018\/12\/elevador-lacerda.jpg?w=380&amp;ssl=1 380w, https:\/\/i0.wp.com\/blogdoeloiltoncajuhy.com.br\/site\/wp-content\/uploads\/2018\/12\/elevador-lacerda.jpg?resize=300%2C221&amp;ssl=1 300w, https:\/\/i0.wp.com\/blogdoeloiltoncajuhy.com.br\/site\/wp-content\/uploads\/2018\/12\/elevador-lacerda.jpg?resize=250%2C184&amp;ssl=1 250w\" sizes=\"(max-width: 444px) 100vw, 444px\" \/><figcaption>Foto: Glauber Guerra \/ Bahia Not\u00edcias<\/figcaption><\/figure><\/div>\n\n\n\n<p>O Google comemora neste s\u00e1bado (8) o anivers\u00e1rio do Elevador Lacerda. Quem abre a p\u00e1gina principal observa a imagem do ponto tur\u00edstico de Salvador. Ao clicar, a ferramenta pesquisa automaticamente hist\u00f3rias do local.<\/p>\n\n\n\n<p>O equipamento foi o primeiro elevador urbano do mundo e recebeu o nome em homenagem ao seu idealizador, Ant\u00f4nio de Lacerda. Desenvolvido para conectar a parte baixa e alta da cidade, o elevador chegou a ser considerado o mais alto do mundo, e hoje \u00e9 um s\u00edmbolo da cidade, al\u00e9m de ser um dos cart\u00f5es postais da Bahia.<\/p>\n\n\n\n<p><strong><em>Bahia Not\u00edcias<\/em><\/strong><\/p>\n","protected":false},"excerpt":{"rendered":"<p>O Google comemora neste s\u00e1bado (8) o anivers\u00e1rio do Elevador Lacerda. Quem abre a p\u00e1gina principal observa a imagem do ponto tur\u00edstico de Salvador. Ao clicar, a ferramenta pesquisa automaticamente hist\u00f3rias do local. O equipamento foi o primeiro elevador urbano do mundo e recebeu o nome em homenagem ao seu idealizador, Ant\u00f4nio de Lacerda. Desenvolvido [&hellip;]<\/p>\n","protected":false},"author":2,"featured_media":29789,"comment_status":"open","ping_status":"open","sticky":false,"template":"","format":"standard","meta":{"_acf_changed":false,"_monsterinsights_skip_tracking":false,"_monsterinsights_sitenote_active":false,"_monsterinsights_sitenote_note":"","_monsterinsights_sitenote_category":0,"_jetpack_memberships_contains_paid_content":false,"footnotes":"","jetpack_publicize_message":"","jetpack_publicize_feature_enabled":true,"jetpack_social_post_already_shared":true,"jetpack_social_options":{"image_generator_settings":{"template":"highway","default_image_id":0,"font":"","enabled":false},"version":2}},"categories":[8,1],"tags":[],"class_list":["post-29788","post","type-post","status-publish","format-standard","has-post-thumbnail","hentry","category-cultura","category-noticias"],"acf":[],"jetpack_publicize_connections":[],"jetpack_featured_media_url":"https:\/\/i0.wp.com\/blogdoeloiltoncajuhy.com.br\/site\/wp-content\/uploads\/2018\/12\/elevador-lacerda.jpg?fit=380%2C280&ssl=1","jetpack_sharing_enabled":true,"publishpress_future_workflow_manual_trigger":{"enabledWorkflows":[]},"_links":{"self":[{"href":"https:\/\/blogdoeloiltoncajuhy.com.br\/site\/wp-json\/wp\/v2\/posts\/29788","targetHints":{"allow":["GET"]}}],"collection":[{"href":"https:\/\/blogdoeloiltoncajuhy.com.br\/site\/wp-json\/wp\/v2\/posts"}],"about":[{"href":"https:\/\/blogdoeloiltoncajuhy.com.br\/site\/wp-json\/wp\/v2\/types\/post"}],"author":[{"embeddable":true,"href":"https:\/\/blogdoeloiltoncajuhy.com.br\/site\/wp-json\/wp\/v2\/users\/2"}],"replies":[{"embeddable":true,"href":"https:\/\/blogdoeloiltoncajuhy.com.br\/site\/wp-json\/wp\/v2\/comments?post=29788"}],"version-history":[{"count":1,"href":"https:\/\/blogdoeloiltoncajuhy.com.br\/site\/wp-json\/wp\/v2\/posts\/29788\/revisions"}],"predecessor-version":[{"id":29790,"href":"https:\/\/blogdoeloiltoncajuhy.com.br\/site\/wp-json\/wp\/v2\/posts\/29788\/revisions\/29790"}],"wp:featuredmedia":[{"embeddable":true,"href":"https:\/\/blogdoeloiltoncajuhy.com.br\/site\/wp-json\/wp\/v2\/media\/29789"}],"wp:attachment":[{"href":"https:\/\/blogdoeloiltoncajuhy.com.br\/site\/wp-json\/wp\/v2\/media?parent=29788"}],"wp:term":[{"taxonomy":"category","embeddable":true,"href":"https:\/\/blogdoeloiltoncajuhy.com.br\/site\/wp-json\/wp\/v2\/categories?post=29788"},{"taxonomy":"post_tag","embeddable":true,"href":"https:\/\/blogdoeloiltoncajuhy.com.br\/site\/wp-json\/wp\/v2\/tags?post=29788"}],"curies":[{"name":"wp","href":"https:\/\/api.w.org\/{rel}","templated":true}]}}