{"id":29786,"date":"2018-12-08T11:07:47","date_gmt":"2018-12-08T14:07:47","guid":{"rendered":"http:\/\/blogdoeloiltoncajuhy.com.br\/site\/?p=29786"},"modified":"2018-12-08T11:07:53","modified_gmt":"2018-12-08T14:07:53","slug":"sismusb-coloca-prestacao-de-contas-a-disposicao-de-seus-filiados","status":"publish","type":"post","link":"https:\/\/blogdoeloiltoncajuhy.com.br\/site\/sismusb-coloca-prestacao-de-contas-a-disposicao-de-seus-filiados\/","title":{"rendered":"Sismusb coloca presta\u00e7\u00e3o de contas \u00e0 disposi\u00e7\u00e3o de seus filiados"},"content":{"rendered":"\n<div class=\"wp-block-image\"><figure class=\"aligncenter is-resized\"><img data-recalc-dims=\"1\" fetchpriority=\"high\" decoding=\"async\" src=\"https:\/\/i0.wp.com\/blogdoeloiltoncajuhy.com.br\/site\/wp-content\/uploads\/2015\/11\/SISMUSB-B.jpg?resize=275%2C283\" alt=\"\" class=\"wp-image-5476\" width=\"275\" height=\"283\" srcset=\"https:\/\/i0.wp.com\/blogdoeloiltoncajuhy.com.br\/site\/wp-content\/uploads\/2015\/11\/SISMUSB-B.jpg?w=336&amp;ssl=1 336w, https:\/\/i0.wp.com\/blogdoeloiltoncajuhy.com.br\/site\/wp-content\/uploads\/2015\/11\/SISMUSB-B.jpg?resize=291%2C300&amp;ssl=1 291w, https:\/\/i0.wp.com\/blogdoeloiltoncajuhy.com.br\/site\/wp-content\/uploads\/2015\/11\/SISMUSB-B.jpg?resize=243%2C250&amp;ssl=1 243w, https:\/\/i0.wp.com\/blogdoeloiltoncajuhy.com.br\/site\/wp-content\/uploads\/2015\/11\/SISMUSB-B.jpg?resize=48%2C48&amp;ssl=1 48w\" sizes=\"(max-width: 275px) 100vw, 275px\" \/><\/figure><\/div>\n\n\n\n<p>O Sindicato dos Servidores P\u00fablicos Municipais de Senhor do Bonfim (SISMUSB), informa a seus filiados que a presta\u00e7\u00e3o de contas, referente aos \u00faltimos 4 meses, encontra-se afixada no mural da sede da entidade, \u00e0 disposi\u00e7\u00e3o de todos.<\/p>\n\n\n\n<p><strong>A Diretoria<\/strong><\/p>\n","protected":false},"excerpt":{"rendered":"<p>O Sindicato dos Servidores P\u00fablicos Municipais de Senhor do Bonfim (SISMUSB), informa a seus filiados que a presta\u00e7\u00e3o de contas, referente aos \u00faltimos 4 meses, encontra-se afixada no mural da sede da entidade, \u00e0 disposi\u00e7\u00e3o de todos. A Diretoria<\/p>\n","protected":false},"author":2,"featured_media":0,"comment_status":"open","ping_status":"open","sticky":false,"template":"","format":"standard","meta":{"_acf_changed":false,"_monsterinsights_skip_tracking":false,"_monsterinsights_sitenote_active":false,"_monsterinsights_sitenote_note":"","_monsterinsights_sitenote_category":0,"_jetpack_memberships_contains_paid_content":false,"footnotes":"","jetpack_publicize_message":"","jetpack_publicize_feature_enabled":true,"jetpack_social_post_already_shared":true,"jetpack_social_options":{"image_generator_settings":{"template":"highway","default_image_id":0,"font":"","enabled":false},"version":2}},"categories":[1,4],"tags":[],"class_list":["post-29786","post","type-post","status-publish","format-standard","hentry","category-noticias","category-local"],"acf":[],"jetpack_publicize_connections":[],"jetpack_featured_media_url":"","jetpack_sharing_enabled":true,"publishpress_future_workflow_manual_trigger":{"enabledWorkflows":[]},"_links":{"self":[{"href":"https:\/\/blogdoeloiltoncajuhy.com.br\/site\/wp-json\/wp\/v2\/posts\/29786","targetHints":{"allow":["GET"]}}],"collection":[{"href":"https:\/\/blogdoeloiltoncajuhy.com.br\/site\/wp-json\/wp\/v2\/posts"}],"about":[{"href":"https:\/\/blogdoeloiltoncajuhy.com.br\/site\/wp-json\/wp\/v2\/types\/post"}],"author":[{"embeddable":true,"href":"https:\/\/blogdoeloiltoncajuhy.com.br\/site\/wp-json\/wp\/v2\/users\/2"}],"replies":[{"embeddable":true,"href":"https:\/\/blogdoeloiltoncajuhy.com.br\/site\/wp-json\/wp\/v2\/comments?post=29786"}],"version-history":[{"count":1,"href":"https:\/\/blogdoeloiltoncajuhy.com.br\/site\/wp-json\/wp\/v2\/posts\/29786\/revisions"}],"predecessor-version":[{"id":29787,"href":"https:\/\/blogdoeloiltoncajuhy.com.br\/site\/wp-json\/wp\/v2\/posts\/29786\/revisions\/29787"}],"wp:attachment":[{"href":"https:\/\/blogdoeloiltoncajuhy.com.br\/site\/wp-json\/wp\/v2\/media?parent=29786"}],"wp:term":[{"taxonomy":"category","embeddable":true,"href":"https:\/\/blogdoeloiltoncajuhy.com.br\/site\/wp-json\/wp\/v2\/categories?post=29786"},{"taxonomy":"post_tag","embeddable":true,"href":"https:\/\/blogdoeloiltoncajuhy.com.br\/site\/wp-json\/wp\/v2\/tags?post=29786"}],"curies":[{"name":"wp","href":"https:\/\/api.w.org\/{rel}","templated":true}]}}