{"id":29783,"date":"2018-12-08T09:49:19","date_gmt":"2018-12-08T12:49:19","guid":{"rendered":"http:\/\/blogdoeloiltoncajuhy.com.br\/site\/?p=29783"},"modified":"2018-12-08T09:49:25","modified_gmt":"2018-12-08T12:49:25","slug":"andorinha-namoro-on-line-e-uma-das-atracoes-da-festa-da-padroeira-de-medrado-neste-sabado-dia-8","status":"publish","type":"post","link":"https:\/\/blogdoeloiltoncajuhy.com.br\/site\/andorinha-namoro-on-line-e-uma-das-atracoes-da-festa-da-padroeira-de-medrado-neste-sabado-dia-8\/","title":{"rendered":"Andorinha: Namoro On Line \u00e9 uma das atra\u00e7\u00f5es da Festa da Padroeira de Medrado, neste s\u00e1bado, dia 8"},"content":{"rendered":"\n<figure class=\"wp-block-image\"><img data-recalc-dims=\"1\" fetchpriority=\"high\" decoding=\"async\" width=\"800\" height=\"450\" src=\"https:\/\/i0.wp.com\/blogdoeloiltoncajuhy.com.br\/site\/wp-content\/uploads\/2018\/12\/namoro-on-line.jpg?resize=800%2C450\" alt=\"\" class=\"wp-image-29784\" srcset=\"https:\/\/i0.wp.com\/blogdoeloiltoncajuhy.com.br\/site\/wp-content\/uploads\/2018\/12\/namoro-on-line.jpg?resize=1024%2C576&amp;ssl=1 1024w, https:\/\/i0.wp.com\/blogdoeloiltoncajuhy.com.br\/site\/wp-content\/uploads\/2018\/12\/namoro-on-line.jpg?resize=300%2C169&amp;ssl=1 300w, https:\/\/i0.wp.com\/blogdoeloiltoncajuhy.com.br\/site\/wp-content\/uploads\/2018\/12\/namoro-on-line.jpg?resize=768%2C432&amp;ssl=1 768w, https:\/\/i0.wp.com\/blogdoeloiltoncajuhy.com.br\/site\/wp-content\/uploads\/2018\/12\/namoro-on-line.jpg?resize=250%2C141&amp;ssl=1 250w, https:\/\/i0.wp.com\/blogdoeloiltoncajuhy.com.br\/site\/wp-content\/uploads\/2018\/12\/namoro-on-line.jpg?w=1280&amp;ssl=1 1280w\" sizes=\"(max-width: 800px) 100vw, 800px\" \/><\/figure>\n\n\n\n<p>A tradicional festa da Padroeira de Medrado vai acontecer neste s\u00e1bado, 8 de dezembro. Tr\u00eas atra\u00e7\u00f5es foram contratadas pela prefeitura de Andorinha para animar as festividades.<\/p>\n\n\n\n<p>A Banda Namoro On Line \u00e9 uma das atra\u00e7\u00f5es especiais do evento que ainda tem os shows de Guide do Acordeom e Zezinho dos Teclados. A festa \u00e9 organizada pela secretaria de Cultura, Desporto e Turismo de Andorinha.<\/p>\n\n\n\n<p>As festividades religiosas aconteceram entre os dias 25 de novembro e 4 de dezembro, em homenagem \u00e0 padroeira da comunidade, Santa Barbara.<\/p>\n\n\n\n<p><strong><em>Ascom Prefeitura Municipal de Andorinha<\/em><\/strong><\/p>\n","protected":false},"excerpt":{"rendered":"<p>A tradicional festa da Padroeira de Medrado vai acontecer neste s\u00e1bado, 8 de dezembro. Tr\u00eas atra\u00e7\u00f5es foram contratadas pela prefeitura de Andorinha para animar as festividades. A Banda Namoro On Line \u00e9 uma das atra\u00e7\u00f5es especiais do evento que ainda tem os shows de Guide do Acordeom e Zezinho dos Teclados. A festa \u00e9 organizada [&hellip;]<\/p>\n","protected":false},"author":2,"featured_media":29784,"comment_status":"open","ping_status":"open","sticky":false,"template":"","format":"standard","meta":{"_acf_changed":false,"_monsterinsights_skip_tracking":false,"_monsterinsights_sitenote_active":false,"_monsterinsights_sitenote_note":"","_monsterinsights_sitenote_category":0,"_jetpack_memberships_contains_paid_content":false,"footnotes":"","jetpack_publicize_message":"","jetpack_publicize_feature_enabled":true,"jetpack_social_post_already_shared":true,"jetpack_social_options":{"image_generator_settings":{"template":"highway","default_image_id":0,"font":"","enabled":false},"version":2}},"categories":[1,11],"tags":[],"class_list":["post-29783","post","type-post","status-publish","format-standard","has-post-thumbnail","hentry","category-noticias","category-regional"],"acf":[],"jetpack_publicize_connections":[],"jetpack_featured_media_url":"https:\/\/i0.wp.com\/blogdoeloiltoncajuhy.com.br\/site\/wp-content\/uploads\/2018\/12\/namoro-on-line.jpg?fit=1280%2C720&ssl=1","jetpack_sharing_enabled":true,"publishpress_future_workflow_manual_trigger":{"enabledWorkflows":[]},"_links":{"self":[{"href":"https:\/\/blogdoeloiltoncajuhy.com.br\/site\/wp-json\/wp\/v2\/posts\/29783","targetHints":{"allow":["GET"]}}],"collection":[{"href":"https:\/\/blogdoeloiltoncajuhy.com.br\/site\/wp-json\/wp\/v2\/posts"}],"about":[{"href":"https:\/\/blogdoeloiltoncajuhy.com.br\/site\/wp-json\/wp\/v2\/types\/post"}],"author":[{"embeddable":true,"href":"https:\/\/blogdoeloiltoncajuhy.com.br\/site\/wp-json\/wp\/v2\/users\/2"}],"replies":[{"embeddable":true,"href":"https:\/\/blogdoeloiltoncajuhy.com.br\/site\/wp-json\/wp\/v2\/comments?post=29783"}],"version-history":[{"count":1,"href":"https:\/\/blogdoeloiltoncajuhy.com.br\/site\/wp-json\/wp\/v2\/posts\/29783\/revisions"}],"predecessor-version":[{"id":29785,"href":"https:\/\/blogdoeloiltoncajuhy.com.br\/site\/wp-json\/wp\/v2\/posts\/29783\/revisions\/29785"}],"wp:featuredmedia":[{"embeddable":true,"href":"https:\/\/blogdoeloiltoncajuhy.com.br\/site\/wp-json\/wp\/v2\/media\/29784"}],"wp:attachment":[{"href":"https:\/\/blogdoeloiltoncajuhy.com.br\/site\/wp-json\/wp\/v2\/media?parent=29783"}],"wp:term":[{"taxonomy":"category","embeddable":true,"href":"https:\/\/blogdoeloiltoncajuhy.com.br\/site\/wp-json\/wp\/v2\/categories?post=29783"},{"taxonomy":"post_tag","embeddable":true,"href":"https:\/\/blogdoeloiltoncajuhy.com.br\/site\/wp-json\/wp\/v2\/tags?post=29783"}],"curies":[{"name":"wp","href":"https:\/\/api.w.org\/{rel}","templated":true}]}}