{"id":29777,"date":"2018-12-08T09:17:34","date_gmt":"2018-12-08T12:17:34","guid":{"rendered":"http:\/\/blogdoeloiltoncajuhy.com.br\/site\/?p=29777"},"modified":"2018-12-08T09:17:41","modified_gmt":"2018-12-08T12:17:41","slug":"sr-do-bonfim-familiares-e-amigos-dao-o-ultimo-adeus-a-kel-jambeiro","status":"publish","type":"post","link":"https:\/\/blogdoeloiltoncajuhy.com.br\/site\/sr-do-bonfim-familiares-e-amigos-dao-o-ultimo-adeus-a-kel-jambeiro\/","title":{"rendered":"Sr. do Bonfim: Familiares e amigos d\u00e3o o \u00faltimo adeus a \u2018Kel\u2019 Jambeiro"},"content":{"rendered":"\n<figure class=\"wp-block-image\"><img data-recalc-dims=\"1\" fetchpriority=\"high\" decoding=\"async\" width=\"800\" height=\"600\" src=\"https:\/\/i0.wp.com\/blogdoeloiltoncajuhy.com.br\/site\/wp-content\/uploads\/2018\/12\/KEL-enterro-01.jpeg?resize=800%2C600\" alt=\"\" class=\"wp-image-29778\" srcset=\"https:\/\/i0.wp.com\/blogdoeloiltoncajuhy.com.br\/site\/wp-content\/uploads\/2018\/12\/KEL-enterro-01.jpeg?w=1024&amp;ssl=1 1024w, https:\/\/i0.wp.com\/blogdoeloiltoncajuhy.com.br\/site\/wp-content\/uploads\/2018\/12\/KEL-enterro-01.jpeg?resize=300%2C225&amp;ssl=1 300w, https:\/\/i0.wp.com\/blogdoeloiltoncajuhy.com.br\/site\/wp-content\/uploads\/2018\/12\/KEL-enterro-01.jpeg?resize=768%2C576&amp;ssl=1 768w, https:\/\/i0.wp.com\/blogdoeloiltoncajuhy.com.br\/site\/wp-content\/uploads\/2018\/12\/KEL-enterro-01.jpeg?resize=250%2C188&amp;ssl=1 250w\" sizes=\"(max-width: 800px) 100vw, 800px\" \/><figcaption>Fotos: Hugo S\u00f3Agitos \/ BonfimNoticias.com.<\/figcaption><\/figure>\n\n\n\n<p>Por volta das 11h da manh\u00e3 desta sexta-feira (07), familiares e amigos de Cl\u00e9riston Jambeiro deram o \u00faltimo adeus ao delegado. <\/p>\n\n\n\n<p>O cortejo saiu do Campo Clube, onde o corpo estava sendo velado desde a noite de quinta-feira, e percorreu algumas ruas de Senhor do Bonfim at\u00e9 chegar ao cemit\u00e9rio S\u00e3o L\u00e1zaro, onde foi sepultado.<\/p>\n\n\n\n<ul class=\"wp-block-gallery columns-3 is-cropped wp-block-gallery-1 is-layout-flex wp-block-gallery-is-layout-flex\"><li class=\"blocks-gallery-item\"><figure><img data-recalc-dims=\"1\" decoding=\"async\" width=\"800\" height=\"541\" src=\"https:\/\/i0.wp.com\/blogdoeloiltoncajuhy.com.br\/site\/wp-content\/uploads\/2018\/12\/01.jpeg?resize=800%2C541\" alt=\"\" data-id=\"29779\" data-link=\"http:\/\/blogdoeloiltoncajuhy.com.br\/site\/?attachment_id=29779\" class=\"wp-image-29779\" srcset=\"https:\/\/i0.wp.com\/blogdoeloiltoncajuhy.com.br\/site\/wp-content\/uploads\/2018\/12\/01.jpeg?w=1024&amp;ssl=1 1024w, https:\/\/i0.wp.com\/blogdoeloiltoncajuhy.com.br\/site\/wp-content\/uploads\/2018\/12\/01.jpeg?resize=300%2C203&amp;ssl=1 300w, https:\/\/i0.wp.com\/blogdoeloiltoncajuhy.com.br\/site\/wp-content\/uploads\/2018\/12\/01.jpeg?resize=768%2C519&amp;ssl=1 768w, https:\/\/i0.wp.com\/blogdoeloiltoncajuhy.com.br\/site\/wp-content\/uploads\/2018\/12\/01.jpeg?resize=250%2C169&amp;ssl=1 250w\" sizes=\"(max-width: 800px) 100vw, 800px\" \/><\/figure><\/li><li class=\"blocks-gallery-item\"><figure><img data-recalc-dims=\"1\" decoding=\"async\" width=\"800\" height=\"532\" src=\"https:\/\/i0.wp.com\/blogdoeloiltoncajuhy.com.br\/site\/wp-content\/uploads\/2018\/12\/02.jpeg?resize=800%2C532\" alt=\"\" data-id=\"29780\" data-link=\"http:\/\/blogdoeloiltoncajuhy.com.br\/site\/?attachment_id=29780\" class=\"wp-image-29780\" srcset=\"https:\/\/i0.wp.com\/blogdoeloiltoncajuhy.com.br\/site\/wp-content\/uploads\/2018\/12\/02.jpeg?w=1024&amp;ssl=1 1024w, https:\/\/i0.wp.com\/blogdoeloiltoncajuhy.com.br\/site\/wp-content\/uploads\/2018\/12\/02.jpeg?resize=300%2C200&amp;ssl=1 300w, https:\/\/i0.wp.com\/blogdoeloiltoncajuhy.com.br\/site\/wp-content\/uploads\/2018\/12\/02.jpeg?resize=768%2C511&amp;ssl=1 768w, https:\/\/i0.wp.com\/blogdoeloiltoncajuhy.com.br\/site\/wp-content\/uploads\/2018\/12\/02.jpeg?resize=250%2C166&amp;ssl=1 250w\" sizes=\"(max-width: 800px) 100vw, 800px\" \/><\/figure><\/li><li class=\"blocks-gallery-item\"><figure><img data-recalc-dims=\"1\" loading=\"lazy\" decoding=\"async\" width=\"800\" height=\"487\" src=\"https:\/\/i0.wp.com\/blogdoeloiltoncajuhy.com.br\/site\/wp-content\/uploads\/2018\/12\/03.jpeg?resize=800%2C487\" alt=\"\" data-id=\"29781\" data-link=\"http:\/\/blogdoeloiltoncajuhy.com.br\/site\/?attachment_id=29781\" class=\"wp-image-29781\" srcset=\"https:\/\/i0.wp.com\/blogdoeloiltoncajuhy.com.br\/site\/wp-content\/uploads\/2018\/12\/03.jpeg?w=1024&amp;ssl=1 1024w, https:\/\/i0.wp.com\/blogdoeloiltoncajuhy.com.br\/site\/wp-content\/uploads\/2018\/12\/03.jpeg?resize=300%2C183&amp;ssl=1 300w, https:\/\/i0.wp.com\/blogdoeloiltoncajuhy.com.br\/site\/wp-content\/uploads\/2018\/12\/03.jpeg?resize=768%2C467&amp;ssl=1 768w, https:\/\/i0.wp.com\/blogdoeloiltoncajuhy.com.br\/site\/wp-content\/uploads\/2018\/12\/03.jpeg?resize=250%2C152&amp;ssl=1 250w\" sizes=\"(max-width: 800px) 100vw, 800px\" \/><\/figure><\/li><\/ul>\n\n\n\n<p>Kel, como era conhecido, tinha 42 anos e nasceu em Senhor do Bonfim. De acordo com familiares, ele vinha passando por problemas de sa\u00fade e estava lutando contra uma trombose no intestino. Cl\u00e9riston faleceu na quinta-feira (06), por volta de 4h da manh\u00e3, no Hospital Portugu\u00eas em Salvador.<\/p>\n\n\n\n<p>Cl\u00e9riston Jambeiro ingressou na carreira de delegado da Pol\u00edcia Civil ap\u00f3s se tornar advogado. Ele atuou nas cidades de Uiba\u00ed, Irec\u00ea, Jacobina, Paulo Afonso e atualmente era delegado em Casa Nova.<\/p>\n\n\n\n<p><strong><em>Bonfim Not\u00edcias<\/em><\/strong><\/p>\n","protected":false},"excerpt":{"rendered":"<p>Por volta das 11h da manh\u00e3 desta sexta-feira (07), familiares e amigos de Cl\u00e9riston Jambeiro deram o \u00faltimo adeus ao delegado. O cortejo saiu do Campo Clube, onde o corpo estava sendo velado desde a noite de quinta-feira, e percorreu algumas ruas de Senhor do Bonfim at\u00e9 chegar ao cemit\u00e9rio S\u00e3o L\u00e1zaro, onde foi sepultado. [&hellip;]<\/p>\n","protected":false},"author":2,"featured_media":29781,"comment_status":"open","ping_status":"open","sticky":false,"template":"","format":"standard","meta":{"_acf_changed":false,"_monsterinsights_skip_tracking":false,"_monsterinsights_sitenote_active":false,"_monsterinsights_sitenote_note":"","_monsterinsights_sitenote_category":0,"_jetpack_memberships_contains_paid_content":false,"footnotes":"","jetpack_publicize_message":"","jetpack_publicize_feature_enabled":true,"jetpack_social_post_already_shared":true,"jetpack_social_options":{"image_generator_settings":{"template":"highway","default_image_id":0,"font":"","enabled":false},"version":2}},"categories":[1,4],"tags":[],"class_list":["post-29777","post","type-post","status-publish","format-standard","has-post-thumbnail","hentry","category-noticias","category-local"],"acf":[],"jetpack_publicize_connections":[],"jetpack_featured_media_url":"https:\/\/i0.wp.com\/blogdoeloiltoncajuhy.com.br\/site\/wp-content\/uploads\/2018\/12\/03.jpeg?fit=1024%2C623&ssl=1","jetpack_sharing_enabled":true,"publishpress_future_workflow_manual_trigger":{"enabledWorkflows":[]},"_links":{"self":[{"href":"https:\/\/blogdoeloiltoncajuhy.com.br\/site\/wp-json\/wp\/v2\/posts\/29777","targetHints":{"allow":["GET"]}}],"collection":[{"href":"https:\/\/blogdoeloiltoncajuhy.com.br\/site\/wp-json\/wp\/v2\/posts"}],"about":[{"href":"https:\/\/blogdoeloiltoncajuhy.com.br\/site\/wp-json\/wp\/v2\/types\/post"}],"author":[{"embeddable":true,"href":"https:\/\/blogdoeloiltoncajuhy.com.br\/site\/wp-json\/wp\/v2\/users\/2"}],"replies":[{"embeddable":true,"href":"https:\/\/blogdoeloiltoncajuhy.com.br\/site\/wp-json\/wp\/v2\/comments?post=29777"}],"version-history":[{"count":1,"href":"https:\/\/blogdoeloiltoncajuhy.com.br\/site\/wp-json\/wp\/v2\/posts\/29777\/revisions"}],"predecessor-version":[{"id":29782,"href":"https:\/\/blogdoeloiltoncajuhy.com.br\/site\/wp-json\/wp\/v2\/posts\/29777\/revisions\/29782"}],"wp:featuredmedia":[{"embeddable":true,"href":"https:\/\/blogdoeloiltoncajuhy.com.br\/site\/wp-json\/wp\/v2\/media\/29781"}],"wp:attachment":[{"href":"https:\/\/blogdoeloiltoncajuhy.com.br\/site\/wp-json\/wp\/v2\/media?parent=29777"}],"wp:term":[{"taxonomy":"category","embeddable":true,"href":"https:\/\/blogdoeloiltoncajuhy.com.br\/site\/wp-json\/wp\/v2\/categories?post=29777"},{"taxonomy":"post_tag","embeddable":true,"href":"https:\/\/blogdoeloiltoncajuhy.com.br\/site\/wp-json\/wp\/v2\/tags?post=29777"}],"curies":[{"name":"wp","href":"https:\/\/api.w.org\/{rel}","templated":true}]}}