{"id":29738,"date":"2018-12-06T15:25:54","date_gmt":"2018-12-06T18:25:54","guid":{"rendered":"http:\/\/blogdoeloiltoncajuhy.com.br\/site\/?p=29738"},"modified":"2018-12-06T15:25:54","modified_gmt":"2018-12-06T18:25:54","slug":"sambista-de-3-anos-que-viralizou-nas-redes-sociais-encanta-fatima-bernardes-perdi-o-programa","status":"publish","type":"post","link":"https:\/\/blogdoeloiltoncajuhy.com.br\/site\/sambista-de-3-anos-que-viralizou-nas-redes-sociais-encanta-fatima-bernardes-perdi-o-programa\/","title":{"rendered":"Sambista de 3 anos que viralizou nas redes sociais encanta F\u00e1tima Bernardes: &#8216;Perdi o programa&#8217;"},"content":{"rendered":"<h5 style=\"text-align: center;\"><em>O pequeno Renan tocou com a cantora Mariene de Castro e ouviu elogios: &#8216;Nasceu pronto&#8217;<\/em><\/h5>\n<p><strong>Por Gshow<\/strong> \u2014 Rio de Janeiro<\/p>\n<figure id=\"attachment_29739\" aria-describedby=\"caption-attachment-29739\" style=\"width: 1000px\" class=\"wp-caption aligncenter\"><a href=\"https:\/\/i0.wp.com\/blogdoeloiltoncajuhy.com.br\/site\/wp-content\/uploads\/2018\/12\/renan-3-anos-sambista.jpg\"><img data-recalc-dims=\"1\" fetchpriority=\"high\" decoding=\"async\" class=\"wp-image-29739 size-full\" src=\"https:\/\/i0.wp.com\/blogdoeloiltoncajuhy.com.br\/site\/wp-content\/uploads\/2018\/12\/renan-3-anos-sambista.jpg?resize=800%2C450\" alt=\"\" width=\"800\" height=\"450\" srcset=\"https:\/\/i0.wp.com\/blogdoeloiltoncajuhy.com.br\/site\/wp-content\/uploads\/2018\/12\/renan-3-anos-sambista.jpg?w=1000&amp;ssl=1 1000w, https:\/\/i0.wp.com\/blogdoeloiltoncajuhy.com.br\/site\/wp-content\/uploads\/2018\/12\/renan-3-anos-sambista.jpg?resize=300%2C169&amp;ssl=1 300w, https:\/\/i0.wp.com\/blogdoeloiltoncajuhy.com.br\/site\/wp-content\/uploads\/2018\/12\/renan-3-anos-sambista.jpg?resize=768%2C432&amp;ssl=1 768w, https:\/\/i0.wp.com\/blogdoeloiltoncajuhy.com.br\/site\/wp-content\/uploads\/2018\/12\/renan-3-anos-sambista.jpg?resize=250%2C141&amp;ssl=1 250w\" sizes=\"(max-width: 800px) 100vw, 800px\" \/><\/a><figcaption id=\"caption-attachment-29739\" class=\"wp-caption-text\">O pequeno sambista toca v\u00e1rios instrumentos de percuss\u00e3o e encantou a plateia do &#8216;Encontro&#8217; \u2014 Foto: TV Globo<\/figcaption><\/figure>\n<p>O Encontro desta quinta-feira, 6\/12, disparou o fofur\u00f4metro! O pequeno Renan, de 3 anos, fen\u00f4meno na internet com seus v\u00eddeos tocando pandeiro, tant\u00e3 e atabaque, foi conversar com F\u00e1tima Bernardes e encantou os convidados da atra\u00e7\u00e3o.<\/p>\n<p>Renan ficou conhecido nas redes sociais depois dos v\u00eddeos em que aparece tocando samba em instrumentos de percuss\u00e3o viralizarem. O pequeno ficou \u00e0 vontade no palco e deu um show na conversa com a apresentadora que declarou:<\/p>\n<p><strong>|&#8221;Perdi o programa&#8221;<\/strong><\/p>\n<p>A sambista Mariene de Castro, convidada do programa, tamb\u00e9m ficou encantada e elogiou o conhecimento musical do pequeno m\u00fasico:<\/p>\n<p><strong>|&#8221;Esse menino nasceu pronto, \u00e9 um m\u00fasico e tanto, tem alma de m\u00fasico&#8221;<\/strong><\/p>\n<p>A m\u00e3e de Renan contou que chegou a tentar matricular o filho em uma escolinha de m\u00fasica, mas n\u00e3o teve sucesso. F\u00e1tima brincou com a situa\u00e7\u00e3o:<\/p>\n<p><strong>|&#8221;Claro, imagina ele come\u00e7ar no passo. Formalizar algo que para ele j\u00e1 \u00e9 dele&#8221;.<\/strong><\/p>\n<p>O m\u00fasico mirim aproveitou para tocar com a sambista a m\u00fasica que fez sucesso e viralizou nas redes sociais: &#8216;Todo Menino \u00e9 um Rei&#8217;, sucesso do saudoso Roberto Ribeiro, e at\u00e9 interagiu com os m\u00fasicos da banda de Mariene.\u00a0Durante todo o programa, Mariene e Renan tocaram juntos.<\/p>\n<p><strong>Veja abaixo o v\u00eddeo de Renan que &#8220;bombou&#8221; nas redes sociais:<\/strong><\/p>\n<p>https:\/\/youtu.be\/SckDji__XKk<\/p>\n","protected":false},"excerpt":{"rendered":"<p>O pequeno Renan tocou com a cantora Mariene de Castro e ouviu elogios: &#8216;Nasceu pronto&#8217; Por Gshow \u2014 Rio de Janeiro O Encontro desta quinta-feira, 6\/12, disparou o fofur\u00f4metro! O pequeno Renan, de 3 anos, fen\u00f4meno na internet com seus v\u00eddeos tocando pandeiro, tant\u00e3 e atabaque, foi conversar com F\u00e1tima Bernardes e encantou os convidados [&hellip;]<\/p>\n","protected":false},"author":2,"featured_media":29739,"comment_status":"open","ping_status":"open","sticky":false,"template":"","format":"standard","meta":{"_acf_changed":false,"_monsterinsights_skip_tracking":false,"_monsterinsights_sitenote_active":false,"_monsterinsights_sitenote_note":"","_monsterinsights_sitenote_category":0,"_jetpack_memberships_contains_paid_content":false,"footnotes":"","jetpack_publicize_message":"","jetpack_publicize_feature_enabled":true,"jetpack_social_post_already_shared":true,"jetpack_social_options":{"image_generator_settings":{"template":"highway","default_image_id":0,"font":"","enabled":false},"version":2}},"categories":[8,1],"tags":[],"class_list":["post-29738","post","type-post","status-publish","format-standard","has-post-thumbnail","hentry","category-cultura","category-noticias"],"acf":[],"jetpack_publicize_connections":[],"jetpack_featured_media_url":"https:\/\/i0.wp.com\/blogdoeloiltoncajuhy.com.br\/site\/wp-content\/uploads\/2018\/12\/renan-3-anos-sambista.jpg?fit=1000%2C563&ssl=1","jetpack_sharing_enabled":true,"publishpress_future_workflow_manual_trigger":{"enabledWorkflows":[]},"_links":{"self":[{"href":"https:\/\/blogdoeloiltoncajuhy.com.br\/site\/wp-json\/wp\/v2\/posts\/29738","targetHints":{"allow":["GET"]}}],"collection":[{"href":"https:\/\/blogdoeloiltoncajuhy.com.br\/site\/wp-json\/wp\/v2\/posts"}],"about":[{"href":"https:\/\/blogdoeloiltoncajuhy.com.br\/site\/wp-json\/wp\/v2\/types\/post"}],"author":[{"embeddable":true,"href":"https:\/\/blogdoeloiltoncajuhy.com.br\/site\/wp-json\/wp\/v2\/users\/2"}],"replies":[{"embeddable":true,"href":"https:\/\/blogdoeloiltoncajuhy.com.br\/site\/wp-json\/wp\/v2\/comments?post=29738"}],"version-history":[{"count":1,"href":"https:\/\/blogdoeloiltoncajuhy.com.br\/site\/wp-json\/wp\/v2\/posts\/29738\/revisions"}],"predecessor-version":[{"id":29740,"href":"https:\/\/blogdoeloiltoncajuhy.com.br\/site\/wp-json\/wp\/v2\/posts\/29738\/revisions\/29740"}],"wp:featuredmedia":[{"embeddable":true,"href":"https:\/\/blogdoeloiltoncajuhy.com.br\/site\/wp-json\/wp\/v2\/media\/29739"}],"wp:attachment":[{"href":"https:\/\/blogdoeloiltoncajuhy.com.br\/site\/wp-json\/wp\/v2\/media?parent=29738"}],"wp:term":[{"taxonomy":"category","embeddable":true,"href":"https:\/\/blogdoeloiltoncajuhy.com.br\/site\/wp-json\/wp\/v2\/categories?post=29738"},{"taxonomy":"post_tag","embeddable":true,"href":"https:\/\/blogdoeloiltoncajuhy.com.br\/site\/wp-json\/wp\/v2\/tags?post=29738"}],"curies":[{"name":"wp","href":"https:\/\/api.w.org\/{rel}","templated":true}]}}