{"id":29719,"date":"2018-12-06T10:15:10","date_gmt":"2018-12-06T13:15:10","guid":{"rendered":"http:\/\/blogdoeloiltoncajuhy.com.br\/site\/?p=29719"},"modified":"2018-12-06T10:15:10","modified_gmt":"2018-12-06T13:15:10","slug":"nota-de-pesar-da-associacao-cultural-dos-espadeiros-bonfinenses-acesb","status":"publish","type":"post","link":"https:\/\/blogdoeloiltoncajuhy.com.br\/site\/nota-de-pesar-da-associacao-cultural-dos-espadeiros-bonfinenses-acesb\/","title":{"rendered":"Nota de Pesar da Associa\u00e7\u00e3o Cultural dos Espadeiros Bonfinenses &#8211; ACESB"},"content":{"rendered":"<p><a href=\"https:\/\/i0.wp.com\/blogdoeloiltoncajuhy.com.br\/site\/wp-content\/uploads\/2018\/12\/KEL-03.jpg\"><img data-recalc-dims=\"1\" fetchpriority=\"high\" decoding=\"async\" class=\"aligncenter wp-image-29720\" src=\"https:\/\/i0.wp.com\/blogdoeloiltoncajuhy.com.br\/site\/wp-content\/uploads\/2018\/12\/KEL-03.jpg?resize=400%2C294\" alt=\"\" width=\"400\" height=\"294\" srcset=\"https:\/\/i0.wp.com\/blogdoeloiltoncajuhy.com.br\/site\/wp-content\/uploads\/2018\/12\/KEL-03.jpg?w=529&amp;ssl=1 529w, https:\/\/i0.wp.com\/blogdoeloiltoncajuhy.com.br\/site\/wp-content\/uploads\/2018\/12\/KEL-03.jpg?resize=300%2C221&amp;ssl=1 300w, https:\/\/i0.wp.com\/blogdoeloiltoncajuhy.com.br\/site\/wp-content\/uploads\/2018\/12\/KEL-03.jpg?resize=250%2C184&amp;ssl=1 250w\" sizes=\"(max-width: 400px) 100vw, 400px\" \/><\/a><strong>Sua luta chegou fim e voc\u00ea se foi. Mas nem por isso voc\u00ea foi um perdedor.\u00a0Voc\u00ea lutou com todas as suas for\u00e7as, Cl\u00e9riston. Voc\u00ea venceu muitas barreiras e ficou conosco at\u00e9 quando Deus permitiu!<\/strong><\/p>\n<p><strong>Seu sofrimento acabou, todas as suas dores passaram. Com muito pesar, a Associa\u00e7\u00e3o Cultural dos Espadeiros Bonfinenses (ACESB), se despede hoje de voc\u00ea, um grande guerreiro, um ser humano de cora\u00e7\u00e3o gigante, um excelente profissional, que hoje se encontra ao lado do Pai Celestial, nos deixando com muita saudade.<\/strong><\/p>\n<p><strong>Familiares e amigos de Cl\u00e9riston Jambeiro, sintam-se abra\u00e7ados. E o nosso desejo maior \u00e9 que Deus, na sua infinita miseric\u00f3rdia, lhes d\u00ea a for\u00e7a e a sabedoria para suportar a perda precoce do nosso querido Kel.<\/strong><\/p>\n<p><strong>S\u00e3o os sinceros p\u00easames da Associa\u00e7\u00e3o Cultural dos Espadeiros Bonfinenses ao grande guerreiro Cl\u00e9riston Jambeiro.<\/strong><\/p>\n<p><span style=\"color: #3366ff;\"><strong>Vai em paz e descansa ao lado do Pai!<\/strong><\/span><\/p>\n","protected":false},"excerpt":{"rendered":"<p>Sua luta chegou fim e voc\u00ea se foi. Mas nem por isso voc\u00ea foi um perdedor.\u00a0Voc\u00ea lutou com todas as suas for\u00e7as, Cl\u00e9riston. Voc\u00ea venceu muitas barreiras e ficou conosco at\u00e9 quando Deus permitiu! Seu sofrimento acabou, todas as suas dores passaram. Com muito pesar, a Associa\u00e7\u00e3o Cultural dos Espadeiros Bonfinenses (ACESB), se despede hoje [&hellip;]<\/p>\n","protected":false},"author":2,"featured_media":29720,"comment_status":"open","ping_status":"open","sticky":false,"template":"","format":"standard","meta":{"_acf_changed":false,"_monsterinsights_skip_tracking":false,"_monsterinsights_sitenote_active":false,"_monsterinsights_sitenote_note":"","_monsterinsights_sitenote_category":0,"_jetpack_memberships_contains_paid_content":false,"footnotes":"","jetpack_publicize_message":"","jetpack_publicize_feature_enabled":true,"jetpack_social_post_already_shared":true,"jetpack_social_options":{"image_generator_settings":{"template":"highway","default_image_id":0,"font":"","enabled":false},"version":2}},"categories":[1,4],"tags":[],"class_list":["post-29719","post","type-post","status-publish","format-standard","has-post-thumbnail","hentry","category-noticias","category-local"],"acf":[],"jetpack_publicize_connections":[],"jetpack_featured_media_url":"https:\/\/i0.wp.com\/blogdoeloiltoncajuhy.com.br\/site\/wp-content\/uploads\/2018\/12\/KEL-03.jpg?fit=529%2C389&ssl=1","jetpack_sharing_enabled":true,"publishpress_future_workflow_manual_trigger":{"enabledWorkflows":[]},"_links":{"self":[{"href":"https:\/\/blogdoeloiltoncajuhy.com.br\/site\/wp-json\/wp\/v2\/posts\/29719","targetHints":{"allow":["GET"]}}],"collection":[{"href":"https:\/\/blogdoeloiltoncajuhy.com.br\/site\/wp-json\/wp\/v2\/posts"}],"about":[{"href":"https:\/\/blogdoeloiltoncajuhy.com.br\/site\/wp-json\/wp\/v2\/types\/post"}],"author":[{"embeddable":true,"href":"https:\/\/blogdoeloiltoncajuhy.com.br\/site\/wp-json\/wp\/v2\/users\/2"}],"replies":[{"embeddable":true,"href":"https:\/\/blogdoeloiltoncajuhy.com.br\/site\/wp-json\/wp\/v2\/comments?post=29719"}],"version-history":[{"count":1,"href":"https:\/\/blogdoeloiltoncajuhy.com.br\/site\/wp-json\/wp\/v2\/posts\/29719\/revisions"}],"predecessor-version":[{"id":29721,"href":"https:\/\/blogdoeloiltoncajuhy.com.br\/site\/wp-json\/wp\/v2\/posts\/29719\/revisions\/29721"}],"wp:featuredmedia":[{"embeddable":true,"href":"https:\/\/blogdoeloiltoncajuhy.com.br\/site\/wp-json\/wp\/v2\/media\/29720"}],"wp:attachment":[{"href":"https:\/\/blogdoeloiltoncajuhy.com.br\/site\/wp-json\/wp\/v2\/media?parent=29719"}],"wp:term":[{"taxonomy":"category","embeddable":true,"href":"https:\/\/blogdoeloiltoncajuhy.com.br\/site\/wp-json\/wp\/v2\/categories?post=29719"},{"taxonomy":"post_tag","embeddable":true,"href":"https:\/\/blogdoeloiltoncajuhy.com.br\/site\/wp-json\/wp\/v2\/tags?post=29719"}],"curies":[{"name":"wp","href":"https:\/\/api.w.org\/{rel}","templated":true}]}}