{"id":29715,"date":"2018-12-06T07:07:50","date_gmt":"2018-12-06T10:07:50","guid":{"rendered":"http:\/\/blogdoeloiltoncajuhy.com.br\/site\/?p=29715"},"modified":"2018-12-06T10:22:55","modified_gmt":"2018-12-06T13:22:55","slug":"morre-em-salvador-o-bonfinense-cleriston-jambeiro-kel","status":"publish","type":"post","link":"https:\/\/blogdoeloiltoncajuhy.com.br\/site\/morre-em-salvador-o-bonfinense-cleriston-jambeiro-kel\/","title":{"rendered":"Morre em Salvador o bonfinense Cl\u00e9riston Jambeiro (Kel)"},"content":{"rendered":"<p><em><strong>Atualizada em 06 de dezembro, \u00e0s 10h20.<\/strong><\/em><\/p>\n<figure id=\"attachment_29716\" aria-describedby=\"caption-attachment-29716\" style=\"width: 960px\" class=\"wp-caption aligncenter\"><a href=\"https:\/\/i0.wp.com\/blogdoeloiltoncajuhy.com.br\/site\/wp-content\/uploads\/2018\/12\/KEL-01.jpg\"><img data-recalc-dims=\"1\" fetchpriority=\"high\" decoding=\"async\" class=\"wp-image-29716 size-full\" src=\"https:\/\/i0.wp.com\/blogdoeloiltoncajuhy.com.br\/site\/wp-content\/uploads\/2018\/12\/KEL-01.jpg?resize=800%2C600\" alt=\"\" width=\"800\" height=\"600\" srcset=\"https:\/\/i0.wp.com\/blogdoeloiltoncajuhy.com.br\/site\/wp-content\/uploads\/2018\/12\/KEL-01.jpg?w=960&amp;ssl=1 960w, https:\/\/i0.wp.com\/blogdoeloiltoncajuhy.com.br\/site\/wp-content\/uploads\/2018\/12\/KEL-01.jpg?resize=300%2C225&amp;ssl=1 300w, https:\/\/i0.wp.com\/blogdoeloiltoncajuhy.com.br\/site\/wp-content\/uploads\/2018\/12\/KEL-01.jpg?resize=768%2C576&amp;ssl=1 768w, https:\/\/i0.wp.com\/blogdoeloiltoncajuhy.com.br\/site\/wp-content\/uploads\/2018\/12\/KEL-01.jpg?resize=250%2C188&amp;ssl=1 250w\" sizes=\"(max-width: 800px) 100vw, 800px\" \/><\/a><figcaption id=\"caption-attachment-29716\" class=\"wp-caption-text\">Foto: Reprodu\u00e7\u00e3o \/ Facebook<\/figcaption><\/figure>\n<p>Faleceu por volta das 4h da madrugada desta quinta-feira (06), no Hospital Portugu\u00eas em Salvador, o Delegado do munic\u00edpio de Casa Nova,\u00a0<strong>Cl\u00e9riston Jambeiro<\/strong>, tamb\u00e9m conhecido como <strong>Kel<\/strong>. Ele tinha 42 anos e era natural de Senhor do Bonfim.<\/p>\n<p>De acordo com o BLOG DO CL\u00c9BER VIEIRA, familiares informaram que h\u00e1 v\u00e1rios dias Kel vinha lutando contra uma trombose no intestino e teve entre outras complica\u00e7\u00f5es de sa\u00fade.<\/p>\n<p>Cl\u00e9riston Jambeiro ingressou na carreira de delegado ap\u00f3s se tornar advogado. Filho da tradicional fam\u00edlia Jambeiro, morou na Rua Jos\u00e9 Jorge, aqui em Senhor do Bonfim, e era muito querido em nossa cidade.\u00a0Ap\u00f3s trabalhar em v\u00e1rias cidades, atualmente era delegado de Casa Nova.<\/p>\n<p>O corpo de Kel dever\u00e1 chegar Bonfim por volta das 16h e ser\u00e1 velado no Campo Clube. O sepultamento ser\u00e1 nesta sexta-feira, 7, em Senhor do Bonfim. Hor\u00e1rio e local ainda n\u00e3o foram divulgados.<\/p>\n<figure id=\"attachment_29717\" aria-describedby=\"caption-attachment-29717\" style=\"width: 363px\" class=\"wp-caption aligncenter\"><a href=\"https:\/\/i0.wp.com\/blogdoeloiltoncajuhy.com.br\/site\/wp-content\/uploads\/2018\/12\/KEL-02.jpg\"><img data-recalc-dims=\"1\" decoding=\"async\" class=\"wp-image-29717 size-full\" src=\"https:\/\/i0.wp.com\/blogdoeloiltoncajuhy.com.br\/site\/wp-content\/uploads\/2018\/12\/KEL-02.jpg?resize=363%2C540\" alt=\"\" width=\"363\" height=\"540\" srcset=\"https:\/\/i0.wp.com\/blogdoeloiltoncajuhy.com.br\/site\/wp-content\/uploads\/2018\/12\/KEL-02.jpg?w=363&amp;ssl=1 363w, https:\/\/i0.wp.com\/blogdoeloiltoncajuhy.com.br\/site\/wp-content\/uploads\/2018\/12\/KEL-02.jpg?resize=202%2C300&amp;ssl=1 202w, https:\/\/i0.wp.com\/blogdoeloiltoncajuhy.com.br\/site\/wp-content\/uploads\/2018\/12\/KEL-02.jpg?resize=168%2C250&amp;ssl=1 168w\" sizes=\"(max-width: 363px) 100vw, 363px\" \/><\/a><figcaption id=\"caption-attachment-29717\" class=\"wp-caption-text\">Foto: Reprodu\u00e7\u00e3o \/ Facebook<\/figcaption><\/figure>\n<p><em><strong>BLOG DO ELOILTON CAJUHY<\/strong><\/em><\/p>\n","protected":false},"excerpt":{"rendered":"<p>Atualizada em 06 de dezembro, \u00e0s 10h20. Faleceu por volta das 4h da madrugada desta quinta-feira (06), no Hospital Portugu\u00eas em Salvador, o Delegado do munic\u00edpio de Casa Nova,\u00a0Cl\u00e9riston Jambeiro, tamb\u00e9m conhecido como Kel. Ele tinha 42 anos e era natural de Senhor do Bonfim. De acordo com o BLOG DO CL\u00c9BER VIEIRA, familiares informaram [&hellip;]<\/p>\n","protected":false},"author":2,"featured_media":29717,"comment_status":"open","ping_status":"open","sticky":false,"template":"","format":"standard","meta":{"_acf_changed":false,"_monsterinsights_skip_tracking":false,"_monsterinsights_sitenote_active":false,"_monsterinsights_sitenote_note":"","_monsterinsights_sitenote_category":0,"_jetpack_memberships_contains_paid_content":false,"footnotes":"","jetpack_publicize_message":"","jetpack_publicize_feature_enabled":true,"jetpack_social_post_already_shared":true,"jetpack_social_options":{"image_generator_settings":{"template":"highway","default_image_id":0,"font":"","enabled":false},"version":2}},"categories":[1,4],"tags":[],"class_list":["post-29715","post","type-post","status-publish","format-standard","has-post-thumbnail","hentry","category-noticias","category-local"],"acf":[],"jetpack_publicize_connections":[],"jetpack_featured_media_url":"https:\/\/i0.wp.com\/blogdoeloiltoncajuhy.com.br\/site\/wp-content\/uploads\/2018\/12\/KEL-02.jpg?fit=363%2C540&ssl=1","jetpack_sharing_enabled":true,"publishpress_future_workflow_manual_trigger":{"enabledWorkflows":[]},"_links":{"self":[{"href":"https:\/\/blogdoeloiltoncajuhy.com.br\/site\/wp-json\/wp\/v2\/posts\/29715","targetHints":{"allow":["GET"]}}],"collection":[{"href":"https:\/\/blogdoeloiltoncajuhy.com.br\/site\/wp-json\/wp\/v2\/posts"}],"about":[{"href":"https:\/\/blogdoeloiltoncajuhy.com.br\/site\/wp-json\/wp\/v2\/types\/post"}],"author":[{"embeddable":true,"href":"https:\/\/blogdoeloiltoncajuhy.com.br\/site\/wp-json\/wp\/v2\/users\/2"}],"replies":[{"embeddable":true,"href":"https:\/\/blogdoeloiltoncajuhy.com.br\/site\/wp-json\/wp\/v2\/comments?post=29715"}],"version-history":[{"count":3,"href":"https:\/\/blogdoeloiltoncajuhy.com.br\/site\/wp-json\/wp\/v2\/posts\/29715\/revisions"}],"predecessor-version":[{"id":29723,"href":"https:\/\/blogdoeloiltoncajuhy.com.br\/site\/wp-json\/wp\/v2\/posts\/29715\/revisions\/29723"}],"wp:featuredmedia":[{"embeddable":true,"href":"https:\/\/blogdoeloiltoncajuhy.com.br\/site\/wp-json\/wp\/v2\/media\/29717"}],"wp:attachment":[{"href":"https:\/\/blogdoeloiltoncajuhy.com.br\/site\/wp-json\/wp\/v2\/media?parent=29715"}],"wp:term":[{"taxonomy":"category","embeddable":true,"href":"https:\/\/blogdoeloiltoncajuhy.com.br\/site\/wp-json\/wp\/v2\/categories?post=29715"},{"taxonomy":"post_tag","embeddable":true,"href":"https:\/\/blogdoeloiltoncajuhy.com.br\/site\/wp-json\/wp\/v2\/tags?post=29715"}],"curies":[{"name":"wp","href":"https:\/\/api.w.org\/{rel}","templated":true}]}}