{"id":29706,"date":"2018-12-05T15:43:58","date_gmt":"2018-12-05T18:43:58","guid":{"rendered":"http:\/\/blogdoeloiltoncajuhy.com.br\/site\/?p=29706"},"modified":"2018-12-05T15:43:58","modified_gmt":"2018-12-05T18:43:58","slug":"05-de-dezembro-dia-da-cultura-bonfinense","status":"publish","type":"post","link":"https:\/\/blogdoeloiltoncajuhy.com.br\/site\/05-de-dezembro-dia-da-cultura-bonfinense\/","title":{"rendered":"05 de dezembro: Dia da Cultura Bonfinense"},"content":{"rendered":"<figure id=\"attachment_29707\" aria-describedby=\"caption-attachment-29707\" style=\"width: 560px\" class=\"wp-caption aligncenter\"><a href=\"https:\/\/i0.wp.com\/blogdoeloiltoncajuhy.com.br\/site\/wp-content\/uploads\/2018\/12\/dia-cultura-bonfinense.png\"><img data-recalc-dims=\"1\" fetchpriority=\"high\" decoding=\"async\" class=\"wp-image-29707\" src=\"https:\/\/i0.wp.com\/blogdoeloiltoncajuhy.com.br\/site\/wp-content\/uploads\/2018\/12\/dia-cultura-bonfinense.png?resize=560%2C416\" alt=\"\" width=\"560\" height=\"416\" srcset=\"https:\/\/i0.wp.com\/blogdoeloiltoncajuhy.com.br\/site\/wp-content\/uploads\/2018\/12\/dia-cultura-bonfinense.png?w=960&amp;ssl=1 960w, https:\/\/i0.wp.com\/blogdoeloiltoncajuhy.com.br\/site\/wp-content\/uploads\/2018\/12\/dia-cultura-bonfinense.png?resize=300%2C223&amp;ssl=1 300w, https:\/\/i0.wp.com\/blogdoeloiltoncajuhy.com.br\/site\/wp-content\/uploads\/2018\/12\/dia-cultura-bonfinense.png?resize=768%2C570&amp;ssl=1 768w, https:\/\/i0.wp.com\/blogdoeloiltoncajuhy.com.br\/site\/wp-content\/uploads\/2018\/12\/dia-cultura-bonfinense.png?resize=250%2C186&amp;ssl=1 250w\" sizes=\"(max-width: 560px) 100vw, 560px\" \/><\/a><figcaption id=\"caption-attachment-29707\" class=\"wp-caption-text\">Foto: Blog Canga\u00e7o na Bahia<\/figcaption><\/figure>\n<p>H\u00e1 exatos 99 anos, em 5 de dezembro de 1919, Senhor do Bonfim recebia a visita de um dos mais not\u00f3rios brasileiros: Ruy Barbosa. Ap\u00f3s ser derrotado por Epit\u00e1cio Pessoa nas elei\u00e7\u00f5es presidenciais de abril daquele ano, o ent\u00e3o Senador Ruy Barbosa realizou diversas viagens pelo interior da Bahia, em apoio \u00e0 candidatura do oposicionista Paulo Fonte ao governo da Bahia.<\/p>\n<p>Relata o peri\u00f3dico Correio do Bonfim, que fora organizada uma grande recep\u00e7\u00e3o para o <em>&#8220;\u00c1guia de Haya&#8221;<\/em>, que ficara hospedado na resid\u00eancia do Coronel Ant\u00f4nio F\u00e9lix (atual Bispado). Filarm\u00f4nicas da regi\u00e3o animaram os atos receptivos que culminaram com o discurso onde Ruy Barbosa criou o apelido que ainda hoje \u00e9 a marca de Senhor do Bonfim, chamando-a de <em><strong>&#8220;a terra do bom come\u00e7o&#8221;<\/strong><\/em>.<\/p>\n<p><em><strong>Bonfim Futebol e Hist\u00f3ria<\/strong><\/em><\/p>\n<p><em>A visita de Ruy Barbosa a Senhor do Bonfim ganhou tanta import\u00e2ncia que o dia 5 de dezembro passou a ser comemorado como o Dia da Cultura Bonfinense. Na pr\u00f3xima sexta-feira, 7, a data ser\u00e1 celebrada pela Academia de Letras e Artes de Senhor do Bonfim, no Cal\u00e7ad\u00e3o, com o evento <strong>&#8220;Poesia no Beco&#8221;<\/strong>. <\/em><strong>BLOG DO ELOILTON CAJUHY<\/strong><\/p>\n","protected":false},"excerpt":{"rendered":"<p>H\u00e1 exatos 99 anos, em 5 de dezembro de 1919, Senhor do Bonfim recebia a visita de um dos mais not\u00f3rios brasileiros: Ruy Barbosa. Ap\u00f3s ser derrotado por Epit\u00e1cio Pessoa nas elei\u00e7\u00f5es presidenciais de abril daquele ano, o ent\u00e3o Senador Ruy Barbosa realizou diversas viagens pelo interior da Bahia, em apoio \u00e0 candidatura do oposicionista [&hellip;]<\/p>\n","protected":false},"author":2,"featured_media":29707,"comment_status":"open","ping_status":"open","sticky":false,"template":"","format":"standard","meta":{"_acf_changed":false,"_monsterinsights_skip_tracking":false,"_monsterinsights_sitenote_active":false,"_monsterinsights_sitenote_note":"","_monsterinsights_sitenote_category":0,"_jetpack_memberships_contains_paid_content":false,"footnotes":"","jetpack_publicize_message":"","jetpack_publicize_feature_enabled":true,"jetpack_social_post_already_shared":true,"jetpack_social_options":{"image_generator_settings":{"template":"highway","default_image_id":0,"font":"","enabled":false},"version":2}},"categories":[8,1,4],"tags":[],"class_list":["post-29706","post","type-post","status-publish","format-standard","has-post-thumbnail","hentry","category-cultura","category-noticias","category-local"],"acf":[],"jetpack_publicize_connections":[],"jetpack_featured_media_url":"https:\/\/i0.wp.com\/blogdoeloiltoncajuhy.com.br\/site\/wp-content\/uploads\/2018\/12\/dia-cultura-bonfinense.png?fit=960%2C713&ssl=1","jetpack_sharing_enabled":true,"publishpress_future_workflow_manual_trigger":{"enabledWorkflows":[]},"_links":{"self":[{"href":"https:\/\/blogdoeloiltoncajuhy.com.br\/site\/wp-json\/wp\/v2\/posts\/29706","targetHints":{"allow":["GET"]}}],"collection":[{"href":"https:\/\/blogdoeloiltoncajuhy.com.br\/site\/wp-json\/wp\/v2\/posts"}],"about":[{"href":"https:\/\/blogdoeloiltoncajuhy.com.br\/site\/wp-json\/wp\/v2\/types\/post"}],"author":[{"embeddable":true,"href":"https:\/\/blogdoeloiltoncajuhy.com.br\/site\/wp-json\/wp\/v2\/users\/2"}],"replies":[{"embeddable":true,"href":"https:\/\/blogdoeloiltoncajuhy.com.br\/site\/wp-json\/wp\/v2\/comments?post=29706"}],"version-history":[{"count":1,"href":"https:\/\/blogdoeloiltoncajuhy.com.br\/site\/wp-json\/wp\/v2\/posts\/29706\/revisions"}],"predecessor-version":[{"id":29708,"href":"https:\/\/blogdoeloiltoncajuhy.com.br\/site\/wp-json\/wp\/v2\/posts\/29706\/revisions\/29708"}],"wp:featuredmedia":[{"embeddable":true,"href":"https:\/\/blogdoeloiltoncajuhy.com.br\/site\/wp-json\/wp\/v2\/media\/29707"}],"wp:attachment":[{"href":"https:\/\/blogdoeloiltoncajuhy.com.br\/site\/wp-json\/wp\/v2\/media?parent=29706"}],"wp:term":[{"taxonomy":"category","embeddable":true,"href":"https:\/\/blogdoeloiltoncajuhy.com.br\/site\/wp-json\/wp\/v2\/categories?post=29706"},{"taxonomy":"post_tag","embeddable":true,"href":"https:\/\/blogdoeloiltoncajuhy.com.br\/site\/wp-json\/wp\/v2\/tags?post=29706"}],"curies":[{"name":"wp","href":"https:\/\/api.w.org\/{rel}","templated":true}]}}