{"id":29701,"date":"2018-12-05T09:39:52","date_gmt":"2018-12-05T12:39:52","guid":{"rendered":"http:\/\/blogdoeloiltoncajuhy.com.br\/site\/?p=29701"},"modified":"2018-12-05T09:39:52","modified_gmt":"2018-12-05T12:39:52","slug":"simone-anuncia-pausa-nas-redes-sociais-e-pede-orem-por-mim","status":"publish","type":"post","link":"https:\/\/blogdoeloiltoncajuhy.com.br\/site\/simone-anuncia-pausa-nas-redes-sociais-e-pede-orem-por-mim\/","title":{"rendered":"Simone anuncia pausa nas redes sociais e pede: &#8220;orem por mim&#8221;"},"content":{"rendered":"<h5 style=\"text-align: center;\"><em>Usu\u00e1ria ativa da internet, a sertaneja passar\u00e1 um per\u00edodo afastada<\/em><\/h5>\n<figure id=\"attachment_29702\" aria-describedby=\"caption-attachment-29702\" style=\"width: 420px\" class=\"wp-caption aligncenter\"><a href=\"https:\/\/i0.wp.com\/blogdoeloiltoncajuhy.com.br\/site\/wp-content\/uploads\/2018\/12\/Simone_dez-2018.jpg\"><img data-recalc-dims=\"1\" fetchpriority=\"high\" decoding=\"async\" class=\"wp-image-29702\" src=\"https:\/\/i0.wp.com\/blogdoeloiltoncajuhy.com.br\/site\/wp-content\/uploads\/2018\/12\/Simone_dez-2018.jpg?resize=420%2C420\" alt=\"\" width=\"420\" height=\"420\" srcset=\"https:\/\/i0.wp.com\/blogdoeloiltoncajuhy.com.br\/site\/wp-content\/uploads\/2018\/12\/Simone_dez-2018.jpg?w=620&amp;ssl=1 620w, https:\/\/i0.wp.com\/blogdoeloiltoncajuhy.com.br\/site\/wp-content\/uploads\/2018\/12\/Simone_dez-2018.jpg?resize=150%2C150&amp;ssl=1 150w, https:\/\/i0.wp.com\/blogdoeloiltoncajuhy.com.br\/site\/wp-content\/uploads\/2018\/12\/Simone_dez-2018.jpg?resize=300%2C300&amp;ssl=1 300w, https:\/\/i0.wp.com\/blogdoeloiltoncajuhy.com.br\/site\/wp-content\/uploads\/2018\/12\/Simone_dez-2018.jpg?resize=250%2C250&amp;ssl=1 250w, https:\/\/i0.wp.com\/blogdoeloiltoncajuhy.com.br\/site\/wp-content\/uploads\/2018\/12\/Simone_dez-2018.jpg?resize=48%2C48&amp;ssl=1 48w\" sizes=\"(max-width: 420px) 100vw, 420px\" \/><\/a><figcaption id=\"caption-attachment-29702\" class=\"wp-caption-text\">Simone (Foto: Reprodu\u00e7\u00e3o\/Instagram)<\/figcaption><\/figure>\n<p>Simone fez um an\u00fancio para os seus seguidores na madrugada desta quarta-feira (05): ela far\u00e1 uma pausa nas redes sociais. A sertaneja publicou uma selfie no Instagram e usou o espa\u00e7o na legenda para avisar os f\u00e3s, mas n\u00e3o revelou o motivo por tr\u00e1s do afastamento.<\/p>\n<p><em>&#8220;Passando para avisar que vou me ausentar essa semana das redes sociais. Estou nesse momento me conectando com Deus e ajudando vidas! Dia 10 estarei de volta, contando um pouco dessa experi\u00eancia para voc\u00eas, obrigada por todo amor e carinho, orem por mim! Beijo e Deus aben\u00e7oe&#8221;<\/em>, escreveu.<\/p>\n<p>Os seguidores deixaram coment\u00e1rios na publica\u00e7\u00e3o. Entre as mensagens, haviam algumas como: <em>&#8220;For\u00e7a, Simone&#8221;, &#8220;vai fazer falta&#8221;, &#8220;vamos sentir saudade&#8221;, &#8220;fa\u00e7a o melhor para voc\u00ea, estamos te esperando&#8221;<\/em>, e mais.<\/p>\n<p><em><strong>Vogue<\/strong><\/em><\/p>\n","protected":false},"excerpt":{"rendered":"<p>Usu\u00e1ria ativa da internet, a sertaneja passar\u00e1 um per\u00edodo afastada Simone fez um an\u00fancio para os seus seguidores na madrugada desta quarta-feira (05): ela far\u00e1 uma pausa nas redes sociais. A sertaneja publicou uma selfie no Instagram e usou o espa\u00e7o na legenda para avisar os f\u00e3s, mas n\u00e3o revelou o motivo por tr\u00e1s do [&hellip;]<\/p>\n","protected":false},"author":2,"featured_media":29702,"comment_status":"open","ping_status":"open","sticky":false,"template":"","format":"standard","meta":{"_acf_changed":false,"_monsterinsights_skip_tracking":false,"_monsterinsights_sitenote_active":false,"_monsterinsights_sitenote_note":"","_monsterinsights_sitenote_category":0,"_jetpack_memberships_contains_paid_content":false,"footnotes":"","jetpack_publicize_message":"","jetpack_publicize_feature_enabled":true,"jetpack_social_post_already_shared":true,"jetpack_social_options":{"image_generator_settings":{"template":"highway","default_image_id":0,"font":"","enabled":false},"version":2}},"categories":[8,1],"tags":[],"class_list":["post-29701","post","type-post","status-publish","format-standard","has-post-thumbnail","hentry","category-cultura","category-noticias"],"acf":[],"jetpack_publicize_connections":[],"jetpack_featured_media_url":"https:\/\/i0.wp.com\/blogdoeloiltoncajuhy.com.br\/site\/wp-content\/uploads\/2018\/12\/Simone_dez-2018.jpg?fit=620%2C620&ssl=1","jetpack_sharing_enabled":true,"publishpress_future_workflow_manual_trigger":{"enabledWorkflows":[]},"_links":{"self":[{"href":"https:\/\/blogdoeloiltoncajuhy.com.br\/site\/wp-json\/wp\/v2\/posts\/29701","targetHints":{"allow":["GET"]}}],"collection":[{"href":"https:\/\/blogdoeloiltoncajuhy.com.br\/site\/wp-json\/wp\/v2\/posts"}],"about":[{"href":"https:\/\/blogdoeloiltoncajuhy.com.br\/site\/wp-json\/wp\/v2\/types\/post"}],"author":[{"embeddable":true,"href":"https:\/\/blogdoeloiltoncajuhy.com.br\/site\/wp-json\/wp\/v2\/users\/2"}],"replies":[{"embeddable":true,"href":"https:\/\/blogdoeloiltoncajuhy.com.br\/site\/wp-json\/wp\/v2\/comments?post=29701"}],"version-history":[{"count":1,"href":"https:\/\/blogdoeloiltoncajuhy.com.br\/site\/wp-json\/wp\/v2\/posts\/29701\/revisions"}],"predecessor-version":[{"id":29703,"href":"https:\/\/blogdoeloiltoncajuhy.com.br\/site\/wp-json\/wp\/v2\/posts\/29701\/revisions\/29703"}],"wp:featuredmedia":[{"embeddable":true,"href":"https:\/\/blogdoeloiltoncajuhy.com.br\/site\/wp-json\/wp\/v2\/media\/29702"}],"wp:attachment":[{"href":"https:\/\/blogdoeloiltoncajuhy.com.br\/site\/wp-json\/wp\/v2\/media?parent=29701"}],"wp:term":[{"taxonomy":"category","embeddable":true,"href":"https:\/\/blogdoeloiltoncajuhy.com.br\/site\/wp-json\/wp\/v2\/categories?post=29701"},{"taxonomy":"post_tag","embeddable":true,"href":"https:\/\/blogdoeloiltoncajuhy.com.br\/site\/wp-json\/wp\/v2\/tags?post=29701"}],"curies":[{"name":"wp","href":"https:\/\/api.w.org\/{rel}","templated":true}]}}