{"id":29696,"date":"2018-12-04T21:10:29","date_gmt":"2018-12-05T00:10:29","guid":{"rendered":"http:\/\/blogdoeloiltoncajuhy.com.br\/site\/?p=29696"},"modified":"2018-12-04T21:10:29","modified_gmt":"2018-12-05T00:10:29","slug":"comece-a-quarta-feira-meditando-mt-1529-37","status":"publish","type":"post","link":"https:\/\/blogdoeloiltoncajuhy.com.br\/site\/comece-a-quarta-feira-meditando-mt-1529-37\/","title":{"rendered":"Comece a quarta-feira meditando (Mt 15,29-37)"},"content":{"rendered":"<h5 style=\"text-align: center;\"><span style=\"color: #3366ff;\"><strong>Jesus cura muitos e multiplica os p\u00e3es<\/strong><\/span><\/h5>\n<p><a href=\"https:\/\/i0.wp.com\/blogdoeloiltoncajuhy.com.br\/site\/wp-content\/uploads\/2016\/09\/liturgia_set_16-2.jpg\"><img data-recalc-dims=\"1\" fetchpriority=\"high\" decoding=\"async\" class=\"wp-image-12279 alignright\" src=\"https:\/\/i0.wp.com\/blogdoeloiltoncajuhy.com.br\/site\/wp-content\/uploads\/2016\/09\/liturgia_set_16-2.jpg?resize=400%2C225\" alt=\"\" width=\"400\" height=\"225\" srcset=\"https:\/\/i0.wp.com\/blogdoeloiltoncajuhy.com.br\/site\/wp-content\/uploads\/2016\/09\/liturgia_set_16-2.jpg?w=320&amp;ssl=1 320w, https:\/\/i0.wp.com\/blogdoeloiltoncajuhy.com.br\/site\/wp-content\/uploads\/2016\/09\/liturgia_set_16-2.jpg?resize=300%2C169&amp;ssl=1 300w, https:\/\/i0.wp.com\/blogdoeloiltoncajuhy.com.br\/site\/wp-content\/uploads\/2016\/09\/liturgia_set_16-2.jpg?resize=250%2C141&amp;ssl=1 250w\" sizes=\"(max-width: 400px) 100vw, 400px\" \/><\/a>Naquele tempo:\u00a0Jesus foi para as margens do mar da Galil\u00e9ia,\u00a0subiu a montanha, e sentou-se.\u00a0Numerosas multid\u00f5es aproximaram-se dele,\u00a0levando consigo coxos, aleijados, cegos, mudos,\u00a0e muitos outros doentes.<\/p>\n<p>Ent\u00e3o os colocaram aos p\u00e9s de Jesus. E ele os curou.\u00a0O povo ficou admirado, quando viu os mudos falando,\u00a0os aleijados sendo curados,\u00a0os coxos andando e os cegos enxergando.\u00a0E glorificaram o Deus de Israel.<\/p>\n<p>Jesus chamou seus disc\u00edpulos e disse:\u00a0&#8216;Tenho compaix\u00e3o da multid\u00e3o,\u00a0porque j\u00e1 faz tr\u00eas dias que est\u00e1 comigo,\u00a0e nada tem para comer.\u00a0N\u00e3o quero mand\u00e1-los embora com fome,\u00a0para que n\u00e3o desmaiem pelo caminho&#8217;.\u00a0Os disc\u00edpulos disseram:\u00a0&#8216;Onde vamos buscar, neste deserto,\u00a0tantos p\u00e3es para saciar t\u00e3o grande multid\u00e3o?&#8217;<\/p>\n<p>Jesus perguntou: &#8216;Quantos p\u00e3es tendes?&#8217;\u00a0Eles responderam: &#8216;Sete, e alguns peixinhos&#8217;.\u00a0E Jesus mandou que a multid\u00e3o se sentasse pelo ch\u00e3o.\u00a0Depois, pegou os sete p\u00e3es e os peixes,\u00a0deu gra\u00e7as, partiu-os, e os dava aos disc\u00edpulos,\u00a0e os disc\u00edpulos, \u00e0s multid\u00f5es.\u00a0Todos comeram, e ficaram satisfeitos. E\u00a0encheram sete cestos com os peda\u00e7os que sobraram.<\/p>\n<p><strong>Palavra da Salva\u00e7\u00e3o!<\/strong><\/p>\n<p><em><strong>CNBB<\/strong><\/em><\/p>\n","protected":false},"excerpt":{"rendered":"<p>Jesus cura muitos e multiplica os p\u00e3es Naquele tempo:\u00a0Jesus foi para as margens do mar da Galil\u00e9ia,\u00a0subiu a montanha, e sentou-se.\u00a0Numerosas multid\u00f5es aproximaram-se dele,\u00a0levando consigo coxos, aleijados, cegos, mudos,\u00a0e muitos outros doentes. Ent\u00e3o os colocaram aos p\u00e9s de Jesus. E ele os curou.\u00a0O povo ficou admirado, quando viu os mudos falando,\u00a0os aleijados sendo curados,\u00a0os coxos [&hellip;]<\/p>\n","protected":false},"author":2,"featured_media":0,"comment_status":"open","ping_status":"open","sticky":false,"template":"","format":"standard","meta":{"_acf_changed":false,"_monsterinsights_skip_tracking":false,"_monsterinsights_sitenote_active":false,"_monsterinsights_sitenote_note":"","_monsterinsights_sitenote_category":0,"_jetpack_memberships_contains_paid_content":false,"footnotes":"","jetpack_publicize_message":"","jetpack_publicize_feature_enabled":true,"jetpack_social_post_already_shared":true,"jetpack_social_options":{"image_generator_settings":{"template":"highway","default_image_id":0,"font":"","enabled":false},"version":2}},"categories":[1,9],"tags":[],"class_list":["post-29696","post","type-post","status-publish","format-standard","hentry","category-noticias","category-reflexao"],"acf":[],"jetpack_publicize_connections":[],"jetpack_featured_media_url":"","jetpack_sharing_enabled":true,"publishpress_future_workflow_manual_trigger":{"enabledWorkflows":[]},"_links":{"self":[{"href":"https:\/\/blogdoeloiltoncajuhy.com.br\/site\/wp-json\/wp\/v2\/posts\/29696","targetHints":{"allow":["GET"]}}],"collection":[{"href":"https:\/\/blogdoeloiltoncajuhy.com.br\/site\/wp-json\/wp\/v2\/posts"}],"about":[{"href":"https:\/\/blogdoeloiltoncajuhy.com.br\/site\/wp-json\/wp\/v2\/types\/post"}],"author":[{"embeddable":true,"href":"https:\/\/blogdoeloiltoncajuhy.com.br\/site\/wp-json\/wp\/v2\/users\/2"}],"replies":[{"embeddable":true,"href":"https:\/\/blogdoeloiltoncajuhy.com.br\/site\/wp-json\/wp\/v2\/comments?post=29696"}],"version-history":[{"count":1,"href":"https:\/\/blogdoeloiltoncajuhy.com.br\/site\/wp-json\/wp\/v2\/posts\/29696\/revisions"}],"predecessor-version":[{"id":29697,"href":"https:\/\/blogdoeloiltoncajuhy.com.br\/site\/wp-json\/wp\/v2\/posts\/29696\/revisions\/29697"}],"wp:attachment":[{"href":"https:\/\/blogdoeloiltoncajuhy.com.br\/site\/wp-json\/wp\/v2\/media?parent=29696"}],"wp:term":[{"taxonomy":"category","embeddable":true,"href":"https:\/\/blogdoeloiltoncajuhy.com.br\/site\/wp-json\/wp\/v2\/categories?post=29696"},{"taxonomy":"post_tag","embeddable":true,"href":"https:\/\/blogdoeloiltoncajuhy.com.br\/site\/wp-json\/wp\/v2\/tags?post=29696"}],"curies":[{"name":"wp","href":"https:\/\/api.w.org\/{rel}","templated":true}]}}