{"id":29693,"date":"2018-12-04T20:49:34","date_gmt":"2018-12-04T23:49:34","guid":{"rendered":"http:\/\/blogdoeloiltoncajuhy.com.br\/site\/?p=29693"},"modified":"2018-12-04T20:49:34","modified_gmt":"2018-12-04T23:49:34","slug":"seminario-e-lancamento-do-dicionario-critico-da-mineracao-acontecem-nesta-quarta-feira-5-na-univasf-em-senhor-do-bonfim","status":"publish","type":"post","link":"https:\/\/blogdoeloiltoncajuhy.com.br\/site\/seminario-e-lancamento-do-dicionario-critico-da-mineracao-acontecem-nesta-quarta-feira-5-na-univasf-em-senhor-do-bonfim\/","title":{"rendered":"Semin\u00e1rio e lan\u00e7amento do Dicion\u00e1rio Cr\u00edtico da Minera\u00e7\u00e3o acontecem nesta quarta-feira (5) na Univasf, em Senhor do Bonfim"},"content":{"rendered":"<p><a href=\"https:\/\/i0.wp.com\/blogdoeloiltoncajuhy.com.br\/site\/wp-content\/uploads\/2018\/12\/seminario-univasf.jpg\"><img data-recalc-dims=\"1\" fetchpriority=\"high\" decoding=\"async\" class=\"aligncenter wp-image-29694\" src=\"https:\/\/i0.wp.com\/blogdoeloiltoncajuhy.com.br\/site\/wp-content\/uploads\/2018\/12\/seminario-univasf.jpg?resize=600%2C450\" alt=\"\" width=\"600\" height=\"450\" srcset=\"https:\/\/i0.wp.com\/blogdoeloiltoncajuhy.com.br\/site\/wp-content\/uploads\/2018\/12\/seminario-univasf.jpg?w=960&amp;ssl=1 960w, https:\/\/i0.wp.com\/blogdoeloiltoncajuhy.com.br\/site\/wp-content\/uploads\/2018\/12\/seminario-univasf.jpg?resize=300%2C225&amp;ssl=1 300w, https:\/\/i0.wp.com\/blogdoeloiltoncajuhy.com.br\/site\/wp-content\/uploads\/2018\/12\/seminario-univasf.jpg?resize=768%2C576&amp;ssl=1 768w, https:\/\/i0.wp.com\/blogdoeloiltoncajuhy.com.br\/site\/wp-content\/uploads\/2018\/12\/seminario-univasf.jpg?resize=250%2C188&amp;ssl=1 250w\" sizes=\"(max-width: 600px) 100vw, 600px\" \/><\/a>A Universidade Federal do Vale do S\u00e3o Francisco (Univasf) promover\u00e1, nesta quarta-feira (5), o I Semin\u00e1rio <strong>Reflex\u00f5es Socioambientais das Atividades Mineradoras da Bacia do Itapicuru e Brasil: Desafios e Perspectivas<\/strong>. O evento ter\u00e1 como tema: <strong>\u201cConstruir a soberania popular na minera\u00e7\u00e3o: um debate urgente\u201d<\/strong> e ter\u00e1, em sua programa\u00e7\u00e3o, o lan\u00e7amento do Dicion\u00e1rio Cr\u00edtico da Minera\u00e7\u00e3o. O evento acontecer\u00e1 das 18h \u00e0s 22h, no audit\u00f3rio do Campus Senhor do Bonfim.<\/p>\n<p>As inscri\u00e7\u00f5es s\u00e3o gratuitas e podem ser feitas atrav\u00e9s do site. Na programa\u00e7\u00e3o, ser\u00e1 realizada uma mesa redonda para discutir a tem\u00e1tica central, que ser\u00e1 composta por Gustavo Negreiros, professor do Colegiado de Geografia da Univasf; Maria Aparecida de Jesus Silva, da Comiss\u00e3o Pastoral da Terra (CPT), e Pablo Henrique da Silva Montalv\u00e3o, representante do Movimento pela Soberania Popular na Minera\u00e7\u00e3o (MAM). Haver\u00e1 tamb\u00e9m o lan\u00e7amento do Dicion\u00e1rio, que foi escrito pelo grupo nacional de professores do MAM e que traz conceitos cr\u00edticos com os principais significados e conceitos da minera\u00e7\u00e3o e a discuss\u00e3o sobre o tema.<\/p>\n<p>De acordo com o professor do Colegiado de Geografia da Univasf \u00c1tila de Menezes, que coordena o evento, o semin\u00e1rio foi pensado porque a regi\u00e3o de Senhor do Bonfim possui muitas atividades mineradoras, que est\u00e3o diretamente relacionadas a conflitos. Assim, o semin\u00e1rio e o lan\u00e7amento do dicion\u00e1rio t\u00eam, como objetivo, debater as problem\u00e1ticas socioambientais causadas pela atividade mineradora no Brasil e na Bacia do rio Itapicuru, que fica localizada no Nordeste da Bahia.<\/p>\n<p><em>\u201cConsideramos importante debater as quest\u00f5es socioambientais na regi\u00e3o e no Brasil no que se refere \u00e0 atividade mineradora, assim como evidenciar a necessidade de redistribui\u00e7\u00e3o das riquezas dessas atividades e buscar uma soberania popular na Minera\u00e7\u00e3o\u201d<\/em>, afirma o professor.<\/p>\n<p>O semin\u00e1rio \u00e9 uma iniciativa do Grupo de Estudos e Pesquisas Geografia, Trabalho e Ontologia do Ser Social (GTOSS) junto com o MAM, com apoio do Colegiado de Geografia da Univasf e da CPT. Haver\u00e1 emiss\u00e3o de certificado aos participantes.<\/p>\n<p><em><strong>UNIVASF<\/strong><\/em><\/p>\n","protected":false},"excerpt":{"rendered":"<p>A Universidade Federal do Vale do S\u00e3o Francisco (Univasf) promover\u00e1, nesta quarta-feira (5), o I Semin\u00e1rio Reflex\u00f5es Socioambientais das Atividades Mineradoras da Bacia do Itapicuru e Brasil: Desafios e Perspectivas. O evento ter\u00e1 como tema: \u201cConstruir a soberania popular na minera\u00e7\u00e3o: um debate urgente\u201d e ter\u00e1, em sua programa\u00e7\u00e3o, o lan\u00e7amento do Dicion\u00e1rio Cr\u00edtico da [&hellip;]<\/p>\n","protected":false},"author":2,"featured_media":29694,"comment_status":"open","ping_status":"open","sticky":false,"template":"","format":"standard","meta":{"_acf_changed":false,"_monsterinsights_skip_tracking":false,"_monsterinsights_sitenote_active":false,"_monsterinsights_sitenote_note":"","_monsterinsights_sitenote_category":0,"_jetpack_memberships_contains_paid_content":false,"footnotes":"","jetpack_publicize_message":"","jetpack_publicize_feature_enabled":true,"jetpack_social_post_already_shared":true,"jetpack_social_options":{"image_generator_settings":{"template":"highway","default_image_id":0,"font":"","enabled":false},"version":2}},"categories":[1,4],"tags":[],"class_list":["post-29693","post","type-post","status-publish","format-standard","has-post-thumbnail","hentry","category-noticias","category-local"],"acf":[],"jetpack_publicize_connections":[],"jetpack_featured_media_url":"https:\/\/i0.wp.com\/blogdoeloiltoncajuhy.com.br\/site\/wp-content\/uploads\/2018\/12\/seminario-univasf.jpg?fit=960%2C720&ssl=1","jetpack_sharing_enabled":true,"publishpress_future_workflow_manual_trigger":{"enabledWorkflows":[]},"_links":{"self":[{"href":"https:\/\/blogdoeloiltoncajuhy.com.br\/site\/wp-json\/wp\/v2\/posts\/29693","targetHints":{"allow":["GET"]}}],"collection":[{"href":"https:\/\/blogdoeloiltoncajuhy.com.br\/site\/wp-json\/wp\/v2\/posts"}],"about":[{"href":"https:\/\/blogdoeloiltoncajuhy.com.br\/site\/wp-json\/wp\/v2\/types\/post"}],"author":[{"embeddable":true,"href":"https:\/\/blogdoeloiltoncajuhy.com.br\/site\/wp-json\/wp\/v2\/users\/2"}],"replies":[{"embeddable":true,"href":"https:\/\/blogdoeloiltoncajuhy.com.br\/site\/wp-json\/wp\/v2\/comments?post=29693"}],"version-history":[{"count":1,"href":"https:\/\/blogdoeloiltoncajuhy.com.br\/site\/wp-json\/wp\/v2\/posts\/29693\/revisions"}],"predecessor-version":[{"id":29695,"href":"https:\/\/blogdoeloiltoncajuhy.com.br\/site\/wp-json\/wp\/v2\/posts\/29693\/revisions\/29695"}],"wp:featuredmedia":[{"embeddable":true,"href":"https:\/\/blogdoeloiltoncajuhy.com.br\/site\/wp-json\/wp\/v2\/media\/29694"}],"wp:attachment":[{"href":"https:\/\/blogdoeloiltoncajuhy.com.br\/site\/wp-json\/wp\/v2\/media?parent=29693"}],"wp:term":[{"taxonomy":"category","embeddable":true,"href":"https:\/\/blogdoeloiltoncajuhy.com.br\/site\/wp-json\/wp\/v2\/categories?post=29693"},{"taxonomy":"post_tag","embeddable":true,"href":"https:\/\/blogdoeloiltoncajuhy.com.br\/site\/wp-json\/wp\/v2\/tags?post=29693"}],"curies":[{"name":"wp","href":"https:\/\/api.w.org\/{rel}","templated":true}]}}