{"id":29683,"date":"2018-12-04T15:31:33","date_gmt":"2018-12-04T18:31:33","guid":{"rendered":"http:\/\/blogdoeloiltoncajuhy.com.br\/site\/?p=29683"},"modified":"2018-12-04T15:31:33","modified_gmt":"2018-12-04T18:31:33","slug":"prefeitura-de-senhor-do-bonfim-paga-primeira-parcela-do-13o-salario-dos-servidores-nesta-terca-feira-4","status":"publish","type":"post","link":"https:\/\/blogdoeloiltoncajuhy.com.br\/site\/prefeitura-de-senhor-do-bonfim-paga-primeira-parcela-do-13o-salario-dos-servidores-nesta-terca-feira-4\/","title":{"rendered":"Prefeitura de Senhor do Bonfim paga primeira parcela do 13\u00ba sal\u00e1rio dos servidores nesta ter\u00e7a-feira, 4"},"content":{"rendered":"<p><a href=\"https:\/\/i0.wp.com\/blogdoeloiltoncajuhy.com.br\/site\/wp-content\/uploads\/2018\/12\/PMSB_13-2018.jpg\"><img data-recalc-dims=\"1\" fetchpriority=\"high\" decoding=\"async\" class=\"aligncenter wp-image-29684\" src=\"https:\/\/i0.wp.com\/blogdoeloiltoncajuhy.com.br\/site\/wp-content\/uploads\/2018\/12\/PMSB_13-2018.jpg?resize=500%2C375\" alt=\"\" width=\"500\" height=\"375\" srcset=\"https:\/\/i0.wp.com\/blogdoeloiltoncajuhy.com.br\/site\/wp-content\/uploads\/2018\/12\/PMSB_13-2018.jpg?w=800&amp;ssl=1 800w, https:\/\/i0.wp.com\/blogdoeloiltoncajuhy.com.br\/site\/wp-content\/uploads\/2018\/12\/PMSB_13-2018.jpg?resize=300%2C225&amp;ssl=1 300w, https:\/\/i0.wp.com\/blogdoeloiltoncajuhy.com.br\/site\/wp-content\/uploads\/2018\/12\/PMSB_13-2018.jpg?resize=768%2C576&amp;ssl=1 768w, https:\/\/i0.wp.com\/blogdoeloiltoncajuhy.com.br\/site\/wp-content\/uploads\/2018\/12\/PMSB_13-2018.jpg?resize=250%2C188&amp;ssl=1 250w\" sizes=\"(max-width: 500px) 100vw, 500px\" \/><\/a>Enquanto muitos munic\u00edpios baianos, e outros tantos no pa\u00eds, ainda n\u00e3o conseguiram sequer marcar a data para o pagamento do 13\u00ba aos seus servidores, Senhor do Bonfim demonstra compromisso e respeito com os colaboradores.<\/p>\n<p>A boa not\u00edcia foi anunciada pelo secret\u00e1rio de Finan\u00e7as e Planejamento de Senhor Bonfim, Benito Brasileiro, que confirmou o pagamento da primeira parcela do 13\u00ba sal\u00e1rio dos servidores efetivos do munic\u00edpio nesta ter\u00e7a\u2013feira, 4 de dezembro.<\/p>\n<p>Ainda segundo o titular da secretaria de Planejamento e Finan\u00e7as, o sal\u00e1rio do m\u00eas de novembro ser\u00e1 pago at\u00e9 o quinto dia \u00fatil do m\u00eas, conforme determinado pela Constitui\u00e7\u00e3o Federal. Com rela\u00e7\u00e3o a segunda parcela do 13\u00ba sal\u00e1rio, o pagamento est\u00e1 programado para ser efetivado at\u00e9 o dia 20 de dezembro.<\/p>\n<p><em>\u201c\u00c9 \u00f3bvio que o nosso munic\u00edpio tamb\u00e9m tem sido afetado com a crise que vive o pa\u00eds, mas a gest\u00e3o respons\u00e1vel do prefeito Carlos Brasileiro, planejamento e comprometimento com nossos servidores est\u00e1 possibilitando com grande esfor\u00e7o da administra\u00e7\u00e3o, o pagamento do d\u00e9cimo dos nossos colaboradores em dezembro\u201d<\/em>, destaca Benito.<\/p>\n<p>O pagamento do 13\u00ba e do sal\u00e1rio do m\u00eas de novembro deve injetar cerca de R$ 9 milh\u00f5es na economia do munic\u00edpio de Senhor do Bonfim.<\/p>\n<p><em><strong>Ascom Prefeitura Municipal de Senhor do Bonfim<\/strong><\/em><\/p>\n","protected":false},"excerpt":{"rendered":"<p>Enquanto muitos munic\u00edpios baianos, e outros tantos no pa\u00eds, ainda n\u00e3o conseguiram sequer marcar a data para o pagamento do 13\u00ba aos seus servidores, Senhor do Bonfim demonstra compromisso e respeito com os colaboradores. A boa not\u00edcia foi anunciada pelo secret\u00e1rio de Finan\u00e7as e Planejamento de Senhor Bonfim, Benito Brasileiro, que confirmou o pagamento da [&hellip;]<\/p>\n","protected":false},"author":2,"featured_media":29684,"comment_status":"open","ping_status":"open","sticky":false,"template":"","format":"standard","meta":{"_acf_changed":false,"_monsterinsights_skip_tracking":false,"_monsterinsights_sitenote_active":false,"_monsterinsights_sitenote_note":"","_monsterinsights_sitenote_category":0,"_jetpack_memberships_contains_paid_content":false,"footnotes":"","jetpack_publicize_message":"","jetpack_publicize_feature_enabled":true,"jetpack_social_post_already_shared":true,"jetpack_social_options":{"image_generator_settings":{"template":"highway","default_image_id":0,"font":"","enabled":false},"version":2}},"categories":[1,3,4],"tags":[],"class_list":["post-29683","post","type-post","status-publish","format-standard","has-post-thumbnail","hentry","category-noticias","category-politica","category-local"],"acf":[],"jetpack_publicize_connections":[],"jetpack_featured_media_url":"https:\/\/i0.wp.com\/blogdoeloiltoncajuhy.com.br\/site\/wp-content\/uploads\/2018\/12\/PMSB_13-2018.jpg?fit=800%2C600&ssl=1","jetpack_sharing_enabled":true,"publishpress_future_workflow_manual_trigger":{"enabledWorkflows":[]},"_links":{"self":[{"href":"https:\/\/blogdoeloiltoncajuhy.com.br\/site\/wp-json\/wp\/v2\/posts\/29683","targetHints":{"allow":["GET"]}}],"collection":[{"href":"https:\/\/blogdoeloiltoncajuhy.com.br\/site\/wp-json\/wp\/v2\/posts"}],"about":[{"href":"https:\/\/blogdoeloiltoncajuhy.com.br\/site\/wp-json\/wp\/v2\/types\/post"}],"author":[{"embeddable":true,"href":"https:\/\/blogdoeloiltoncajuhy.com.br\/site\/wp-json\/wp\/v2\/users\/2"}],"replies":[{"embeddable":true,"href":"https:\/\/blogdoeloiltoncajuhy.com.br\/site\/wp-json\/wp\/v2\/comments?post=29683"}],"version-history":[{"count":1,"href":"https:\/\/blogdoeloiltoncajuhy.com.br\/site\/wp-json\/wp\/v2\/posts\/29683\/revisions"}],"predecessor-version":[{"id":29685,"href":"https:\/\/blogdoeloiltoncajuhy.com.br\/site\/wp-json\/wp\/v2\/posts\/29683\/revisions\/29685"}],"wp:featuredmedia":[{"embeddable":true,"href":"https:\/\/blogdoeloiltoncajuhy.com.br\/site\/wp-json\/wp\/v2\/media\/29684"}],"wp:attachment":[{"href":"https:\/\/blogdoeloiltoncajuhy.com.br\/site\/wp-json\/wp\/v2\/media?parent=29683"}],"wp:term":[{"taxonomy":"category","embeddable":true,"href":"https:\/\/blogdoeloiltoncajuhy.com.br\/site\/wp-json\/wp\/v2\/categories?post=29683"},{"taxonomy":"post_tag","embeddable":true,"href":"https:\/\/blogdoeloiltoncajuhy.com.br\/site\/wp-json\/wp\/v2\/tags?post=29683"}],"curies":[{"name":"wp","href":"https:\/\/api.w.org\/{rel}","templated":true}]}}