{"id":29666,"date":"2018-12-04T10:29:38","date_gmt":"2018-12-04T13:29:38","guid":{"rendered":"http:\/\/blogdoeloiltoncajuhy.com.br\/site\/?p=29666"},"modified":"2018-12-04T10:32:27","modified_gmt":"2018-12-04T13:32:27","slug":"titulo-criado-em-senhor-do-bonfim-sera-o-mesmo-adotado-em-festa-de-carnaval-em-salvador","status":"publish","type":"post","link":"https:\/\/blogdoeloiltoncajuhy.com.br\/site\/titulo-criado-em-senhor-do-bonfim-sera-o-mesmo-adotado-em-festa-de-carnaval-em-salvador\/","title":{"rendered":"T\u00edtulo criado em Senhor do Bonfim ser\u00e1 o mesmo adotado em festa de Carnaval em Salvador"},"content":{"rendered":"<figure id=\"attachment_29667\" aria-describedby=\"caption-attachment-29667\" style=\"width: 984px\" class=\"wp-caption aligncenter\"><a href=\"https:\/\/i0.wp.com\/blogdoeloiltoncajuhy.com.br\/site\/wp-content\/uploads\/2018\/12\/harmonia-do-samba-divulgacao.jpg\"><img data-recalc-dims=\"1\" fetchpriority=\"high\" decoding=\"async\" class=\"wp-image-29667 size-full\" src=\"https:\/\/i0.wp.com\/blogdoeloiltoncajuhy.com.br\/site\/wp-content\/uploads\/2018\/12\/harmonia-do-samba-divulgacao.jpg?resize=800%2C500\" alt=\"\" width=\"800\" height=\"500\" srcset=\"https:\/\/i0.wp.com\/blogdoeloiltoncajuhy.com.br\/site\/wp-content\/uploads\/2018\/12\/harmonia-do-samba-divulgacao.jpg?w=984&amp;ssl=1 984w, https:\/\/i0.wp.com\/blogdoeloiltoncajuhy.com.br\/site\/wp-content\/uploads\/2018\/12\/harmonia-do-samba-divulgacao.jpg?resize=300%2C188&amp;ssl=1 300w, https:\/\/i0.wp.com\/blogdoeloiltoncajuhy.com.br\/site\/wp-content\/uploads\/2018\/12\/harmonia-do-samba-divulgacao.jpg?resize=768%2C480&amp;ssl=1 768w, https:\/\/i0.wp.com\/blogdoeloiltoncajuhy.com.br\/site\/wp-content\/uploads\/2018\/12\/harmonia-do-samba-divulgacao.jpg?resize=250%2C156&amp;ssl=1 250w\" sizes=\"(max-width: 800px) 100vw, 800px\" \/><\/a><figcaption id=\"caption-attachment-29667\" class=\"wp-caption-text\">Harmonia do Samba \u00e9 uma das atra\u00e7\u00f5es j\u00e1 confirmadas no Carnavalito da Arena Fonte Nova \u2014 Foto: Divulga\u00e7\u00e3o<\/figcaption><\/figure>\n<p>Em 2001, o atual Prefeito de Senhor do Bonfim, Carlos Brasileiro, assumia pela primeira vez a prefeitura do nosso munic\u00edpio. Nesta \u00e9poca, sua equipe de Cultura, tendo \u00e0 frente pessoas como Luiz Moreira e Fernando Coelho, decidiu promover o carnaval de rua em nossa cidade. E, sabendo que seria uma festa com uma dimens\u00e3o bem menor do que a realizada na capital baiana, deram o t\u00edtulo de <strong>&#8220;Carnavalito&#8221;<\/strong>.<\/p>\n<p>Para a surpresa das pessoas que fizeram parte dessa equipe, 17 anos depois a Arena Fonte Nova realizar\u00e1 uma festa no per\u00edodo do Carnaval intitulada <em>Carnavalito<\/em>.<\/p>\n<p><strong>Veja os detalhes na reportagem publicada pelo G1 Bahia:<\/strong><\/p>\n<p><em>O primeiro lote para o <strong>Carnavalito<\/strong> 2019 j\u00e1 est\u00e1 \u00e0 venda. A festa vai ser realizada nos dias 2 (s\u00e1bado) e 4 de mar\u00e7o (segunda), na Arena Fonte Nova, em Salvador, a partir das 14h.<\/em><\/p>\n<p><em>Entre as atra\u00e7\u00f5es confirmadas do <strong>Carnavalito<\/strong> est\u00e3o o cantor sertanejo Gusttavo Lima, o MC Kevinho, as bandas Harmonia do Samba e Chiclete com Banana, al\u00e9m do movimento musical Mudei de Nome.<\/em><\/p>\n<p><em>O evento, que mistura ritmos, variedades \u00e9tnicas e estilo ecl\u00e9tico, \u00e9 mais uma op\u00e7\u00e3o na cidade durante o carnaval, que come\u00e7a oficialmente em 27 de fevereiro.<\/em><\/p>\n<p><em>Os valores dos ingressos variam ente R$170 a R$ 680. Eles podem ser adquiridos na internet ou em pontos de vendas f\u00edsicos, em shopping de Salvador.<\/em><\/p>\n<p><em>O evento ter\u00e1 os espa\u00e7os Mix, Vibe, e Lounge Fly. Nos dois primeiros, a classifica\u00e7\u00e3o indicativa \u00e9 de 14 anos. O terceiro \u00e9 de 18 anos.<\/em><\/p>\n<p><strong>*BLOG DO ELOILTON CAJUHY<\/strong><\/p>\n","protected":false},"excerpt":{"rendered":"<p>Em 2001, o atual Prefeito de Senhor do Bonfim, Carlos Brasileiro, assumia pela primeira vez a prefeitura do nosso munic\u00edpio. Nesta \u00e9poca, sua equipe de Cultura, tendo \u00e0 frente pessoas como Luiz Moreira e Fernando Coelho, decidiu promover o carnaval de rua em nossa cidade. E, sabendo que seria uma festa com uma dimens\u00e3o bem [&hellip;]<\/p>\n","protected":false},"author":2,"featured_media":29667,"comment_status":"open","ping_status":"open","sticky":false,"template":"","format":"standard","meta":{"_acf_changed":false,"_monsterinsights_skip_tracking":false,"_monsterinsights_sitenote_active":false,"_monsterinsights_sitenote_note":"","_monsterinsights_sitenote_category":0,"_jetpack_memberships_contains_paid_content":false,"footnotes":"","jetpack_publicize_message":"","jetpack_publicize_feature_enabled":true,"jetpack_social_post_already_shared":true,"jetpack_social_options":{"image_generator_settings":{"template":"highway","default_image_id":0,"font":"","enabled":false},"version":2}},"categories":[8,1,4],"tags":[],"class_list":["post-29666","post","type-post","status-publish","format-standard","has-post-thumbnail","hentry","category-cultura","category-noticias","category-local"],"acf":[],"jetpack_publicize_connections":[],"jetpack_featured_media_url":"https:\/\/i0.wp.com\/blogdoeloiltoncajuhy.com.br\/site\/wp-content\/uploads\/2018\/12\/harmonia-do-samba-divulgacao.jpg?fit=984%2C615&ssl=1","jetpack_sharing_enabled":true,"publishpress_future_workflow_manual_trigger":{"enabledWorkflows":[]},"_links":{"self":[{"href":"https:\/\/blogdoeloiltoncajuhy.com.br\/site\/wp-json\/wp\/v2\/posts\/29666","targetHints":{"allow":["GET"]}}],"collection":[{"href":"https:\/\/blogdoeloiltoncajuhy.com.br\/site\/wp-json\/wp\/v2\/posts"}],"about":[{"href":"https:\/\/blogdoeloiltoncajuhy.com.br\/site\/wp-json\/wp\/v2\/types\/post"}],"author":[{"embeddable":true,"href":"https:\/\/blogdoeloiltoncajuhy.com.br\/site\/wp-json\/wp\/v2\/users\/2"}],"replies":[{"embeddable":true,"href":"https:\/\/blogdoeloiltoncajuhy.com.br\/site\/wp-json\/wp\/v2\/comments?post=29666"}],"version-history":[{"count":3,"href":"https:\/\/blogdoeloiltoncajuhy.com.br\/site\/wp-json\/wp\/v2\/posts\/29666\/revisions"}],"predecessor-version":[{"id":29670,"href":"https:\/\/blogdoeloiltoncajuhy.com.br\/site\/wp-json\/wp\/v2\/posts\/29666\/revisions\/29670"}],"wp:featuredmedia":[{"embeddable":true,"href":"https:\/\/blogdoeloiltoncajuhy.com.br\/site\/wp-json\/wp\/v2\/media\/29667"}],"wp:attachment":[{"href":"https:\/\/blogdoeloiltoncajuhy.com.br\/site\/wp-json\/wp\/v2\/media?parent=29666"}],"wp:term":[{"taxonomy":"category","embeddable":true,"href":"https:\/\/blogdoeloiltoncajuhy.com.br\/site\/wp-json\/wp\/v2\/categories?post=29666"},{"taxonomy":"post_tag","embeddable":true,"href":"https:\/\/blogdoeloiltoncajuhy.com.br\/site\/wp-json\/wp\/v2\/tags?post=29666"}],"curies":[{"name":"wp","href":"https:\/\/api.w.org\/{rel}","templated":true}]}}