{"id":29661,"date":"2018-12-03T21:06:56","date_gmt":"2018-12-04T00:06:56","guid":{"rendered":"http:\/\/blogdoeloiltoncajuhy.com.br\/site\/?p=29661"},"modified":"2018-12-03T21:06:56","modified_gmt":"2018-12-04T00:06:56","slug":"comece-a-terca-feira-meditando-lc-1021-24","status":"publish","type":"post","link":"https:\/\/blogdoeloiltoncajuhy.com.br\/site\/comece-a-terca-feira-meditando-lc-1021-24\/","title":{"rendered":"Comece a ter\u00e7a-feira meditando (Lc 10,21-24)"},"content":{"rendered":"<h5 style=\"text-align: center;\"><span style=\"color: #3366ff;\"><strong>Jesus exulta no Esp\u00edrito Santo<\/strong><\/span><\/h5>\n<p><a href=\"https:\/\/i0.wp.com\/blogdoeloiltoncajuhy.com.br\/site\/wp-content\/uploads\/2016\/09\/liturgia_set_16-2.jpg\"><img data-recalc-dims=\"1\" fetchpriority=\"high\" decoding=\"async\" class=\"aligncenter wp-image-12279\" src=\"https:\/\/i0.wp.com\/blogdoeloiltoncajuhy.com.br\/site\/wp-content\/uploads\/2016\/09\/liturgia_set_16-2.jpg?resize=380%2C214\" alt=\"\" width=\"380\" height=\"214\" srcset=\"https:\/\/i0.wp.com\/blogdoeloiltoncajuhy.com.br\/site\/wp-content\/uploads\/2016\/09\/liturgia_set_16-2.jpg?w=320&amp;ssl=1 320w, https:\/\/i0.wp.com\/blogdoeloiltoncajuhy.com.br\/site\/wp-content\/uploads\/2016\/09\/liturgia_set_16-2.jpg?resize=300%2C169&amp;ssl=1 300w, https:\/\/i0.wp.com\/blogdoeloiltoncajuhy.com.br\/site\/wp-content\/uploads\/2016\/09\/liturgia_set_16-2.jpg?resize=250%2C141&amp;ssl=1 250w\" sizes=\"(max-width: 380px) 100vw, 380px\" \/><\/a>Naquele momento, Jesus exultou no Esp\u00edrito Santo e disse:\u00a0&#8216;Eu te louvo, Pai, Senhor do c\u00e9u e da terra,\u00a0porque escondeste essas coisas aos s\u00e1bios e inteligentes,\u00a0e as revelaste aos pequeninos.\u00a0Sim, Pai, porque assim foi do teu agrado.\u00a0Tudo me foi entregue pelo meu Pai.\u00a0Ningu\u00e9m conhece quem \u00e9 o Filho, a n\u00e3o ser o Pai;\u00a0e ningu\u00e9m conhece quem \u00e9 o Pai, a n\u00e3o ser o Filho\u00a0e aquele a quem o Filho o quiser revelar&#8217;.\u00a0Jesus voltou-se para os disc\u00edpulos\u00a0e disse-lhes em particular:\u00a0&#8216;Felizes os olhos que v\u00eaem o que v\u00f3s vedes!\u00a0Pois eu vos digo que muitos profetas e reis quiseram ver\u00a0o que estais vendo, e n\u00e3o puderam ver;\u00a0quiseram ouvir o que estais ouvindo,\u00a0e n\u00e3o puderam ouvir&#8217;.<\/p>\n<p><strong>Palavra da Salva\u00e7\u00e3o!<\/strong><\/p>\n<p><em><strong>CNBB<\/strong><\/em><\/p>\n","protected":false},"excerpt":{"rendered":"<p>Jesus exulta no Esp\u00edrito Santo Naquele momento, Jesus exultou no Esp\u00edrito Santo e disse:\u00a0&#8216;Eu te louvo, Pai, Senhor do c\u00e9u e da terra,\u00a0porque escondeste essas coisas aos s\u00e1bios e inteligentes,\u00a0e as revelaste aos pequeninos.\u00a0Sim, Pai, porque assim foi do teu agrado.\u00a0Tudo me foi entregue pelo meu Pai.\u00a0Ningu\u00e9m conhece quem \u00e9 o Filho, a n\u00e3o ser [&hellip;]<\/p>\n","protected":false},"author":2,"featured_media":0,"comment_status":"open","ping_status":"open","sticky":false,"template":"","format":"standard","meta":{"_acf_changed":false,"_monsterinsights_skip_tracking":false,"_monsterinsights_sitenote_active":false,"_monsterinsights_sitenote_note":"","_monsterinsights_sitenote_category":0,"_jetpack_memberships_contains_paid_content":false,"footnotes":"","jetpack_publicize_message":"","jetpack_publicize_feature_enabled":true,"jetpack_social_post_already_shared":true,"jetpack_social_options":{"image_generator_settings":{"template":"highway","default_image_id":0,"font":"","enabled":false},"version":2}},"categories":[1,9],"tags":[],"class_list":["post-29661","post","type-post","status-publish","format-standard","hentry","category-noticias","category-reflexao"],"acf":[],"jetpack_publicize_connections":[],"jetpack_featured_media_url":"","jetpack_sharing_enabled":true,"publishpress_future_workflow_manual_trigger":{"enabledWorkflows":[]},"_links":{"self":[{"href":"https:\/\/blogdoeloiltoncajuhy.com.br\/site\/wp-json\/wp\/v2\/posts\/29661","targetHints":{"allow":["GET"]}}],"collection":[{"href":"https:\/\/blogdoeloiltoncajuhy.com.br\/site\/wp-json\/wp\/v2\/posts"}],"about":[{"href":"https:\/\/blogdoeloiltoncajuhy.com.br\/site\/wp-json\/wp\/v2\/types\/post"}],"author":[{"embeddable":true,"href":"https:\/\/blogdoeloiltoncajuhy.com.br\/site\/wp-json\/wp\/v2\/users\/2"}],"replies":[{"embeddable":true,"href":"https:\/\/blogdoeloiltoncajuhy.com.br\/site\/wp-json\/wp\/v2\/comments?post=29661"}],"version-history":[{"count":1,"href":"https:\/\/blogdoeloiltoncajuhy.com.br\/site\/wp-json\/wp\/v2\/posts\/29661\/revisions"}],"predecessor-version":[{"id":29662,"href":"https:\/\/blogdoeloiltoncajuhy.com.br\/site\/wp-json\/wp\/v2\/posts\/29661\/revisions\/29662"}],"wp:attachment":[{"href":"https:\/\/blogdoeloiltoncajuhy.com.br\/site\/wp-json\/wp\/v2\/media?parent=29661"}],"wp:term":[{"taxonomy":"category","embeddable":true,"href":"https:\/\/blogdoeloiltoncajuhy.com.br\/site\/wp-json\/wp\/v2\/categories?post=29661"},{"taxonomy":"post_tag","embeddable":true,"href":"https:\/\/blogdoeloiltoncajuhy.com.br\/site\/wp-json\/wp\/v2\/tags?post=29661"}],"curies":[{"name":"wp","href":"https:\/\/api.w.org\/{rel}","templated":true}]}}