{"id":29655,"date":"2018-12-03T21:00:23","date_gmt":"2018-12-04T00:00:23","guid":{"rendered":"http:\/\/blogdoeloiltoncajuhy.com.br\/site\/?p=29655"},"modified":"2018-12-03T21:00:23","modified_gmt":"2018-12-04T00:00:23","slug":"em-ponto-novo-proerd-do-6o-batalhao-da-policia-militar-forma-mais-uma-turma-de-alunos","status":"publish","type":"post","link":"https:\/\/blogdoeloiltoncajuhy.com.br\/site\/em-ponto-novo-proerd-do-6o-batalhao-da-policia-militar-forma-mais-uma-turma-de-alunos\/","title":{"rendered":"Em Ponto Novo, PROERD do 6\u00ba Batalh\u00e3o da Pol\u00edcia Militar forma mais uma turma de alunos"},"content":{"rendered":"<p><a href=\"https:\/\/i0.wp.com\/blogdoeloiltoncajuhy.com.br\/site\/wp-content\/uploads\/2018\/12\/PM_proerd-ponto-novo_2018-02.jpg\"><img data-recalc-dims=\"1\" fetchpriority=\"high\" decoding=\"async\" class=\"aligncenter wp-image-29659\" src=\"https:\/\/i0.wp.com\/blogdoeloiltoncajuhy.com.br\/site\/wp-content\/uploads\/2018\/12\/PM_proerd-ponto-novo_2018-02.jpg?resize=600%2C450\" alt=\"\" width=\"600\" height=\"450\" srcset=\"https:\/\/i0.wp.com\/blogdoeloiltoncajuhy.com.br\/site\/wp-content\/uploads\/2018\/12\/PM_proerd-ponto-novo_2018-02.jpg?w=800&amp;ssl=1 800w, https:\/\/i0.wp.com\/blogdoeloiltoncajuhy.com.br\/site\/wp-content\/uploads\/2018\/12\/PM_proerd-ponto-novo_2018-02.jpg?resize=300%2C225&amp;ssl=1 300w, https:\/\/i0.wp.com\/blogdoeloiltoncajuhy.com.br\/site\/wp-content\/uploads\/2018\/12\/PM_proerd-ponto-novo_2018-02.jpg?resize=768%2C576&amp;ssl=1 768w, https:\/\/i0.wp.com\/blogdoeloiltoncajuhy.com.br\/site\/wp-content\/uploads\/2018\/12\/PM_proerd-ponto-novo_2018-02.jpg?resize=250%2C188&amp;ssl=1 250w\" sizes=\"(max-width: 600px) 100vw, 600px\" \/><\/a>Nesta sexta-feira (30\/11), na cidade de Ponto Novo-BA, foi realizada mais uma cerim\u00f4nia de formatura de alunos que participaram do Programa Educacional de Resist\u00eancia \u00e0s Drogas e \u00e0 Viol\u00eancia (PROERD) no segundo semestre do ano de 2018.<\/p>\n<p>O PROERD \u00e9 realizado em escolas p\u00fablicas e particulares, por policiais militares treinados e preparados para desenvolver o l\u00fadico, atrav\u00e9s de metodologia especialmente voltada para crian\u00e7as, adolescentes e adultos. O objetivo \u00e9 transmitir uma mensagem de valoriza\u00e7\u00e3o \u00e0 vida e da import\u00e2ncia de manter-se longe das drogas e da viol\u00eancia.<\/p>\n<p>Em Ponto Novo, o programa contou com total apoio da Prefeitura Municipal, por interm\u00e9dio da Secretaria Municipal de Educa\u00e7\u00e3o, formando 160 alunos da Escola Municipal de Ponto Novo, Escola Municipal Lafaiete Maia, Escola Municipal Manoel In\u00e1cio e Escola Municipal S\u00e9rgio Carneiro.<\/p>\n<p>O evento contou com a participa\u00e7\u00e3o de Tiago Ven\u00e2ncio, Prefeito de Ponto Novo, Ang\u00e9lica Garcia, Secret\u00e1ria Municipal de Educa\u00e7\u00e3o, Esporte e Cultura, Cap. PM Robston Andr\u00e9 Castro da Silva, Coordenador do PROERD no 6\u00ba BPM, Cap. PM Dany Marcelly de Souza Barbosa, Comandante da 5\u00aa CIA, Sgt. PM Miguel Rodrigues de Souza J\u00fanior, Chefe do Policiamento de Ponto Novo-BA, entre outras autoridades e ilustres presen\u00e7as.<\/p>\n<p><a href=\"https:\/\/i0.wp.com\/blogdoeloiltoncajuhy.com.br\/site\/wp-content\/uploads\/2018\/12\/PM_proerd-ponto-novo_2018-01.jpg\"><img data-recalc-dims=\"1\" decoding=\"async\" class=\"aligncenter size-full wp-image-29658\" src=\"https:\/\/i0.wp.com\/blogdoeloiltoncajuhy.com.br\/site\/wp-content\/uploads\/2018\/12\/PM_proerd-ponto-novo_2018-01.jpg?resize=800%2C600\" alt=\"\" width=\"800\" height=\"600\" srcset=\"https:\/\/i0.wp.com\/blogdoeloiltoncajuhy.com.br\/site\/wp-content\/uploads\/2018\/12\/PM_proerd-ponto-novo_2018-01.jpg?w=800&amp;ssl=1 800w, https:\/\/i0.wp.com\/blogdoeloiltoncajuhy.com.br\/site\/wp-content\/uploads\/2018\/12\/PM_proerd-ponto-novo_2018-01.jpg?resize=300%2C225&amp;ssl=1 300w, https:\/\/i0.wp.com\/blogdoeloiltoncajuhy.com.br\/site\/wp-content\/uploads\/2018\/12\/PM_proerd-ponto-novo_2018-01.jpg?resize=768%2C576&amp;ssl=1 768w, https:\/\/i0.wp.com\/blogdoeloiltoncajuhy.com.br\/site\/wp-content\/uploads\/2018\/12\/PM_proerd-ponto-novo_2018-01.jpg?resize=250%2C188&amp;ssl=1 250w\" sizes=\"(max-width: 800px) 100vw, 800px\" \/><\/a>Na ocasi\u00e3o, o Comandante do 6\u00ba BPM, Tenente-Coronel Jos\u00e9 Carlos Soares Mariano, fez quest\u00e3o de destacar a import\u00e2ncia da participa\u00e7\u00e3o da fam\u00edlia na forma\u00e7\u00e3o intelectual e moral de seus filhos, na busca incans\u00e1vel por uma sociedade mais pac\u00edfica.<\/p>\n<p>O Comandante fez quest\u00e3o de homenagear e agradecer \u00e0s policiais militares, Cb PM Ana Cristina Dantas Nascimento Silva e Cb PM Evani Nunes Barbosa Silva, pelos relevantes servi\u00e7os prestados ao longo de 15 anos de PROERD.<\/p>\n<p>Durante a festa, alunos que se destacaram na elabora\u00e7\u00e3o de uma reda\u00e7\u00e3o acerca daquilo que aprenderam no decorrer do curso, foram premiados com belos presentes concedidos gentilmente por parceiros do PROERD.<\/p>\n<p><em><strong>Ascom 6\u00ba BPM \/ Senhor do Bonfim<\/strong><\/em><\/p>\n","protected":false},"excerpt":{"rendered":"<p>Nesta sexta-feira (30\/11), na cidade de Ponto Novo-BA, foi realizada mais uma cerim\u00f4nia de formatura de alunos que participaram do Programa Educacional de Resist\u00eancia \u00e0s Drogas e \u00e0 Viol\u00eancia (PROERD) no segundo semestre do ano de 2018. O PROERD \u00e9 realizado em escolas p\u00fablicas e particulares, por policiais militares treinados e preparados para desenvolver o [&hellip;]<\/p>\n","protected":false},"author":2,"featured_media":29659,"comment_status":"open","ping_status":"open","sticky":false,"template":"","format":"standard","meta":{"_acf_changed":false,"_monsterinsights_skip_tracking":false,"_monsterinsights_sitenote_active":false,"_monsterinsights_sitenote_note":"","_monsterinsights_sitenote_category":0,"_jetpack_memberships_contains_paid_content":false,"footnotes":"","jetpack_publicize_message":"","jetpack_publicize_feature_enabled":true,"jetpack_social_post_already_shared":true,"jetpack_social_options":{"image_generator_settings":{"template":"highway","default_image_id":0,"font":"","enabled":false},"version":2}},"categories":[5,1,11],"tags":[],"class_list":["post-29655","post","type-post","status-publish","format-standard","has-post-thumbnail","hentry","category-cotidiano","category-noticias","category-regional"],"acf":[],"jetpack_publicize_connections":[],"jetpack_featured_media_url":"https:\/\/i0.wp.com\/blogdoeloiltoncajuhy.com.br\/site\/wp-content\/uploads\/2018\/12\/PM_proerd-ponto-novo_2018-02.jpg?fit=800%2C600&ssl=1","jetpack_sharing_enabled":true,"publishpress_future_workflow_manual_trigger":{"enabledWorkflows":[]},"_links":{"self":[{"href":"https:\/\/blogdoeloiltoncajuhy.com.br\/site\/wp-json\/wp\/v2\/posts\/29655","targetHints":{"allow":["GET"]}}],"collection":[{"href":"https:\/\/blogdoeloiltoncajuhy.com.br\/site\/wp-json\/wp\/v2\/posts"}],"about":[{"href":"https:\/\/blogdoeloiltoncajuhy.com.br\/site\/wp-json\/wp\/v2\/types\/post"}],"author":[{"embeddable":true,"href":"https:\/\/blogdoeloiltoncajuhy.com.br\/site\/wp-json\/wp\/v2\/users\/2"}],"replies":[{"embeddable":true,"href":"https:\/\/blogdoeloiltoncajuhy.com.br\/site\/wp-json\/wp\/v2\/comments?post=29655"}],"version-history":[{"count":1,"href":"https:\/\/blogdoeloiltoncajuhy.com.br\/site\/wp-json\/wp\/v2\/posts\/29655\/revisions"}],"predecessor-version":[{"id":29660,"href":"https:\/\/blogdoeloiltoncajuhy.com.br\/site\/wp-json\/wp\/v2\/posts\/29655\/revisions\/29660"}],"wp:featuredmedia":[{"embeddable":true,"href":"https:\/\/blogdoeloiltoncajuhy.com.br\/site\/wp-json\/wp\/v2\/media\/29659"}],"wp:attachment":[{"href":"https:\/\/blogdoeloiltoncajuhy.com.br\/site\/wp-json\/wp\/v2\/media?parent=29655"}],"wp:term":[{"taxonomy":"category","embeddable":true,"href":"https:\/\/blogdoeloiltoncajuhy.com.br\/site\/wp-json\/wp\/v2\/categories?post=29655"},{"taxonomy":"post_tag","embeddable":true,"href":"https:\/\/blogdoeloiltoncajuhy.com.br\/site\/wp-json\/wp\/v2\/tags?post=29655"}],"curies":[{"name":"wp","href":"https:\/\/api.w.org\/{rel}","templated":true}]}}