{"id":29653,"date":"2018-12-03T20:46:41","date_gmt":"2018-12-03T23:46:41","guid":{"rendered":"http:\/\/blogdoeloiltoncajuhy.com.br\/site\/?p=29653"},"modified":"2018-12-03T20:46:41","modified_gmt":"2018-12-03T23:46:41","slug":"empregos-sinebahia-abre-vagas-em-senhor-do-bonfim-e-varias-cidades-confira","status":"publish","type":"post","link":"https:\/\/blogdoeloiltoncajuhy.com.br\/site\/empregos-sinebahia-abre-vagas-em-senhor-do-bonfim-e-varias-cidades-confira\/","title":{"rendered":"EMPREGOS: Sinebahia abre vagas em Senhor do Bonfim e v\u00e1rias cidades; confira"},"content":{"rendered":"<p><em><strong>DOCUMENTA\u00c7\u00c3O NECESS\u00c1RIA:<\/strong> Obrigat\u00f3rio portar Carteira de Trabalho, RG, CPF, comprovante de resid\u00eancia e certificado de escolaridade.\u00a0<\/em><em>Essas s\u00e3o apenas algumas vagas dispon\u00edveis. Para consultar a lista completa, o trabalhador deve comparecer \u00e0 unidade de seu munic\u00edpio.<\/em><\/p>\n<p><strong><span style=\"color: #333333; font-style: normal;\"><a href=\"https:\/\/i0.wp.com\/blogdoeloiltoncajuhy.com.br\/site\/wp-content\/uploads\/2018\/07\/sinebahia_jul2018.jpg\"><img data-recalc-dims=\"1\" fetchpriority=\"high\" decoding=\"async\" class=\"aligncenter size-full wp-image-26300\" src=\"https:\/\/i0.wp.com\/blogdoeloiltoncajuhy.com.br\/site\/wp-content\/uploads\/2018\/07\/sinebahia_jul2018.jpg?resize=560%2C339\" alt=\"\" width=\"560\" height=\"339\" srcset=\"https:\/\/i0.wp.com\/blogdoeloiltoncajuhy.com.br\/site\/wp-content\/uploads\/2018\/07\/sinebahia_jul2018.jpg?w=560&amp;ssl=1 560w, https:\/\/i0.wp.com\/blogdoeloiltoncajuhy.com.br\/site\/wp-content\/uploads\/2018\/07\/sinebahia_jul2018.jpg?resize=300%2C182&amp;ssl=1 300w, https:\/\/i0.wp.com\/blogdoeloiltoncajuhy.com.br\/site\/wp-content\/uploads\/2018\/07\/sinebahia_jul2018.jpg?resize=250%2C151&amp;ssl=1 250w\" sizes=\"(max-width: 560px) 100vw, 560px\" \/><\/a>Vagas exclusivas para Senhor do Bonfim (04\/12)<\/span><\/strong><\/p>\n<p>VIDRACEIRO<br \/>\nEnsino M\u00e9dio completo<br \/>\nExperi\u00eancia na fun\u00e7\u00e3o<br \/>\n01 VAGA<\/p>\n<p>ELETRICISTA DE INSTALA\u00c7\u00d5ES<br \/>\nEnsino M\u00e9dio completo<br \/>\nExperi\u00eancia na fun\u00e7\u00e3o<br \/>\nObrigat\u00f3rio residir em Andorinha ou media\u00e7\u00f5es<br \/>\n01 VAGA<\/p>\n<p><strong>Vagas exclusivas para unidades de Salvador (04\/12)<\/strong><\/p>\n<p>PERSONAL TREANNING (EST\u00c1GIO)<br \/>\nEnsino Superior incompleto em Educa\u00e7\u00e3o F\u00edsica \u2013 A partir do 2\u00ba Sem.<br \/>\nN\u00e3o exige experi\u00eancia<br \/>\nDesej\u00e1vel: Conhecimento em academia<br \/>\nBolsa-aux\u00edlio R$ 500,00 + benef\u00edcios<br \/>\n01 VAGA<\/p>\n<p>ANALISTA DE NEG\u00d3CIOS<br \/>\nEnsino Superior completo em ADM, Ci\u00eancias Cont\u00e1beis ou Gest\u00e3o Empresarial<br \/>\nExperi\u00eancia m\u00ednima de 06 meses na carteira<br \/>\nObrigat\u00f3rio possuir viv\u00eancia com atendimento e rotinas administrativas<br \/>\n06 VAGAS<\/p>\n<p>GAR\u00c7OM<br \/>\nEnsino M\u00e9dio completo<br \/>\nExperi\u00eancia m\u00ednima de 06 meses na carteira<br \/>\nObrigat\u00f3rio possuir viv\u00eancia na \u00e1rea e residir nas regi\u00f5es de Itapu\u00e3, Stella Mares, S\u00e3o Crist\u00f3v\u00e3o ou Mussurunga I<br \/>\n02 VAGAS<\/p>\n<p>BARBEIRO<br \/>\nN\u00e3o exige escolaridade<br \/>\nExperi\u00eancia m\u00ednima de 03 meses na fun\u00e7\u00e3o<br \/>\nObrigat\u00f3rio possuir conhecimento na \u00e1rea com todos os tipos de corte<br \/>\n03 VAGAS<\/p>\n<p>AUXILIAR DE CABELEIREIRO<br \/>\nEnsino M\u00e9dio completo<br \/>\nExperi\u00eancia m\u00ednima de 06 meses na carteira<br \/>\nObrigat\u00f3rio possuir viv\u00eancia com perucas ou em sal\u00e3o de beleza<br \/>\nSal\u00e1rio R$ 1.066,00 + benef\u00edcios<br \/>\n01 VAGA<\/p>\n<p>VENDEDOR PORTA A PORTA<br \/>\nEnsino M\u00e9dio completo<br \/>\nExperi\u00eancia m\u00ednima de 06 meses na fun\u00e7\u00e3o<br \/>\nObrigat\u00f3rio possuir viv\u00eancia em vendas, carro ou moto e CNH \u2018A\u2019 ou \u2018B\u2019<br \/>\n03 VAGAS<\/p>\n<p>VENDEDOR PORTA A PORTA<br \/>\nEnsino M\u00e9dio completo<br \/>\nExperi\u00eancia m\u00ednima de 06 meses na fun\u00e7\u00e3o<br \/>\nObrigat\u00f3rio possuir viv\u00eancia em vendas, carro ou moto, CNH \u2018A\u2019 ou \u2018B\u2019 e residir em Cama\u00e7ari<br \/>\n01 VAGA<\/p>\n<p>ENCARREGADO DE SUPERMERCADO<br \/>\nEnsino Superior incompleto em ADM, Log\u00edstica ou \u00e1reas afins &#8211; A partir do 3\u00ba Sem.<br \/>\nExperi\u00eancia m\u00ednima de 06 meses na carteira<br \/>\nObrigat\u00f3rio possuir conhecimento na \u00e1rea, viv\u00eancia em lideran\u00e7a no ramo de varejo de alimentos (Supermercado ou delicatessen) e disponibilidade de hor\u00e1rio<br \/>\nDesej\u00e1vel: Habilidade com perec\u00edveis<br \/>\n01 VAGA<\/p>\n<p>CONFEITEIRO<br \/>\nEnsino M\u00e9dio completo<br \/>\nExperi\u00eancia m\u00ednima de 06 meses na carteira<br \/>\nObrigat\u00f3rio possuir conhecimento na \u00e1rea, viv\u00eancia em delicatessen e lojas de vendas de tortas<br \/>\n01 VAGA<\/p>\n<p>RECEPCIONISTA BIL\u00cdNGUE<br \/>\nEnsino Superior completo em Hotelaria ou Turismo<br \/>\nExperi\u00eancia m\u00ednima de 06 meses na carteira<br \/>\nObrigat\u00f3rio possuir conhecimento b\u00e1sico em ingl\u00eas<br \/>\nDesej\u00e1vel: Flu\u00eancia em ingl\u00eas<br \/>\nSal\u00e1rio R$ 1.792,78 + benef\u00edcios<br \/>\n01 VAGA<\/p>\n<p>AGENTE DE MICROCR\u00c9DITO<br \/>\nEnsino M\u00e9dio completo<br \/>\nExperi\u00eancia m\u00ednima de 06 meses na carteira<br \/>\nObrigat\u00f3rio possuir viv\u00eancia com empr\u00e9stimo consignado<br \/>\nSal\u00e1rio R$ 954,00+ benef\u00edcios<br \/>\n04 VAGAS<\/p>\n<p><strong>Vagas EXCLUSIVAS para UNIDADE CENTRAL de Salvador (04\/12)<\/strong><br \/>\nENDERE\u00c7O: Av. ACM, 3359 \u2013 Cond. Torres do Iguatemi.<br \/>\nFuncionamento de segunda a sexta, das 7h as 17h.<\/p>\n<p>MONTADOR DE EQUIPAMENTOS EL\u00c9TRICOS<br \/>\nEnsino M\u00e9dio completo<br \/>\nExperi\u00eancia m\u00ednima de 06 meses na carteira<br \/>\nObrigat\u00f3rio possuir CNH \u2018B\u2019<br \/>\nDesej\u00e1vel: Curso de Eletromec\u00e2nica<br \/>\n01 VAGA<\/p>\n<p>CHEFE DE SERVI\u00c7O DE LIMPEZA HOSPITALAR<br \/>\nEnsino M\u00e9dio completo<br \/>\nExperi\u00eancia m\u00ednima de 06 meses na carteira<br \/>\nObrigat\u00f3rio possuir viv\u00eancia na \u00e1rea hospitalar<br \/>\n01 VAGA<\/p>\n<p>PINTOR INDUSTRIAL<br \/>\nEnsino M\u00e9dio completo<br \/>\nExperi\u00eancia m\u00ednima de 06 meses na carteira<br \/>\nObrigat\u00f3rio possuir curso de Pintura Industrial e viv\u00eancia com pintura<br \/>\n02 VAGAS<\/p>\n<p>CONSULTOR DE VENDAS<br \/>\nEnsino Superior incompleto em ADM, MKT, Publicidade ou afins &#8211; A partir do 2\u00ba Sem.<br \/>\nExperi\u00eancia m\u00ednima de 06 meses na fun\u00e7\u00e3o<br \/>\nObrigat\u00f3rio possuir CNH \u2018A\u2019 ou \u2018B\u2019 e moto ou carro pr\u00f3prio<br \/>\nSal\u00e1rio R$ 1.100,00 + benef\u00edcios<br \/>\n02 VAGAS<\/p>\n<p><strong>Vaga exclusiva para a unidade CAPAZ do SineBahia de Salvador (04\/12)<\/strong><br \/>\nENDERE\u00c7O: Av. Centen\u00e1rio, loja 1, 1\u00ba piso &#8211; SAC do Shopping Barra<br \/>\nFuncionamento de segunda \u00e0 sexta, das 7h as 17h.<\/p>\n<p>MONITOR DE RESSOCIALIZA\u00c7\u00c3O (PCD)<br \/>\nExclusiva para Pessoas com Defici\u00eancia<br \/>\nEnsino M\u00e9dio completo<br \/>\nExperi\u00eancia m\u00ednima de 06 meses na carteira<br \/>\nObrigat\u00f3rio possuir curso de Vigilante<br \/>\n01 VAGA<\/p>\n<p><strong>Vagas exclusivas para Alagoinhas (04\/12)<\/strong><\/p>\n<p>TECN\u00d3LOGO EM GEST\u00c3O DE SISTEMA DE INFORMA\u00c7\u00c3O<br \/>\nEnsino Superior cursando \u2013 A partir do 3\u00b0 Sem.<br \/>\nObrigat\u00f3rio possuir habilidade para atuar como professor de curso Profissionalizante<br \/>\n02 VAGAS<\/p>\n<p><strong>Vagas exclusivas para Am\u00e9lia Rodrigues (04\/12)<\/strong><\/p>\n<p>INSTRUTOR DE MUSCULA\u00c7\u00c3O (EST\u00c1GIO)<br \/>\nEnsino Superior cursando Educa\u00e7\u00e3o F\u00edsica<br \/>\nN\u00e3o exige experi\u00eancia<br \/>\nObrigat\u00f3rio residir em Terra Nova, Santo Amaro, Am\u00e9lia Rodrigues, Concei\u00e7\u00e3o do Jacu\u00edpe, Feira de Santana ou regi\u00e3o<br \/>\n01 VAGA<\/p>\n<p>INSTRUTOR DE MUSCULA\u00c7\u00c3O<br \/>\nN\u00e3o exige experi\u00eancia<br \/>\nObrigat\u00f3rio possuir registro no CREF e residir em Terra Nova, Santo Amaro, Am\u00e9lia Rodrigues, Concei\u00e7\u00e3o do Jacu\u00edpe, Feira de Santana ou regi\u00e3o<br \/>\n01 VAGA<\/p>\n<p><strong>Vagas exclusivas para Jequi\u00e9 (04\/12)<\/strong><\/p>\n<p>AGENTE DE PED\u00c1GIO (PCD)<br \/>\nExclusiva para Pessoas com Defici\u00eancia<br \/>\nEnsino M\u00e9dio completo<br \/>\nExperi\u00eancia m\u00ednima de 06 meses na fun\u00e7\u00e3o<br \/>\n02 VAGAS<\/p>\n<p>CASEIRO<br \/>\nEnsino Fundamental incompleto<br \/>\nExperi\u00eancia m\u00ednima de 06 meses na fun\u00e7\u00e3o<br \/>\nObrigat\u00f3rio possuir disponibilidade de dormir no local de trabalho<br \/>\n01 VAGA<\/p>\n<p>CABELEIREIRO<br \/>\nEnsino Fundamental completo<br \/>\nExperi\u00eancia m\u00ednima de 06 meses na fun\u00e7\u00e3o<br \/>\n01 VAGA<\/p>\n<p>MEC\u00c2NICO DE AUTOM\u00d3VEL<br \/>\nEnsino Fundamental completo<br \/>\nExperi\u00eancia m\u00ednima de 06 meses na fun\u00e7\u00e3o<br \/>\nObrigat\u00f3rio possuir CNH \u2018B\u2019<br \/>\n01 VAGA<\/p>\n<p><strong>Vagas exclusivas para Ilh\u00e9us (04\/12)<\/strong><\/p>\n<p>AUXILIAR DE LINHA DE PRODU\u00c7\u00c3O (PCD)<br \/>\nExclusiva para Pessoas com Defici\u00eancia<br \/>\nEnsino M\u00e9dio completo<br \/>\nObrigat\u00f3rio apresentar laudo<br \/>\n01 VAGA<\/p>\n<p>ENGENHEIRO MEC\u00c2NICO (JOVEM APRENDIZ)<br \/>\nExclusiva para Jovem Aprendiz<br \/>\nEnsino Superior incompleto em Engenharia Mec\u00e2nica &#8211; A partir do 6\u00b0 Sem.<br \/>\nObrigat\u00f3rio possuir curso de Inform\u00e1tica intermediaria<br \/>\n01 VAGA<\/p>\n<p>AUXILIAR ADMINISTRATIVO (JOVEM APRENDIZ)<br \/>\nExclusiva para Jovem Aprendiz<br \/>\nEnsino Superior incompleto em ADM ou Economia &#8211; A partir do 6\u00b0 Sem.<br \/>\nExperi\u00eancia m\u00ednima de 06 meses na fun\u00e7\u00e3o<br \/>\nObrigat\u00f3rio possuir curso de Inform\u00e1tica intermediaria<br \/>\n01 VAGA<\/p>\n<p>OPERADOR DE MUNCK<br \/>\nEnsino Fundamental completo<br \/>\nExperi\u00eancia m\u00ednima de 06 meses na carteira<br \/>\nObrigat\u00f3rio possuir curso atualizado de Operador de Munck e disponibilidade para viagem<br \/>\n01 VAGA<\/p>\n<p>ELETRICISTA DE MANUTEN\u00c7\u00c3O<br \/>\nEnsino M\u00e9dio completo<br \/>\nObrigat\u00f3rio possuir cursos NR10, NR33 e NR35<br \/>\nDesej\u00e1vel: CNH \u2018B\u2019<br \/>\n01 VAGA<\/p>\n<p>ASSISTENTE DE PRODU\u00c7\u00c3O<br \/>\nEnsino Superior completo em Engenharia de Produ\u00e7\u00e3o<br \/>\nExperi\u00eancia m\u00ednima de 06 meses na carteira<br \/>\nDesej\u00e1vel: Residir na Zona Norte de Ilh\u00e9us<br \/>\n01 VAGA<\/p>\n<p>OPERADOR DE M\u00c1QUINAS EM LINHA DE PRODU\u00c7\u00c3O<br \/>\nEnsino M\u00e9dio completo<br \/>\nExperi\u00eancia m\u00ednima de 06 meses na carteira<br \/>\nObrigat\u00f3rio possuir certificado de curso na \u00e1rea<br \/>\nDesej\u00e1vel: Residir na Zona Norte de Ilh\u00e9us<br \/>\n01 VAGA<\/p>\n<p>ALINHADOR DE DIRE\u00c7\u00c3O<br \/>\nEnsino Fundamental completo ou T\u00e9cnico<br \/>\nExperi\u00eancia m\u00ednima de 06 meses na fun\u00e7\u00e3o<br \/>\n01 VAGA<\/p>\n<p>MEC\u00c2NICO DE AUTOM\u00d3VEL<br \/>\nEnsino Fundamental completo<br \/>\nExperi\u00eancia m\u00ednima de 06 meses na fun\u00e7\u00e3o<br \/>\n01 VAGA<\/p>\n<p>EMPREGADA DOM\u00c9STICA<br \/>\nEnsino M\u00e9dio completo<br \/>\nExperi\u00eancia m\u00ednima de 06 meses na carteira<br \/>\nObrigat\u00f3rio possuir disponibilidade para residir no local de trabalho<br \/>\n01 VAGA<\/p>\n<p>EMPREGADA DOM\u00c9STICA<br \/>\nEnsino Fundamental completo<br \/>\nExperi\u00eancia m\u00ednima de 06 meses na carteira<br \/>\nObrigat\u00f3rio possuir conhecimento em culin\u00e1ria, forno e fog\u00e3o<br \/>\n01 VAGA<\/p>\n<p>AGENTE DE NEG\u00d3CIOS<br \/>\nEnsino T\u00e9cnico, Tecn\u00f3logo ou Superior completo em ADM ou \u00e1reas afins<br \/>\nExperi\u00eancia m\u00ednima de 06 meses na carteira<br \/>\n01 VAGA<\/p>\n<p>ASSISTENTE DE RH<br \/>\nEnsino Superior completo em Ci\u00eancias Cont\u00e1beis<br \/>\nExperi\u00eancia m\u00ednima de 06 meses na carteira com a \u00e1rea de RH<br \/>\n01 VAGA<\/p>\n<p>COZINHEIRO DE RESTAURANTE<br \/>\nEnsino M\u00e9dio completo<br \/>\nExperi\u00eancia m\u00ednima de 06 meses na carteira<br \/>\nObrigat\u00f3rio possuir conhecimento em comida Italiana e Contempor\u00e2nea<br \/>\n01 VAGA<\/p>\n<p>COSTUREIRA DE M\u00c1QUINA RETA<br \/>\nEnsino Fundamental completo<br \/>\nExperi\u00eancia m\u00ednima de 06 meses na carteira<br \/>\n01 VAGA<\/p>\n<p><strong>Vagas exclusivas para Itabuna (04\/12)<\/strong><\/p>\n<p>AUXILIAR DE LINHA DE PRODU\u00c7\u00c3O (PCD)<br \/>\nExclusiva para Pessoas com Defici\u00eancia<br \/>\nN\u00e3o exige escolaridade<br \/>\nN\u00e3o exige experi\u00eancia<br \/>\n05 VAGAS<\/p>\n<p>AUXILIAR ADMINISTRATIVO COMERCIAL (EST\u00c1GIO)<br \/>\nEnsino Superior cursando ADM, MKT ou Cont\u00e1beis &#8211; A partir do 6\u00b0 Sem.<br \/>\nN\u00e3o exige experi\u00eancia<br \/>\nObrigat\u00f3rio possuir conhecimento em inform\u00e1tica e pacote Office<br \/>\n01 VAGA<\/p>\n<p>AUXILIAR DE QUALIDADE<br \/>\nEnsino Superior completo ou em andamento<br \/>\nExperi\u00eancia m\u00ednima de 06 meses na fun\u00e7\u00e3o<br \/>\n01 VAGA<\/p>\n<p>ARMADOR<br \/>\nEnsino Fundamental completo<br \/>\nExperi\u00eancia m\u00ednima de 06 meses na carteira<br \/>\n02 VAGAS<\/p>\n<p>BETONEIRO<br \/>\nEnsino Fundamental completo<br \/>\nExperi\u00eancia m\u00ednima de 06 meses na carteira<br \/>\n01 VAGA<\/p>\n<p>CARPINTEIRO\/SOLDADOR<br \/>\nEnsino Fundamental completo<br \/>\nExperi\u00eancia m\u00ednima de 06 meses na carteira<br \/>\nObrigat\u00f3rio possuir viv\u00eancia como soldador TIG e MIG<br \/>\n10 VAGAS<\/p>\n<p>CARPINTEIRO<br \/>\nEnsino Fundamental completo<br \/>\nExperi\u00eancia m\u00ednima de 06 meses na carteira<br \/>\n02 VAGAS<\/p>\n<p>ENCANADOR INDUSTRIAL<br \/>\nEnsino Fundamental completo<br \/>\nExperi\u00eancia m\u00ednima de 06 meses na carteira<br \/>\n04 VAGAS<\/p>\n<p>LIXADOR<br \/>\nEnsino Fundamental completo<br \/>\nExperi\u00eancia m\u00ednima de 06 meses na carteira<br \/>\n10 VAGAS<\/p>\n<p>MONTADOR DE ANDAIME<br \/>\nEnsino Fundamental completo<br \/>\nExperi\u00eancia m\u00ednima de 06 meses na carteira<br \/>\n02 VAGAS<\/p>\n<p>T\u00c9CNICO EM REFRIGERA\u00c7\u00c3O<br \/>\nEnsino T\u00e9cnico completo de Refrigera\u00e7\u00e3o<br \/>\nExperi\u00eancia m\u00ednima de 06 meses na fun\u00e7\u00e3o<br \/>\nObrigat\u00f3rio possuir CNH \u2018A\/B\u2019<br \/>\n01 VAGA<\/p>\n<p>VENDEDOR PRACISTA<br \/>\nEnsino M\u00e9dio completo<br \/>\nExperi\u00eancia m\u00ednima de 06 meses com vendas<br \/>\nObrigat\u00f3rio possuir CNH \u2018A\/B\u2019<br \/>\n03 VAGAS<\/p>\n<p>COORDENADOR DE VENDAS<br \/>\nEnsino Superior completo<br \/>\nExperi\u00eancia m\u00ednima de 06 meses na carteira<br \/>\nObrigat\u00f3rio possuir CNH \u2018B\u2019<br \/>\n01 VAGA<\/p>\n<p>MANICURE<br \/>\nN\u00e3o exige escolaridade<br \/>\nExperi\u00eancia m\u00ednima de 06 meses na fun\u00e7\u00e3o<br \/>\n01 VAGA<\/p>\n<p>CABELEIREIRO<br \/>\nN\u00e3o exige escolaridade<br \/>\nExperi\u00eancia m\u00ednima de 06 meses na fun\u00e7\u00e3o<br \/>\n02 VAGAS<\/p>\n<p>AUXILIAR DE SA\u00daDE BUCAL<br \/>\nEnsino M\u00e9dio completo<br \/>\nExperi\u00eancia m\u00ednima de 06 meses na fun\u00e7\u00e3o<br \/>\nObrigat\u00f3rio possuir curso em andamento ou completo em Sa\u00fade Bucal<br \/>\n01 VAGA<\/p>\n<p>AUXILIAR DE CONTABILIDADE<br \/>\nEnsino Superior cursando Ci\u00eancias Cont\u00e1beis &#8211; A partir 3\u00ba Sem.<br \/>\nExperi\u00eancia em Excel n\u00edvel intermedi\u00e1rio<br \/>\n01 VAGA<\/p>\n<p><em><strong>Ascom Sinebahia<\/strong><\/em><\/p>\n","protected":false},"excerpt":{"rendered":"<p>DOCUMENTA\u00c7\u00c3O NECESS\u00c1RIA: Obrigat\u00f3rio portar Carteira de Trabalho, RG, CPF, comprovante de resid\u00eancia e certificado de escolaridade.\u00a0Essas s\u00e3o apenas algumas vagas dispon\u00edveis. Para consultar a lista completa, o trabalhador deve comparecer \u00e0 unidade de seu munic\u00edpio. Vagas exclusivas para Senhor do Bonfim (04\/12) VIDRACEIRO Ensino M\u00e9dio completo Experi\u00eancia na fun\u00e7\u00e3o 01 VAGA ELETRICISTA DE INSTALA\u00c7\u00d5ES Ensino [&hellip;]<\/p>\n","protected":false},"author":2,"featured_media":0,"comment_status":"open","ping_status":"open","sticky":false,"template":"","format":"standard","meta":{"_acf_changed":false,"_monsterinsights_skip_tracking":false,"_monsterinsights_sitenote_active":false,"_monsterinsights_sitenote_note":"","_monsterinsights_sitenote_category":0,"_jetpack_memberships_contains_paid_content":false,"footnotes":"","jetpack_publicize_message":"","jetpack_publicize_feature_enabled":true,"jetpack_social_post_already_shared":true,"jetpack_social_options":{"image_generator_settings":{"template":"highway","default_image_id":0,"font":"","enabled":false},"version":2}},"categories":[5,1],"tags":[],"class_list":["post-29653","post","type-post","status-publish","format-standard","hentry","category-cotidiano","category-noticias"],"acf":[],"jetpack_publicize_connections":[],"jetpack_featured_media_url":"","jetpack_sharing_enabled":true,"publishpress_future_workflow_manual_trigger":{"enabledWorkflows":[]},"_links":{"self":[{"href":"https:\/\/blogdoeloiltoncajuhy.com.br\/site\/wp-json\/wp\/v2\/posts\/29653","targetHints":{"allow":["GET"]}}],"collection":[{"href":"https:\/\/blogdoeloiltoncajuhy.com.br\/site\/wp-json\/wp\/v2\/posts"}],"about":[{"href":"https:\/\/blogdoeloiltoncajuhy.com.br\/site\/wp-json\/wp\/v2\/types\/post"}],"author":[{"embeddable":true,"href":"https:\/\/blogdoeloiltoncajuhy.com.br\/site\/wp-json\/wp\/v2\/users\/2"}],"replies":[{"embeddable":true,"href":"https:\/\/blogdoeloiltoncajuhy.com.br\/site\/wp-json\/wp\/v2\/comments?post=29653"}],"version-history":[{"count":1,"href":"https:\/\/blogdoeloiltoncajuhy.com.br\/site\/wp-json\/wp\/v2\/posts\/29653\/revisions"}],"predecessor-version":[{"id":29654,"href":"https:\/\/blogdoeloiltoncajuhy.com.br\/site\/wp-json\/wp\/v2\/posts\/29653\/revisions\/29654"}],"wp:attachment":[{"href":"https:\/\/blogdoeloiltoncajuhy.com.br\/site\/wp-json\/wp\/v2\/media?parent=29653"}],"wp:term":[{"taxonomy":"category","embeddable":true,"href":"https:\/\/blogdoeloiltoncajuhy.com.br\/site\/wp-json\/wp\/v2\/categories?post=29653"},{"taxonomy":"post_tag","embeddable":true,"href":"https:\/\/blogdoeloiltoncajuhy.com.br\/site\/wp-json\/wp\/v2\/tags?post=29653"}],"curies":[{"name":"wp","href":"https:\/\/api.w.org\/{rel}","templated":true}]}}