{"id":29649,"date":"2018-12-03T16:28:33","date_gmt":"2018-12-03T19:28:33","guid":{"rendered":"http:\/\/blogdoeloiltoncajuhy.com.br\/site\/?p=29649"},"modified":"2018-12-03T16:28:33","modified_gmt":"2018-12-03T19:28:33","slug":"mirielle-cajuhy-considera-positiva-sua-participacao-no-festival-edesio-santos","status":"publish","type":"post","link":"https:\/\/blogdoeloiltoncajuhy.com.br\/site\/mirielle-cajuhy-considera-positiva-sua-participacao-no-festival-edesio-santos\/","title":{"rendered":"Mirielle Cajuhy considera positiva sua participa\u00e7\u00e3o no Festival Ed\u00e9sio Santos"},"content":{"rendered":"<figure id=\"attachment_29650\" aria-describedby=\"caption-attachment-29650\" style=\"width: 960px\" class=\"wp-caption aligncenter\"><a href=\"https:\/\/i0.wp.com\/blogdoeloiltoncajuhy.com.br\/site\/wp-content\/uploads\/2018\/12\/miri-festival_03dez.jpg\"><img data-recalc-dims=\"1\" fetchpriority=\"high\" decoding=\"async\" class=\"wp-image-29650 size-full\" src=\"https:\/\/i0.wp.com\/blogdoeloiltoncajuhy.com.br\/site\/wp-content\/uploads\/2018\/12\/miri-festival_03dez.jpg?resize=800%2C533\" alt=\"\" width=\"800\" height=\"533\" srcset=\"https:\/\/i0.wp.com\/blogdoeloiltoncajuhy.com.br\/site\/wp-content\/uploads\/2018\/12\/miri-festival_03dez.jpg?w=960&amp;ssl=1 960w, https:\/\/i0.wp.com\/blogdoeloiltoncajuhy.com.br\/site\/wp-content\/uploads\/2018\/12\/miri-festival_03dez.jpg?resize=300%2C200&amp;ssl=1 300w, https:\/\/i0.wp.com\/blogdoeloiltoncajuhy.com.br\/site\/wp-content\/uploads\/2018\/12\/miri-festival_03dez.jpg?resize=768%2C512&amp;ssl=1 768w, https:\/\/i0.wp.com\/blogdoeloiltoncajuhy.com.br\/site\/wp-content\/uploads\/2018\/12\/miri-festival_03dez.jpg?resize=250%2C167&amp;ssl=1 250w\" sizes=\"(max-width: 800px) 100vw, 800px\" \/><\/a><figcaption id=\"caption-attachment-29650\" class=\"wp-caption-text\">Foto: Ag\u00eancia CH<\/figcaption><\/figure>\n<p>A jornalista e cantora bonfinense <strong>Mirielle Cajuhy<\/strong> participou do Festival Ed\u00e9sio Santos da Can\u00e7\u00e3o realizado de 29 de novembro a 1\u00ba de dezembro, no Centro de Cultura Jo\u00e3o Gilberto, em Juazeiro.<\/p>\n<p>A apresenta\u00e7\u00e3o da bonfinense ocorreu na primeira etapa classificat\u00f3ria do festival, na quinta-feira, dia 29, defendendo a m\u00fasica de sua autoria <em><strong>\u201cEm Uma S\u00f3 Voz\u201d<\/strong><\/em>. Apesar de n\u00e3o ter sido classificada para a final, Mirielle considera muito positiva sua participa\u00e7\u00e3o.<\/p>\n<p><strong>Ela publicou um post no seu perfil do Facebook, onde aproveitou para agradecer o apoio de todos:<\/strong><\/p>\n<p><a href=\"https:\/\/i0.wp.com\/blogdoeloiltoncajuhy.com.br\/site\/wp-content\/uploads\/2018\/12\/miri-festival_post.png\"><img data-recalc-dims=\"1\" decoding=\"async\" class=\"aligncenter size-full wp-image-29651\" src=\"https:\/\/i0.wp.com\/blogdoeloiltoncajuhy.com.br\/site\/wp-content\/uploads\/2018\/12\/miri-festival_post.png?resize=513%2C408\" alt=\"\" width=\"513\" height=\"408\" srcset=\"https:\/\/i0.wp.com\/blogdoeloiltoncajuhy.com.br\/site\/wp-content\/uploads\/2018\/12\/miri-festival_post.png?w=513&amp;ssl=1 513w, https:\/\/i0.wp.com\/blogdoeloiltoncajuhy.com.br\/site\/wp-content\/uploads\/2018\/12\/miri-festival_post.png?resize=300%2C239&amp;ssl=1 300w, https:\/\/i0.wp.com\/blogdoeloiltoncajuhy.com.br\/site\/wp-content\/uploads\/2018\/12\/miri-festival_post.png?resize=250%2C199&amp;ssl=1 250w\" sizes=\"(max-width: 513px) 100vw, 513px\" \/><\/a><\/p>\n<p><strong>BLOG DO ELOILTON CAJUHY<\/strong><\/p>\n","protected":false},"excerpt":{"rendered":"<p>A jornalista e cantora bonfinense Mirielle Cajuhy participou do Festival Ed\u00e9sio Santos da Can\u00e7\u00e3o realizado de 29 de novembro a 1\u00ba de dezembro, no Centro de Cultura Jo\u00e3o Gilberto, em Juazeiro. A apresenta\u00e7\u00e3o da bonfinense ocorreu na primeira etapa classificat\u00f3ria do festival, na quinta-feira, dia 29, defendendo a m\u00fasica de sua autoria \u201cEm Uma S\u00f3 [&hellip;]<\/p>\n","protected":false},"author":2,"featured_media":29651,"comment_status":"open","ping_status":"open","sticky":false,"template":"","format":"standard","meta":{"_acf_changed":false,"_monsterinsights_skip_tracking":false,"_monsterinsights_sitenote_active":false,"_monsterinsights_sitenote_note":"","_monsterinsights_sitenote_category":0,"_jetpack_memberships_contains_paid_content":false,"footnotes":"","jetpack_publicize_message":"","jetpack_publicize_feature_enabled":true,"jetpack_social_post_already_shared":true,"jetpack_social_options":{"image_generator_settings":{"template":"highway","default_image_id":0,"font":"","enabled":false},"version":2}},"categories":[8,1,4],"tags":[],"class_list":["post-29649","post","type-post","status-publish","format-standard","has-post-thumbnail","hentry","category-cultura","category-noticias","category-local"],"acf":[],"jetpack_publicize_connections":[],"jetpack_featured_media_url":"https:\/\/i0.wp.com\/blogdoeloiltoncajuhy.com.br\/site\/wp-content\/uploads\/2018\/12\/miri-festival_post.png?fit=513%2C408&ssl=1","jetpack_sharing_enabled":true,"publishpress_future_workflow_manual_trigger":{"enabledWorkflows":[]},"_links":{"self":[{"href":"https:\/\/blogdoeloiltoncajuhy.com.br\/site\/wp-json\/wp\/v2\/posts\/29649","targetHints":{"allow":["GET"]}}],"collection":[{"href":"https:\/\/blogdoeloiltoncajuhy.com.br\/site\/wp-json\/wp\/v2\/posts"}],"about":[{"href":"https:\/\/blogdoeloiltoncajuhy.com.br\/site\/wp-json\/wp\/v2\/types\/post"}],"author":[{"embeddable":true,"href":"https:\/\/blogdoeloiltoncajuhy.com.br\/site\/wp-json\/wp\/v2\/users\/2"}],"replies":[{"embeddable":true,"href":"https:\/\/blogdoeloiltoncajuhy.com.br\/site\/wp-json\/wp\/v2\/comments?post=29649"}],"version-history":[{"count":1,"href":"https:\/\/blogdoeloiltoncajuhy.com.br\/site\/wp-json\/wp\/v2\/posts\/29649\/revisions"}],"predecessor-version":[{"id":29652,"href":"https:\/\/blogdoeloiltoncajuhy.com.br\/site\/wp-json\/wp\/v2\/posts\/29649\/revisions\/29652"}],"wp:featuredmedia":[{"embeddable":true,"href":"https:\/\/blogdoeloiltoncajuhy.com.br\/site\/wp-json\/wp\/v2\/media\/29651"}],"wp:attachment":[{"href":"https:\/\/blogdoeloiltoncajuhy.com.br\/site\/wp-json\/wp\/v2\/media?parent=29649"}],"wp:term":[{"taxonomy":"category","embeddable":true,"href":"https:\/\/blogdoeloiltoncajuhy.com.br\/site\/wp-json\/wp\/v2\/categories?post=29649"},{"taxonomy":"post_tag","embeddable":true,"href":"https:\/\/blogdoeloiltoncajuhy.com.br\/site\/wp-json\/wp\/v2\/tags?post=29649"}],"curies":[{"name":"wp","href":"https:\/\/api.w.org\/{rel}","templated":true}]}}