{"id":29646,"date":"2018-12-03T11:09:32","date_gmt":"2018-12-03T14:09:32","guid":{"rendered":"http:\/\/blogdoeloiltoncajuhy.com.br\/site\/?p=29646"},"modified":"2018-12-03T11:09:32","modified_gmt":"2018-12-03T14:09:32","slug":"sr-do-bonfim-pm-apreende-drogas-e-veiculo-abandonado","status":"publish","type":"post","link":"https:\/\/blogdoeloiltoncajuhy.com.br\/site\/sr-do-bonfim-pm-apreende-drogas-e-veiculo-abandonado\/","title":{"rendered":"Sr. do Bonfim: PM apreende drogas e ve\u00edculo abandonado"},"content":{"rendered":"<p><a href=\"https:\/\/i0.wp.com\/blogdoeloiltoncajuhy.com.br\/site\/wp-content\/uploads\/2018\/12\/PM_carro-abandonado-bonfim.jpg\"><img data-recalc-dims=\"1\" fetchpriority=\"high\" decoding=\"async\" class=\"aligncenter wp-image-29647\" src=\"https:\/\/i0.wp.com\/blogdoeloiltoncajuhy.com.br\/site\/wp-content\/uploads\/2018\/12\/PM_carro-abandonado-bonfim.jpg?resize=380%2C287\" alt=\"\" width=\"380\" height=\"287\" srcset=\"https:\/\/i0.wp.com\/blogdoeloiltoncajuhy.com.br\/site\/wp-content\/uploads\/2018\/12\/PM_carro-abandonado-bonfim.jpg?w=309&amp;ssl=1 309w, https:\/\/i0.wp.com\/blogdoeloiltoncajuhy.com.br\/site\/wp-content\/uploads\/2018\/12\/PM_carro-abandonado-bonfim.jpg?resize=300%2C226&amp;ssl=1 300w, https:\/\/i0.wp.com\/blogdoeloiltoncajuhy.com.br\/site\/wp-content\/uploads\/2018\/12\/PM_carro-abandonado-bonfim.jpg?resize=250%2C189&amp;ssl=1 250w\" sizes=\"(max-width: 380px) 100vw, 380px\" \/><\/a>Por volta das 14 horas do dia 30 de novembro, a guarni\u00e7\u00e3o Rocam, em rondas e abordagens no Bairro da Pera, abordou um indiv\u00edduo que estava em posse de uma peteca de maconha, sendo ent\u00e3o conduzido \u00e0 Delegacia de Pol\u00edcia local, para ado\u00e7\u00e3o das medidas cab\u00edveis. Lavrado o Termo Circunstanciado de Ocorr\u00eancia (TCO).<\/p>\n<p>Por volta das 21 horas do mesmo, a Guarni\u00e7\u00e3o da Ceto Urbana, ap\u00f3s Alerta Geral, passado pelo CICOM, sobre uma motocicleta trafegando supostamente com drogas, encontrou o suspeito, com as caracter\u00edsticas descritas da pessoa e do ve\u00edculo e, ap\u00f3s abordagem padr\u00e3o, foram encontradas dentro do capacete do mesmo, 30 petecas de coca\u00edna. A moto do acusado se encontrava com documenta\u00e7\u00e3o vencida sendo recolhida ao p\u00e1tio. O acusado foi apresentado na Delegacia Policial e autuado em Flagrante.<\/p>\n<p><strong>Carro abandonado \u00e9 recolhido pela PM<\/strong><\/p>\n<p>Foi recolhido na Travessa Visconde do Rio Branco, Centro de Senhor do Bonfim, \u00e0s 14h30 do dia 30 de novembro, um ve\u00edculo VW Gol, cor amarela. Segundo informa\u00e7\u00e3o, o carro encontrava-se abandonado em via p\u00fablica h\u00e1 aproximadamente quatro meses. O ve\u00edculo foi removido pelo guincho municipal at\u00e9 o p\u00e1tio do 6\u00ba BPM.<\/p>\n<p><em><strong>BLOG DO ELOILTON CAJUHY &#8211; Com informa\u00e7\u00f5es do 6\u00ba BPM\/Senhor do Bonfim<\/strong><\/em><\/p>\n","protected":false},"excerpt":{"rendered":"<p>Por volta das 14 horas do dia 30 de novembro, a guarni\u00e7\u00e3o Rocam, em rondas e abordagens no Bairro da Pera, abordou um indiv\u00edduo que estava em posse de uma peteca de maconha, sendo ent\u00e3o conduzido \u00e0 Delegacia de Pol\u00edcia local, para ado\u00e7\u00e3o das medidas cab\u00edveis. Lavrado o Termo Circunstanciado de Ocorr\u00eancia (TCO). Por volta [&hellip;]<\/p>\n","protected":false},"author":2,"featured_media":29647,"comment_status":"open","ping_status":"open","sticky":false,"template":"","format":"standard","meta":{"_acf_changed":false,"_monsterinsights_skip_tracking":false,"_monsterinsights_sitenote_active":false,"_monsterinsights_sitenote_note":"","_monsterinsights_sitenote_category":0,"_jetpack_memberships_contains_paid_content":false,"footnotes":"","jetpack_publicize_message":"","jetpack_publicize_feature_enabled":true,"jetpack_social_post_already_shared":true,"jetpack_social_options":{"image_generator_settings":{"template":"highway","default_image_id":0,"font":"","enabled":false},"version":2}},"categories":[5,1,4],"tags":[],"class_list":["post-29646","post","type-post","status-publish","format-standard","has-post-thumbnail","hentry","category-cotidiano","category-noticias","category-local"],"acf":[],"jetpack_publicize_connections":[],"jetpack_featured_media_url":"https:\/\/i0.wp.com\/blogdoeloiltoncajuhy.com.br\/site\/wp-content\/uploads\/2018\/12\/PM_carro-abandonado-bonfim.jpg?fit=309%2C233&ssl=1","jetpack_sharing_enabled":true,"publishpress_future_workflow_manual_trigger":{"enabledWorkflows":[]},"_links":{"self":[{"href":"https:\/\/blogdoeloiltoncajuhy.com.br\/site\/wp-json\/wp\/v2\/posts\/29646","targetHints":{"allow":["GET"]}}],"collection":[{"href":"https:\/\/blogdoeloiltoncajuhy.com.br\/site\/wp-json\/wp\/v2\/posts"}],"about":[{"href":"https:\/\/blogdoeloiltoncajuhy.com.br\/site\/wp-json\/wp\/v2\/types\/post"}],"author":[{"embeddable":true,"href":"https:\/\/blogdoeloiltoncajuhy.com.br\/site\/wp-json\/wp\/v2\/users\/2"}],"replies":[{"embeddable":true,"href":"https:\/\/blogdoeloiltoncajuhy.com.br\/site\/wp-json\/wp\/v2\/comments?post=29646"}],"version-history":[{"count":1,"href":"https:\/\/blogdoeloiltoncajuhy.com.br\/site\/wp-json\/wp\/v2\/posts\/29646\/revisions"}],"predecessor-version":[{"id":29648,"href":"https:\/\/blogdoeloiltoncajuhy.com.br\/site\/wp-json\/wp\/v2\/posts\/29646\/revisions\/29648"}],"wp:featuredmedia":[{"embeddable":true,"href":"https:\/\/blogdoeloiltoncajuhy.com.br\/site\/wp-json\/wp\/v2\/media\/29647"}],"wp:attachment":[{"href":"https:\/\/blogdoeloiltoncajuhy.com.br\/site\/wp-json\/wp\/v2\/media?parent=29646"}],"wp:term":[{"taxonomy":"category","embeddable":true,"href":"https:\/\/blogdoeloiltoncajuhy.com.br\/site\/wp-json\/wp\/v2\/categories?post=29646"},{"taxonomy":"post_tag","embeddable":true,"href":"https:\/\/blogdoeloiltoncajuhy.com.br\/site\/wp-json\/wp\/v2\/tags?post=29646"}],"curies":[{"name":"wp","href":"https:\/\/api.w.org\/{rel}","templated":true}]}}