{"id":29635,"date":"2018-12-02T18:40:05","date_gmt":"2018-12-02T21:40:05","guid":{"rendered":"http:\/\/blogdoeloiltoncajuhy.com.br\/site\/?p=29635"},"modified":"2018-12-02T18:57:14","modified_gmt":"2018-12-02T21:57:14","slug":"nota-de-pesar-do-rotary-club-senhor-do-bonfim","status":"publish","type":"post","link":"https:\/\/blogdoeloiltoncajuhy.com.br\/site\/nota-de-pesar-do-rotary-club-senhor-do-bonfim\/","title":{"rendered":"Nota de Pesar do Rotary Club Senhor do Bonfim"},"content":{"rendered":"<p><strong><a href=\"https:\/\/i0.wp.com\/blogdoeloiltoncajuhy.com.br\/site\/wp-content\/uploads\/2018\/12\/RotaryLucas.jpg\"><img data-recalc-dims=\"1\" fetchpriority=\"high\" decoding=\"async\" class=\"aligncenter wp-image-29638\" src=\"https:\/\/i0.wp.com\/blogdoeloiltoncajuhy.com.br\/site\/wp-content\/uploads\/2018\/12\/RotaryLucas.jpg?resize=350%2C350\" alt=\"\" width=\"350\" height=\"350\" srcset=\"https:\/\/i0.wp.com\/blogdoeloiltoncajuhy.com.br\/site\/wp-content\/uploads\/2018\/12\/RotaryLucas.jpg?w=800&amp;ssl=1 800w, https:\/\/i0.wp.com\/blogdoeloiltoncajuhy.com.br\/site\/wp-content\/uploads\/2018\/12\/RotaryLucas.jpg?resize=150%2C150&amp;ssl=1 150w, https:\/\/i0.wp.com\/blogdoeloiltoncajuhy.com.br\/site\/wp-content\/uploads\/2018\/12\/RotaryLucas.jpg?resize=300%2C300&amp;ssl=1 300w, https:\/\/i0.wp.com\/blogdoeloiltoncajuhy.com.br\/site\/wp-content\/uploads\/2018\/12\/RotaryLucas.jpg?resize=768%2C768&amp;ssl=1 768w, https:\/\/i0.wp.com\/blogdoeloiltoncajuhy.com.br\/site\/wp-content\/uploads\/2018\/12\/RotaryLucas.jpg?resize=250%2C250&amp;ssl=1 250w, https:\/\/i0.wp.com\/blogdoeloiltoncajuhy.com.br\/site\/wp-content\/uploads\/2018\/12\/RotaryLucas.jpg?resize=48%2C48&amp;ssl=1 48w\" sizes=\"(max-width: 350px) 100vw, 350px\" \/><\/a>\u00c9 com profundo pesar que o Rotary Club Senhor do Bonfim &#8211; Centro, comunica aos rotarianos e toda a comunidade bonfinense o falecimento de seu membro, Jos\u00e9 Luis Lucas.<\/strong><\/p>\n<p><strong>Ele faleceu neste dia 2 de dezembro de 2018.\u00a0Lucas est\u00e1 sendo velado no Memorial Vila Nova e seu sepultamento acontecer\u00e1 nesta segunda-feira, dia 3, \u00e0s 10h horas da manh\u00e3.<\/strong><\/p>\n<p><strong>Consternados, os companheiros do Rotary Club Senhor do Bonfim \u2013 Centro, externam sua tristeza pela perda de um bravo guerreiro, atuante rotariano e exemplar cidad\u00e3o. Que Deus possa consolar a todos os familiares e amigos.<\/strong><\/p>\n","protected":false},"excerpt":{"rendered":"<p>\u00c9 com profundo pesar que o Rotary Club Senhor do Bonfim &#8211; Centro, comunica aos rotarianos e toda a comunidade bonfinense o falecimento de seu membro, Jos\u00e9 Luis Lucas. Ele faleceu neste dia 2 de dezembro de 2018.\u00a0Lucas est\u00e1 sendo velado no Memorial Vila Nova e seu sepultamento acontecer\u00e1 nesta segunda-feira, dia 3, \u00e0s 10h [&hellip;]<\/p>\n","protected":false},"author":2,"featured_media":29638,"comment_status":"open","ping_status":"open","sticky":false,"template":"","format":"standard","meta":{"_acf_changed":false,"_monsterinsights_skip_tracking":false,"_monsterinsights_sitenote_active":false,"_monsterinsights_sitenote_note":"","_monsterinsights_sitenote_category":0,"_jetpack_memberships_contains_paid_content":false,"footnotes":"","jetpack_publicize_message":"","jetpack_publicize_feature_enabled":true,"jetpack_social_post_already_shared":true,"jetpack_social_options":{"image_generator_settings":{"template":"highway","default_image_id":0,"font":"","enabled":false},"version":2}},"categories":[1,4],"tags":[],"class_list":["post-29635","post","type-post","status-publish","format-standard","has-post-thumbnail","hentry","category-noticias","category-local"],"acf":[],"jetpack_publicize_connections":[],"jetpack_featured_media_url":"https:\/\/i0.wp.com\/blogdoeloiltoncajuhy.com.br\/site\/wp-content\/uploads\/2018\/12\/RotaryLucas.jpg?fit=800%2C800&ssl=1","jetpack_sharing_enabled":true,"publishpress_future_workflow_manual_trigger":{"enabledWorkflows":[]},"_links":{"self":[{"href":"https:\/\/blogdoeloiltoncajuhy.com.br\/site\/wp-json\/wp\/v2\/posts\/29635","targetHints":{"allow":["GET"]}}],"collection":[{"href":"https:\/\/blogdoeloiltoncajuhy.com.br\/site\/wp-json\/wp\/v2\/posts"}],"about":[{"href":"https:\/\/blogdoeloiltoncajuhy.com.br\/site\/wp-json\/wp\/v2\/types\/post"}],"author":[{"embeddable":true,"href":"https:\/\/blogdoeloiltoncajuhy.com.br\/site\/wp-json\/wp\/v2\/users\/2"}],"replies":[{"embeddable":true,"href":"https:\/\/blogdoeloiltoncajuhy.com.br\/site\/wp-json\/wp\/v2\/comments?post=29635"}],"version-history":[{"count":3,"href":"https:\/\/blogdoeloiltoncajuhy.com.br\/site\/wp-json\/wp\/v2\/posts\/29635\/revisions"}],"predecessor-version":[{"id":29640,"href":"https:\/\/blogdoeloiltoncajuhy.com.br\/site\/wp-json\/wp\/v2\/posts\/29635\/revisions\/29640"}],"wp:featuredmedia":[{"embeddable":true,"href":"https:\/\/blogdoeloiltoncajuhy.com.br\/site\/wp-json\/wp\/v2\/media\/29638"}],"wp:attachment":[{"href":"https:\/\/blogdoeloiltoncajuhy.com.br\/site\/wp-json\/wp\/v2\/media?parent=29635"}],"wp:term":[{"taxonomy":"category","embeddable":true,"href":"https:\/\/blogdoeloiltoncajuhy.com.br\/site\/wp-json\/wp\/v2\/categories?post=29635"},{"taxonomy":"post_tag","embeddable":true,"href":"https:\/\/blogdoeloiltoncajuhy.com.br\/site\/wp-json\/wp\/v2\/tags?post=29635"}],"curies":[{"name":"wp","href":"https:\/\/api.w.org\/{rel}","templated":true}]}}