{"id":29632,"date":"2018-12-02T18:31:09","date_gmt":"2018-12-02T21:31:09","guid":{"rendered":"http:\/\/blogdoeloiltoncajuhy.com.br\/site\/?p=29632"},"modified":"2018-12-02T18:31:09","modified_gmt":"2018-12-02T21:31:09","slug":"brasileirao-confira-os-rebaixados-e-classificados-para-libertadores-e-sul-americana","status":"publish","type":"post","link":"https:\/\/blogdoeloiltoncajuhy.com.br\/site\/brasileirao-confira-os-rebaixados-e-classificados-para-libertadores-e-sul-americana\/","title":{"rendered":"Brasileir\u00e3o: Confira os rebaixados e classificados para Libertadores e Sul-Americana"},"content":{"rendered":"<figure id=\"attachment_29633\" aria-describedby=\"caption-attachment-29633\" style=\"width: 500px\" class=\"wp-caption aligncenter\"><a href=\"https:\/\/i0.wp.com\/blogdoeloiltoncajuhy.com.br\/site\/wp-content\/uploads\/2018\/12\/FluAme_nov-2018.jpg\"><img data-recalc-dims=\"1\" fetchpriority=\"high\" decoding=\"async\" class=\"wp-image-29633\" src=\"https:\/\/i0.wp.com\/blogdoeloiltoncajuhy.com.br\/site\/wp-content\/uploads\/2018\/12\/FluAme_nov-2018.jpg?resize=500%2C368\" alt=\"\" width=\"500\" height=\"368\" srcset=\"https:\/\/i0.wp.com\/blogdoeloiltoncajuhy.com.br\/site\/wp-content\/uploads\/2018\/12\/FluAme_nov-2018.jpg?w=380&amp;ssl=1 380w, https:\/\/i0.wp.com\/blogdoeloiltoncajuhy.com.br\/site\/wp-content\/uploads\/2018\/12\/FluAme_nov-2018.jpg?resize=300%2C221&amp;ssl=1 300w, https:\/\/i0.wp.com\/blogdoeloiltoncajuhy.com.br\/site\/wp-content\/uploads\/2018\/12\/FluAme_nov-2018.jpg?resize=250%2C184&amp;ssl=1 250w\" sizes=\"(max-width: 500px) 100vw, 500px\" \/><\/a><figcaption id=\"caption-attachment-29633\" class=\"wp-caption-text\">Fluminense fez o dever de casa e escapou da queda (Foto: Divulga\u00e7\u00e3o \/ Fluminense)<\/figcaption><\/figure>\n<p><strong>A edi\u00e7\u00e3o de 2018 do Campeonato Brasileiro chegou ao fim neste domingo (2). O Palmeiras foi o campe\u00e3o da competi\u00e7\u00e3o com uma rodada de anteced\u00eancia, mas as emo\u00e7\u00f5es desta 38\u00aa rodada ficaram com as defini\u00e7\u00f5es das \u00faltimas vagas para a Copa Libertadores da Am\u00e9rica e Copa Sul-Americana de 2019. Al\u00e9m dos dois rebaixados, Sport, no 17\u00b0 lugar com 42 pontos, e Am\u00e9rica-MG, no 18\u00b0 com 40, que juntar\u00e3o ao Vit\u00f3ria e Paran\u00e1, respectivamente, 19\u00b0 e 20\u00b0 colocados na tabela de classifica\u00e7\u00e3o, na queda para a S\u00e9rie B do Brasileiro.<\/strong><\/p>\n<p><strong>A quarta vaga direta na Libertadores ficou com o Gr\u00eamio que bateu o Corinthians por 1 a 0, na Arena do Gr\u00eamio. O Tricolor ga\u00facho termina a competi\u00e7\u00e3o na quarta posi\u00e7\u00e3o com 66 pontos, tr\u00eas a mais do que o S\u00e3o Paulo, que ficou em quinto e vai disputar a eliminat\u00f3ria da Libertadores para entrar na fase de grupos do torneio. O Atl\u00e9tico-MG, sexto colocado, ficou com a outra vaga da pr\u00e9-Libertadores.<\/strong><\/p>\n<p><strong>Para a Sul-Americana, o s\u00e9timo colocado Atl\u00e9tico-PR (57 pontos), o nono Botafogo (51), o d\u00e9cimo Santos (50), o 11\u00b0 Bahia (48), o 12\u00b0Fluminense (45), e o 13\u00b0 Corinthians (44) foram os classificados para a competi\u00e7\u00e3o do ano que vem. Finalista da atual edi\u00e7\u00e3o do torneio, caso o Furac\u00e3o seja campe\u00e3o, ganhar\u00e1 uma vaga na Libertadores. Com isso, a Chapecoense, que terminou em 14\u00b0 ao somar 44 pontos, herdar\u00e1 a classifica\u00e7\u00e3o para a Sul-Americana de 2019.<\/strong><\/p>\n<p><strong>Amea\u00e7ados, Chapecoense, Fluminense e Vasco escaparam da degola. O time catarinense bateu o S\u00e3o Paulo por 1 a 0, na Arena Cond\u00e1. O Tricolor carioca tamb\u00e9m fez o seu dever de casa no Maracan\u00e3 e venceu o Am\u00e9rica-MG, pelo mesmo placar. Enquanto o Cruzmaltino ficou no empate sem gols com o Cear\u00e1, no Castel\u00e3o, e terminou na 16\u00aa posi\u00e7\u00e3o com 43 pontos. O Le\u00e3o pernambucano at\u00e9 que fez sua parte no \u00faltimo jogo, ganhando do Santos por 2 a 1, na Ilha do Retiro. Por\u00e9m, n\u00e3o conseguiu a pontua\u00e7\u00e3o necess\u00e1ria para escapar do descenso.<\/strong><\/p>\n<p><em><strong>Bahia Not\u00edcias<\/strong><\/em><\/p>\n","protected":false},"excerpt":{"rendered":"<p>A edi\u00e7\u00e3o de 2018 do Campeonato Brasileiro chegou ao fim neste domingo (2). O Palmeiras foi o campe\u00e3o da competi\u00e7\u00e3o com uma rodada de anteced\u00eancia, mas as emo\u00e7\u00f5es desta 38\u00aa rodada ficaram com as defini\u00e7\u00f5es das \u00faltimas vagas para a Copa Libertadores da Am\u00e9rica e Copa Sul-Americana de 2019. Al\u00e9m dos dois rebaixados, Sport, no [&hellip;]<\/p>\n","protected":false},"author":2,"featured_media":29633,"comment_status":"open","ping_status":"open","sticky":false,"template":"","format":"standard","meta":{"_acf_changed":false,"_monsterinsights_skip_tracking":false,"_monsterinsights_sitenote_active":false,"_monsterinsights_sitenote_note":"","_monsterinsights_sitenote_category":0,"_jetpack_memberships_contains_paid_content":false,"footnotes":"","jetpack_publicize_message":"","jetpack_publicize_feature_enabled":true,"jetpack_social_post_already_shared":true,"jetpack_social_options":{"image_generator_settings":{"template":"highway","default_image_id":0,"font":"","enabled":false},"version":2}},"categories":[6,1],"tags":[],"class_list":["post-29632","post","type-post","status-publish","format-standard","has-post-thumbnail","hentry","category-esportes","category-noticias"],"acf":[],"jetpack_publicize_connections":[],"jetpack_featured_media_url":"https:\/\/i0.wp.com\/blogdoeloiltoncajuhy.com.br\/site\/wp-content\/uploads\/2018\/12\/FluAme_nov-2018.jpg?fit=380%2C280&ssl=1","jetpack_sharing_enabled":true,"publishpress_future_workflow_manual_trigger":{"enabledWorkflows":[]},"_links":{"self":[{"href":"https:\/\/blogdoeloiltoncajuhy.com.br\/site\/wp-json\/wp\/v2\/posts\/29632","targetHints":{"allow":["GET"]}}],"collection":[{"href":"https:\/\/blogdoeloiltoncajuhy.com.br\/site\/wp-json\/wp\/v2\/posts"}],"about":[{"href":"https:\/\/blogdoeloiltoncajuhy.com.br\/site\/wp-json\/wp\/v2\/types\/post"}],"author":[{"embeddable":true,"href":"https:\/\/blogdoeloiltoncajuhy.com.br\/site\/wp-json\/wp\/v2\/users\/2"}],"replies":[{"embeddable":true,"href":"https:\/\/blogdoeloiltoncajuhy.com.br\/site\/wp-json\/wp\/v2\/comments?post=29632"}],"version-history":[{"count":1,"href":"https:\/\/blogdoeloiltoncajuhy.com.br\/site\/wp-json\/wp\/v2\/posts\/29632\/revisions"}],"predecessor-version":[{"id":29634,"href":"https:\/\/blogdoeloiltoncajuhy.com.br\/site\/wp-json\/wp\/v2\/posts\/29632\/revisions\/29634"}],"wp:featuredmedia":[{"embeddable":true,"href":"https:\/\/blogdoeloiltoncajuhy.com.br\/site\/wp-json\/wp\/v2\/media\/29633"}],"wp:attachment":[{"href":"https:\/\/blogdoeloiltoncajuhy.com.br\/site\/wp-json\/wp\/v2\/media?parent=29632"}],"wp:term":[{"taxonomy":"category","embeddable":true,"href":"https:\/\/blogdoeloiltoncajuhy.com.br\/site\/wp-json\/wp\/v2\/categories?post=29632"},{"taxonomy":"post_tag","embeddable":true,"href":"https:\/\/blogdoeloiltoncajuhy.com.br\/site\/wp-json\/wp\/v2\/tags?post=29632"}],"curies":[{"name":"wp","href":"https:\/\/api.w.org\/{rel}","templated":true}]}}