{"id":29628,"date":"2018-12-02T18:25:24","date_gmt":"2018-12-02T21:25:24","guid":{"rendered":"http:\/\/blogdoeloiltoncajuhy.com.br\/site\/?p=29628"},"modified":"2018-12-02T18:25:24","modified_gmt":"2018-12-02T21:25:24","slug":"bahia-encerra-o-brasileirao-com-empate-sem-gols-diante-do-cruzeiro-vitoria-se-despede-da-serie-a-com-derrota-para-o-campeao-palmeiras","status":"publish","type":"post","link":"https:\/\/blogdoeloiltoncajuhy.com.br\/site\/bahia-encerra-o-brasileirao-com-empate-sem-gols-diante-do-cruzeiro-vitoria-se-despede-da-serie-a-com-derrota-para-o-campeao-palmeiras\/","title":{"rendered":"Bahia encerra o Brasileir\u00e3o com empate sem gols diante do Cruzeiro; Vitoria se despede da S\u00e9rie A com derrota para o campe\u00e3o Palmeiras"},"content":{"rendered":"<figure id=\"attachment_29629\" aria-describedby=\"caption-attachment-29629\" style=\"width: 450px\" class=\"wp-caption aligncenter\"><a href=\"https:\/\/i0.wp.com\/blogdoeloiltoncajuhy.com.br\/site\/wp-content\/uploads\/2018\/12\/BahCru_nov-2018.jpg\"><img data-recalc-dims=\"1\" fetchpriority=\"high\" decoding=\"async\" class=\"wp-image-29629\" src=\"https:\/\/i0.wp.com\/blogdoeloiltoncajuhy.com.br\/site\/wp-content\/uploads\/2018\/12\/BahCru_nov-2018.jpg?resize=450%2C332\" alt=\"\" width=\"450\" height=\"332\" srcset=\"https:\/\/i0.wp.com\/blogdoeloiltoncajuhy.com.br\/site\/wp-content\/uploads\/2018\/12\/BahCru_nov-2018.jpg?w=380&amp;ssl=1 380w, https:\/\/i0.wp.com\/blogdoeloiltoncajuhy.com.br\/site\/wp-content\/uploads\/2018\/12\/BahCru_nov-2018.jpg?resize=300%2C221&amp;ssl=1 300w, https:\/\/i0.wp.com\/blogdoeloiltoncajuhy.com.br\/site\/wp-content\/uploads\/2018\/12\/BahCru_nov-2018.jpg?resize=250%2C184&amp;ssl=1 250w\" sizes=\"(max-width: 450px) 100vw, 450px\" \/><\/a><figcaption id=\"caption-attachment-29629\" class=\"wp-caption-text\">Foto: Max Haack \/ Ag Haack \/ Bahia Not\u00edcias<\/figcaption><\/figure>\n<p>No jogo que marcou a despedida do camisa 10 Z\u00e9 Rafael, o Bahia empatou em 0 a 0 com o Cruzeiro na tarde deste domingo (2), em Pitua\u00e7u, pela \u00faltima rodada do Campeonato Brasileiro. A partida contou com a presen\u00e7a de mais de 27 mil torcedores.<\/p>\n<p>Agora, o elenco tricolor ser\u00e1 liberado para as f\u00e9rias. Visando o ano de 2019, a equipe se reapresenta no dia 3 de janeiro. Ser\u00e3o cinco competi\u00e7\u00f5es a serem disputadas: Campeonato Baiano, Copa do Nordeste, Copa do Brasil, Copa Sul-Americana e Campeonato Brasileiro.<\/p>\n<p><strong>FICHA T\u00c9CNICA<br \/>\nBahia x Cruzeiro<br \/>\nCampeonato Brasileiro \u2013 38\u00aa rodada<\/strong><br \/>\n<strong>Local<\/strong>: Pitua\u00e7u, em Salvador<br \/>\n<strong>Hor\u00e1rio<\/strong>: 16h (de Salvador)<br \/>\n<strong>Data<\/strong>: 02\/12\/2018 (domingo)<br \/>\n<strong>\u00c1rbitro<\/strong>: Bruno Arleu de Ara\u00fajo (RJ)<br \/>\n<strong>Assistentes<\/strong>: Luiz Claudio Regazone e Thiago Henrique Neto Correa (RJ)<br \/>\n<strong>Assistentes adicionais<\/strong>: Philip Georg Bennett e Rodrigo Nunes de S\u00e1 (RJ)<\/p>\n<p><strong>Cart\u00f5es amarelos:<\/strong> Elton, Fl\u00e1vio, Douglas Grolli e Luiz Henrique\u00a0(Bahia) \/ Manoel (Cruzeiro)<\/p>\n<p><strong>Bahia<\/strong>: Anderson; Fl\u00e1vio, Douglas Grolli, Lucas Fonseca e L\u00e9o; Nilton e Elton; Edigar Junio (Clayton), Ramires (Luiz Henrique)\u00a0e Z\u00e9 Rafael (Vin\u00edcius); Gilberto.\u00a0<strong>T\u00e9cnico<\/strong>: Enderson Moreira.<\/p>\n<p><strong>Cruzeiro<\/strong>: Rafael; Ezequiel, Manoel, Cac\u00e1 e Patrick Brey; Lucas Romero, Lucas Silva e Ederson; David, Raniel e Sass\u00e1 (La\u00e9rcio).\u00a0<strong>T\u00e9cnico<\/strong>: Sidnei Lobo.<\/p>\n<figure id=\"attachment_29630\" aria-describedby=\"caption-attachment-29630\" style=\"width: 450px\" class=\"wp-caption aligncenter\"><a href=\"https:\/\/i0.wp.com\/blogdoeloiltoncajuhy.com.br\/site\/wp-content\/uploads\/2018\/12\/PalVit_nov2018.jpg\"><img data-recalc-dims=\"1\" decoding=\"async\" class=\"wp-image-29630\" src=\"https:\/\/i0.wp.com\/blogdoeloiltoncajuhy.com.br\/site\/wp-content\/uploads\/2018\/12\/PalVit_nov2018.jpg?resize=450%2C332\" alt=\"\" width=\"450\" height=\"332\" srcset=\"https:\/\/i0.wp.com\/blogdoeloiltoncajuhy.com.br\/site\/wp-content\/uploads\/2018\/12\/PalVit_nov2018.jpg?w=380&amp;ssl=1 380w, https:\/\/i0.wp.com\/blogdoeloiltoncajuhy.com.br\/site\/wp-content\/uploads\/2018\/12\/PalVit_nov2018.jpg?resize=300%2C221&amp;ssl=1 300w, https:\/\/i0.wp.com\/blogdoeloiltoncajuhy.com.br\/site\/wp-content\/uploads\/2018\/12\/PalVit_nov2018.jpg?resize=250%2C184&amp;ssl=1 250w\" sizes=\"(max-width: 450px) 100vw, 450px\" \/><\/a><figcaption id=\"caption-attachment-29630\" class=\"wp-caption-text\">Foto: Renato Gizzi\/Photo Premium\/Folhapress<\/figcaption><\/figure>\n<p>J\u00e1 rebaixado para a S\u00e9rie B, o Vit\u00f3ria se despediu da elite do futebol nacional com derrota por\u00a0 3\u00a0a 2\u00a0 para o campe\u00e3o Palmeiras, neste domingo (2), no Allianz Parque, em S\u00e3o Paulo (SP).<\/p>\n<p>Com o resultado, o Vit\u00f3ria fez sua pior campanha na era de pontos corridos, com apenas 37 pontos conquistados. O desempenho atual \u00e9 inferior ao de 2014, quando o time encerrou o certame daquele ano com 38 pontos.<\/p>\n<p>Na temporada 2019, o primeiro compromisso oficial do Vit\u00f3ria ser\u00e1 contra o CSA, no dia 15 de janeiro, no Rei Pel\u00e9, pela fase de grupos da Copa do Nordeste.<\/p>\n<p><strong>FICHA T\u00c9CNICA<\/strong><br \/>\n<strong>Palmeiras 3\u00a0x 2 Vit\u00f3ria<\/strong><br \/>\n<strong>Campeonato Brasileiro \u2013 38\u00aa rodada<\/strong><br \/>\n<strong>Local: Allianz Parque, em S\u00e3o Paulo (SP)<\/strong><br \/>\n<strong>Data:<\/strong>\u00a002\/12\/2018 (domingo)<br \/>\n<strong>Hor\u00e1rio<\/strong>: 16h (hor\u00e1rio de Salvador)<br \/>\n<strong>\u00c1rbitro:<\/strong>\u00a0Heber Roberto Lopes (SC)<br \/>\n<strong>Assistentes:<\/strong>\u00a0\u00a0Henrique Neu Ribeiro (SC) e Eder Alexandre (SC)<br \/>\n<strong>Assistentes adicionais<\/strong>: Eduardo Cordeiro Guimar\u00e3es (SC) e F\u00e1bio Filipus (SC)<\/p>\n<p><strong>Cart\u00f5es amarelos<\/strong>: Deyverson e Felipe Melo\u00a0(Palmeiras); Lucas Ribeiro e Luan (Vit\u00f3ria)<\/p>\n<p><strong>Gols<\/strong>: Edu Dracena,\u00a0Gustavo Scarpa e Bruno Henrique\u00a0(Palmeiras); Yago e Luan<\/p>\n<p><strong>Palmeiras<\/strong>:\u00a0Weverton ; Mayke, Ant\u00f4nio Carlos, Edu Dracena e Victor Luis; Felipe Melo, Bruno Henrique e Lucas Lima; Gustavo Scarpa (Mois\u00e9s), Dudu e Borja (Deyverson). <strong>T\u00e9cnico:<\/strong> Felip\u00e3o.<\/p>\n<p><strong>Vit\u00f3ria:<\/strong>\u00a0Jo\u00e3o Gabriel; Cedric, Lucas Ribeiro, Bruno Bispo e Fabiano; Willian Farias (Nickson), L\u00e9o Gomes e Yago; Luan, Lucas Fernandes (Erick) e L\u00e9o Cear\u00e1 (Eron). <strong>T\u00e9cnico:<\/strong> Jo\u00e3o Burse.<\/p>\n<p><em><strong>Bahia\u00a0<\/strong><\/em><b><i>Not\u00edcias<\/i><\/b><\/p>\n","protected":false},"excerpt":{"rendered":"<p>No jogo que marcou a despedida do camisa 10 Z\u00e9 Rafael, o Bahia empatou em 0 a 0 com o Cruzeiro na tarde deste domingo (2), em Pitua\u00e7u, pela \u00faltima rodada do Campeonato Brasileiro. A partida contou com a presen\u00e7a de mais de 27 mil torcedores. Agora, o elenco tricolor ser\u00e1 liberado para as f\u00e9rias. [&hellip;]<\/p>\n","protected":false},"author":2,"featured_media":29630,"comment_status":"open","ping_status":"open","sticky":false,"template":"","format":"standard","meta":{"_acf_changed":false,"_monsterinsights_skip_tracking":false,"_monsterinsights_sitenote_active":false,"_monsterinsights_sitenote_note":"","_monsterinsights_sitenote_category":0,"_jetpack_memberships_contains_paid_content":false,"footnotes":"","jetpack_publicize_message":"","jetpack_publicize_feature_enabled":true,"jetpack_social_post_already_shared":true,"jetpack_social_options":{"image_generator_settings":{"template":"highway","default_image_id":0,"font":"","enabled":false},"version":2}},"categories":[6,1],"tags":[],"class_list":["post-29628","post","type-post","status-publish","format-standard","has-post-thumbnail","hentry","category-esportes","category-noticias"],"acf":[],"jetpack_publicize_connections":[],"jetpack_featured_media_url":"https:\/\/i0.wp.com\/blogdoeloiltoncajuhy.com.br\/site\/wp-content\/uploads\/2018\/12\/PalVit_nov2018.jpg?fit=380%2C280&ssl=1","jetpack_sharing_enabled":true,"publishpress_future_workflow_manual_trigger":{"enabledWorkflows":[]},"_links":{"self":[{"href":"https:\/\/blogdoeloiltoncajuhy.com.br\/site\/wp-json\/wp\/v2\/posts\/29628","targetHints":{"allow":["GET"]}}],"collection":[{"href":"https:\/\/blogdoeloiltoncajuhy.com.br\/site\/wp-json\/wp\/v2\/posts"}],"about":[{"href":"https:\/\/blogdoeloiltoncajuhy.com.br\/site\/wp-json\/wp\/v2\/types\/post"}],"author":[{"embeddable":true,"href":"https:\/\/blogdoeloiltoncajuhy.com.br\/site\/wp-json\/wp\/v2\/users\/2"}],"replies":[{"embeddable":true,"href":"https:\/\/blogdoeloiltoncajuhy.com.br\/site\/wp-json\/wp\/v2\/comments?post=29628"}],"version-history":[{"count":1,"href":"https:\/\/blogdoeloiltoncajuhy.com.br\/site\/wp-json\/wp\/v2\/posts\/29628\/revisions"}],"predecessor-version":[{"id":29631,"href":"https:\/\/blogdoeloiltoncajuhy.com.br\/site\/wp-json\/wp\/v2\/posts\/29628\/revisions\/29631"}],"wp:featuredmedia":[{"embeddable":true,"href":"https:\/\/blogdoeloiltoncajuhy.com.br\/site\/wp-json\/wp\/v2\/media\/29630"}],"wp:attachment":[{"href":"https:\/\/blogdoeloiltoncajuhy.com.br\/site\/wp-json\/wp\/v2\/media?parent=29628"}],"wp:term":[{"taxonomy":"category","embeddable":true,"href":"https:\/\/blogdoeloiltoncajuhy.com.br\/site\/wp-json\/wp\/v2\/categories?post=29628"},{"taxonomy":"post_tag","embeddable":true,"href":"https:\/\/blogdoeloiltoncajuhy.com.br\/site\/wp-json\/wp\/v2\/tags?post=29628"}],"curies":[{"name":"wp","href":"https:\/\/api.w.org\/{rel}","templated":true}]}}