{"id":29612,"date":"2018-12-02T08:33:04","date_gmt":"2018-12-02T11:33:04","guid":{"rendered":"http:\/\/blogdoeloiltoncajuhy.com.br\/site\/?p=29612"},"modified":"2018-12-02T08:33:04","modified_gmt":"2018-12-02T11:33:04","slug":"emprego-sinebahia-oferece-vagas-em-varias-cidades-nesta-segunda-feira-03","status":"publish","type":"post","link":"https:\/\/blogdoeloiltoncajuhy.com.br\/site\/emprego-sinebahia-oferece-vagas-em-varias-cidades-nesta-segunda-feira-03\/","title":{"rendered":"EMPREGO: Sinebahia oferece vagas em v\u00e1rias cidades nesta segunda-feira, 03"},"content":{"rendered":"<p><em><strong>DOCUMENTA\u00c7\u00c3O NECESS\u00c1RIA:<\/strong> Obrigat\u00f3rio portar Carteira de Trabalho, RG, CPF, comprovante de resid\u00eancia e certificado de escolaridade.<\/em><\/p>\n<p><em>Essas s\u00e3o apenas algumas vagas dispon\u00edveis. Para consultar a lista completa, o trabalhador deve comparecer \u00e0 unidade de seu munic\u00edpio.<\/em><\/p>\n<p><strong><a href=\"https:\/\/i0.wp.com\/blogdoeloiltoncajuhy.com.br\/site\/wp-content\/uploads\/2015\/07\/sinebahia1.jpg\"><img data-recalc-dims=\"1\" fetchpriority=\"high\" decoding=\"async\" class=\"aligncenter wp-image-2079\" src=\"https:\/\/i0.wp.com\/blogdoeloiltoncajuhy.com.br\/site\/wp-content\/uploads\/2015\/07\/sinebahia1.jpg?resize=460%2C305\" alt=\"\" width=\"460\" height=\"305\" srcset=\"https:\/\/i0.wp.com\/blogdoeloiltoncajuhy.com.br\/site\/wp-content\/uploads\/2015\/07\/sinebahia1.jpg?w=318&amp;ssl=1 318w, https:\/\/i0.wp.com\/blogdoeloiltoncajuhy.com.br\/site\/wp-content\/uploads\/2015\/07\/sinebahia1.jpg?resize=300%2C199&amp;ssl=1 300w, https:\/\/i0.wp.com\/blogdoeloiltoncajuhy.com.br\/site\/wp-content\/uploads\/2015\/07\/sinebahia1.jpg?resize=250%2C166&amp;ssl=1 250w\" sizes=\"(max-width: 460px) 100vw, 460px\" \/><\/a>Vagas exclusivas para unidades de Salvador (03\/12)<\/strong><\/p>\n<p>PERSONAL TRAINING (EST\u00c1GIO)<br \/>\nEnsino Superior incompleto em Educa\u00e7\u00e3o F\u00edsica \u2013 A partir do 2\u00ba Sem.<br \/>\nN\u00e3o exige experi\u00eancia<br \/>\nDesej\u00e1vel: Conhecimento em academia<br \/>\nBolsa-aux\u00edlio R$ 500,00 + benef\u00edcios<br \/>\n01 VAGA<\/p>\n<p>BARBEIRO<br \/>\nN\u00e3o exige escolaridade<br \/>\nExperi\u00eancia m\u00ednima de 03 meses na fun\u00e7\u00e3o<br \/>\nObrigat\u00f3rio possuir conhecimento na \u00e1rea com todos os tipos de corte<br \/>\n03 VAGAS<\/p>\n<p>AUXILIAR DE CABELEIREIRO<br \/>\nEnsino M\u00e9dio completo<br \/>\nExperi\u00eancia m\u00ednima de 06 meses na carteira<br \/>\nObrigat\u00f3rio possuir viv\u00eancia com perucas ou em sal\u00e3o de beleza<br \/>\nSal\u00e1rio R$ 1.066,00 + benef\u00edcios<br \/>\n01 VAGA<\/p>\n<p>VENDEDOR PORTA A PORTA<br \/>\nEnsino M\u00e9dio completo<br \/>\nExperi\u00eancia m\u00ednima de 06 meses na fun\u00e7\u00e3o<br \/>\nObrigat\u00f3rio possuir viv\u00eancia em vendas, carro ou moto e CNH \u2018A\u2019 ou \u2018B\u2019<br \/>\n03 VAGAS<\/p>\n<p>VENDEDOR PORTA A PORTA<br \/>\nEnsino M\u00e9dio completo<br \/>\nExperi\u00eancia m\u00ednima de 06 meses na fun\u00e7\u00e3o<br \/>\nObrigat\u00f3rio possuir viv\u00eancia em vendas, carro ou moto, CNH \u2018A\u2019 ou \u2018B\u2019 e residir em Cama\u00e7ari<br \/>\n01 VAGA<\/p>\n<p>ENCARREGADO DE SUPERMERCADO<br \/>\nEnsino Superior incompleto em ADM, Log\u00edstica ou \u00e1reas afins &#8211; A partir do 3\u00ba Sem.<br \/>\nExperi\u00eancia m\u00ednima de 06 meses na carteira<br \/>\nObrigat\u00f3rio possuir conhecimento na \u00e1rea, viv\u00eancia em lideran\u00e7a no ramo de varejo de alimentos (Supermercado ou delicatessen) e disponibilidade de hor\u00e1rio<br \/>\nDesej\u00e1vel: Habilidade com perec\u00edveis<br \/>\n01 VAGA<\/p>\n<p>CONFEITEIRO<br \/>\nEnsino M\u00e9dio completo<br \/>\nExperi\u00eancia m\u00ednima de 06 meses na carteira<br \/>\nObrigat\u00f3rio possuir conhecimento na \u00e1rea, viv\u00eancia em delicatessen e lojas de vendas de tortas<br \/>\n01 VAGA<\/p>\n<p>RECEPCIONISTA BIL\u00cdNGUE<br \/>\nEnsino Superior completo em Hotelaria ou Turismo<br \/>\nExperi\u00eancia m\u00ednima de 06 meses na carteira<br \/>\nObrigat\u00f3rio possuir conhecimento b\u00e1sico em ingl\u00eas<br \/>\nDesej\u00e1vel: Flu\u00eancia em ingl\u00eas<br \/>\nSal\u00e1rio R$ 1.792,78 + benef\u00edcios<br \/>\n01 VAGA<\/p>\n<p>AGENTE DE MICROCR\u00c9DITO<br \/>\nEnsino M\u00e9dio completo<br \/>\nExperi\u00eancia m\u00ednima de 06 meses na carteira<br \/>\nObrigat\u00f3rio possuir viv\u00eancia com empr\u00e9stimo consignado<br \/>\nSal\u00e1rio R$ 954,00+ benef\u00edcios<br \/>\n04 VAGAS<\/p>\n<p><strong>Vagas EXCLUSIVAS para UNIDADE CENTRAL de Salvador (03\/12)<\/strong><br \/>\nENDERE\u00c7O: Av. ACM, 3359 \u2013 Cond. Torres do Iguatemi.<br \/>\nFuncionamento de segunda a sexta, das 7h as 17h.<\/p>\n<p>AJUDANTE DE SERRALHEIRO<br \/>\nEnsino M\u00e9dio completo<br \/>\nExperi\u00eancia m\u00ednima de 06 meses na carteira<br \/>\nObrigat\u00f3rio possuir viv\u00eancia com serralheria<br \/>\n03 VAGAS<\/p>\n<p>SERRALHEIRO<br \/>\nEnsino M\u00e9dio completo<br \/>\nExperi\u00eancia m\u00ednima de 06 meses na carteira<br \/>\nObrigat\u00f3rio possuir curso de Serralheiro e viv\u00eancia com serralheria<br \/>\n01 VAGA<\/p>\n<p>PINTOR INDUSTRIAL<br \/>\nEnsino M\u00e9dio completo<br \/>\nExperi\u00eancia m\u00ednima de 06 meses na carteira<br \/>\nObrigat\u00f3rio possuir curso de Pintura Industrial e viv\u00eancia com pintura<br \/>\n02 VAGAS<\/p>\n<p>SECRET\u00c1RIO-ASSISTENTE ADMINISTRATIVO<br \/>\nEnsino Superior completo em ADM, Secretariado ou \u00e1reas afins<br \/>\nExperi\u00eancia m\u00ednima de 06 meses na carteira<br \/>\nObrigat\u00f3rio possuir conhecimento como analista de agenda m\u00e9dica<br \/>\nSal\u00e1rio R$ 1.800,00 + benef\u00edcios<br \/>\n01 VAGA<\/p>\n<p>CONSULTOR DE VENDAS<br \/>\nEnsino Superior incompleto em ADM, MKT, Publicidade ou afins &#8211; A partir do 2\u00ba Sem.<br \/>\nExperi\u00eancia m\u00ednima de 06 meses na fun\u00e7\u00e3o<br \/>\nObrigat\u00f3rio possuir CNH \u2018A\u2019 ou \u2018B\u2019 e moto ou carro pr\u00f3prio<br \/>\nSal\u00e1rio R$ 1.100,00 + benef\u00edcios<br \/>\n02 VAGAS<\/p>\n<p>CABELEIREIRO AFRO<br \/>\nEnsino Fundamental incompleto<br \/>\nExperi\u00eancia m\u00ednima de 06 meses na fun\u00e7\u00e3o<br \/>\nObrigat\u00f3rio possuir curso de Cabeleireiro, viv\u00eancia com escova e disponibilidade para contrata\u00e7\u00e3o por MEI, conforme lei 13.352\/16 (Sal\u00e3o-Parceiro Profissional-Parceiro)<br \/>\n01 VAGA<\/p>\n<p>CABELEIREIRO UNISSEX<br \/>\nEnsino Fundamental incompleto<br \/>\nExperi\u00eancia m\u00ednima de 06 meses na fun\u00e7\u00e3o<br \/>\nObrigat\u00f3rio possuir curso de Cabeleireiro, viv\u00eancia em escova e disponibilidade para contrata\u00e7\u00e3o por MEI, conforme lei 13.352\/16 (Sal\u00e3o-Parceiro Profissional-Parceiro)<br \/>\n01 VAGA<\/p>\n<p><strong>Vaga exclusiva para a unidade CAPAZ do SineBahia de Salvador (03\/12)<\/strong><br \/>\nENDERE\u00c7O: Av. Centen\u00e1rio, loja 1, 1\u00ba piso &#8211; SAC do Shopping Barra<br \/>\nFuncionamento de segunda \u00e0 sexta, das 7h as 17h.<\/p>\n<p>MONITOR DE RESSOCIALIZA\u00c7\u00c3O (PCD)<br \/>\nExclusiva para Pessoas com Defici\u00eancia<br \/>\nEnsino M\u00e9dio completo<br \/>\nExperi\u00eancia m\u00ednima de 06 meses na carteira<br \/>\nObrigat\u00f3rio possuir curso de Vigilante<br \/>\n01 VAGA<\/p>\n<p><strong>Vagas exclusivas para Alagoinhas (03\/12)<\/strong><\/p>\n<p>PORTEIRO (PCD)<br \/>\nExclusiva para Pessoas com Defici\u00eancia<br \/>\nEnsino M\u00e9dio completo<br \/>\n01 VAGA<\/p>\n<p>AJUDANTE DE PERFURA\u00c7\u00c3O<br \/>\nEnsino Fundamental incompleto<br \/>\nDesej\u00e1vel: Experi\u00eancia em explora\u00e7\u00e3o de produ\u00e7\u00e3o e g\u00e1s<br \/>\n02 VAGAS<\/p>\n<p>OPERADOR DE CAMINH\u00c3O DE HIDROV\u00c1CUO<br \/>\nEnsino M\u00e9dio completo<br \/>\nObrigat\u00f3rio possuir CNH \u2018D\u2019<br \/>\n02 VAGAS<\/p>\n<p>OPERADOR DE RETROESCAVADEIRA<br \/>\nEnsino M\u00e9dio completo<br \/>\nObrigat\u00f3rio possuir CNH \u2018B\u2019<br \/>\n02 VAGAS<\/p>\n<p><strong>Vagas exclusivas para Jequi\u00e9 (03\/12)<\/strong><\/p>\n<p>AGENTE DE PED\u00c1GIO (PCD)<br \/>\nExclusiva para Pessoas com Defici\u00eancia<br \/>\nEnsino M\u00e9dio completo<br \/>\nExperi\u00eancia m\u00ednima de 06 meses na fun\u00e7\u00e3o<br \/>\n02 VAGAS<\/p>\n<p>CABELEIREIRO<br \/>\nEnsino Fundamental completo<br \/>\nExperi\u00eancia m\u00ednima de 06 meses na fun\u00e7\u00e3o<br \/>\n01 VAGA<\/p>\n<p>REPOSITOR DE MERCADORIA<br \/>\nEnsino M\u00e9dio completo<br \/>\nExperi\u00eancia m\u00ednima de 06 meses na fun\u00e7\u00e3o<br \/>\n01 VAGA<\/p>\n<p>COZINHEIRO<br \/>\nEnsino M\u00e9dio completo<br \/>\nExperi\u00eancia m\u00ednima de 06 meses na fun\u00e7\u00e3o<br \/>\nObrigat\u00f3rio possuir viv\u00eancia com bolos caseiros e biscoitos<br \/>\n01 VAGA<\/p>\n<p>MEC\u00c2NICO DE AUTOM\u00d3VEL<br \/>\nEnsino Fundamental completo<br \/>\nExperi\u00eancia m\u00ednima de 06 meses na fun\u00e7\u00e3o<br \/>\nObrigat\u00f3rio possuir CNH \u2018B\u2019<br \/>\n01 VAGA<\/p>\n<p><strong>Vagas exclusivas para Itabuna (03\/12)<\/strong><\/p>\n<p>AUXILIAR DE LINHA DE PRODU\u00c7\u00c3O (PCD)<br \/>\nExclusiva para Pessoas com Defici\u00eancia<br \/>\nN\u00e3o exige escolaridade<br \/>\nN\u00e3o exige experi\u00eancia<br \/>\n05 VAGAS<\/p>\n<p>T\u00c9CNICO EM REFRIGERA\u00c7\u00c3O<br \/>\nEnsino T\u00e9cnico completo de Refrigera\u00e7\u00e3o<br \/>\nExperi\u00eancia m\u00ednima de 06 meses na fun\u00e7\u00e3o<br \/>\nObrigat\u00f3rio possuir CNH \u2018A\/B\u2019<br \/>\n01 VAGA<\/p>\n<p>VENDEDOR PRACISTA<br \/>\nEnsino M\u00e9dio completo<br \/>\nExperi\u00eancia m\u00ednima de 06 meses com vendas<br \/>\nObrigat\u00f3rio possuir CNH \u2018A\/B\u2019<br \/>\n03 VAGAS<\/p>\n<p>COORDENADOR DE VENDAS<br \/>\nEnsino Superior incompleto<br \/>\nExperi\u00eancia m\u00ednima de 06 meses na fun\u00e7\u00e3o<br \/>\nObrigat\u00f3rio possuir viv\u00eancia avan\u00e7ada com inform\u00e1tica<br \/>\n01 VAGA<\/p>\n<p>COORDENADOR DE VENDAS<br \/>\nEnsino Superior completo<br \/>\nExperi\u00eancia m\u00ednima de 06 meses na carteira<br \/>\nObrigat\u00f3rio possuir CNH \u2018B\u2019<br \/>\n01 VAGA<\/p>\n<p>MANICURE<br \/>\nN\u00e3o exige escolaridade<br \/>\nExperi\u00eancia m\u00ednima de 06 meses na fun\u00e7\u00e3o<br \/>\n01 VAGA<\/p>\n<p>CABELEIREIRO<br \/>\nN\u00e3o exige escolaridade<br \/>\nExperi\u00eancia m\u00ednima de 06 meses na fun\u00e7\u00e3o<br \/>\n02 VAGAS<\/p>\n<p>AUXILIAR DE SA\u00daDE BUCAL<br \/>\nEnsino M\u00e9dio completo<br \/>\nExperi\u00eancia m\u00ednima de 06 meses na fun\u00e7\u00e3o<br \/>\nObrigat\u00f3rio possuir curso em andamento ou completo em Sa\u00fade Bucal<br \/>\n01 VAGA<\/p>\n<p>MOTORISTA ENTREGADOR DE BOTIJ\u00c3O A G\u00c1S<br \/>\nEnsino Fundamental completo<br \/>\nExperi\u00eancia m\u00ednima de 06 meses com entregas<br \/>\nObrigat\u00f3rio possuir CNH \u2018A\/B\u2019 e curso MOPP<br \/>\n03 VAGAS<\/p>\n<p>AUXILIAR DE CONTABILIDADE<br \/>\nEnsino Superior cursando Ci\u00eancias Cont\u00e1beis &#8211; A partir 3\u00ba Sem.<br \/>\nExperi\u00eancia em Excel n\u00edvel intermedi\u00e1rio<br \/>\n01 VAGA<\/p>\n<p><strong>Vagas exclusivas para Barreiras (03\/12)<\/strong><br \/>\nOPERADOR DE M\u00c1QUINA (PCD)<br \/>\nExclusiva para Pessoas com Defici\u00eancia<br \/>\nEnsino Fundamental completo<br \/>\nExperi\u00eancia m\u00ednima de 06 meses na fun\u00e7\u00e3o<br \/>\n01 VAGA<\/p>\n<p>AJUDANTE DE ELETRICISTA (PCD)<br \/>\nExclusiva para Pessoas com Defici\u00eancia<br \/>\nEnsino Fundamental completo<br \/>\nN\u00e3o exige experi\u00eancia<br \/>\n02 VAGAS<\/p>\n<p>AUXILIAR DE PESSOAL (PCD)<br \/>\nExclusiva para Pessoas com Defici\u00eancia<br \/>\nEnsino Fundamental completo<br \/>\nN\u00e3o exige experi\u00eancia<br \/>\n02 VAGAS<\/p>\n<p>ENCARREGADO DE OBRAS (PCD)<br \/>\nExclusiva para Pessoas com Defici\u00eancia<br \/>\nEnsino Fundamental completo<br \/>\nN\u00e3o exige experi\u00eancia<br \/>\n02 VAGAS<\/p>\n<p>ASSISTENTE T\u00c9CNICO (PCD)<br \/>\nExclusiva para Pessoas com Defici\u00eancia<br \/>\nEnsino Fundamental completo<br \/>\nN\u00e3o exige experi\u00eancia<br \/>\n02 VAGAS<\/p>\n<p>OFICIAL DE SERVI\u00c7OS GERAIS NA MANUTEN\u00c7\u00c3O<br \/>\nEnsino M\u00e9dio completo<br \/>\nExperi\u00eancia m\u00ednima de 06 meses na fun\u00e7\u00e3o<br \/>\n01 VAGA<\/p>\n<p>ART\u00cdFICE DE MANUTEN\u00c7\u00c3O<br \/>\nEnsino M\u00e9dio completo<br \/>\nExperi\u00eancia m\u00ednima de 06 meses na fun\u00e7\u00e3o<br \/>\nObrigat\u00f3rio possuir certificado NR10 e NR35<br \/>\n01 VAGA<\/p>\n<p>AGENTE OPERACIONAL DE ESTA\u00c7\u00c3O<br \/>\nEnsino M\u00e9dio completo<br \/>\nExperi\u00eancia m\u00ednima de 06 meses na fun\u00e7\u00e3o<br \/>\nObrigat\u00f3rio possuir CNH \u2018A\/B\u2019<br \/>\n01 VAGA<\/p>\n<p>MOLEIRO DE CARGA PESADA<br \/>\nEnsino Fundamental completo<br \/>\nExperi\u00eancia m\u00ednima de 06 meses na fun\u00e7\u00e3o<br \/>\n02 VAGAS<\/p>\n<p>COORDENADOR DE ADMINISTRA\u00c7\u00c3O DE PESSOAL<br \/>\nEnsino Superior completo em ADM, Processamento de Dados ou Engenharia<br \/>\nExperi\u00eancia m\u00ednima de 06 meses na fun\u00e7\u00e3o<br \/>\nObrigat\u00f3rio possuir CNH \u2018B\u2019<br \/>\n01 VAGA<\/p>\n<p>CONSULTOR DE VENDAS<br \/>\nEnsino M\u00e9dio completo<br \/>\nExperi\u00eancia m\u00ednima de 06 meses na fun\u00e7\u00e3o<br \/>\nObrigat\u00f3rio possuir CNH \u2018A\/B\u2019 e ve\u00edculo pr\u00f3prio<br \/>\n03 VAGAS<\/p>\n<p>REPRESENTANTE COMERCIAL AUT\u00d4NOMO<br \/>\nEnsino M\u00e9dio completo<br \/>\nExperi\u00eancia m\u00ednima de 06 meses na fun\u00e7\u00e3o<br \/>\nObrigat\u00f3rio possuir CNH \u2018A\/B\u2019 e ve\u00edculo pr\u00f3prio<br \/>\n03 VAGAS<\/p>\n<p>PADEIRO<br \/>\nEnsino Fundamental incompleto<br \/>\nExperi\u00eancia m\u00ednima de 06 meses na fun\u00e7\u00e3o<br \/>\n01 VAGA<\/p>\n<p><em><strong>Ascom Sinebahia<\/strong><\/em><\/p>\n","protected":false},"excerpt":{"rendered":"<p>DOCUMENTA\u00c7\u00c3O NECESS\u00c1RIA: Obrigat\u00f3rio portar Carteira de Trabalho, RG, CPF, comprovante de resid\u00eancia e certificado de escolaridade. Essas s\u00e3o apenas algumas vagas dispon\u00edveis. Para consultar a lista completa, o trabalhador deve comparecer \u00e0 unidade de seu munic\u00edpio. Vagas exclusivas para unidades de Salvador (03\/12) PERSONAL TRAINING (EST\u00c1GIO) Ensino Superior incompleto em Educa\u00e7\u00e3o F\u00edsica \u2013 A partir [&hellip;]<\/p>\n","protected":false},"author":2,"featured_media":0,"comment_status":"open","ping_status":"open","sticky":false,"template":"","format":"standard","meta":{"_acf_changed":false,"_monsterinsights_skip_tracking":false,"_monsterinsights_sitenote_active":false,"_monsterinsights_sitenote_note":"","_monsterinsights_sitenote_category":0,"_jetpack_memberships_contains_paid_content":false,"footnotes":"","jetpack_publicize_message":"","jetpack_publicize_feature_enabled":true,"jetpack_social_post_already_shared":true,"jetpack_social_options":{"image_generator_settings":{"template":"highway","default_image_id":0,"font":"","enabled":false},"version":2}},"categories":[5,1],"tags":[],"class_list":["post-29612","post","type-post","status-publish","format-standard","hentry","category-cotidiano","category-noticias"],"acf":[],"jetpack_publicize_connections":[],"jetpack_featured_media_url":"","jetpack_sharing_enabled":true,"publishpress_future_workflow_manual_trigger":{"enabledWorkflows":[]},"_links":{"self":[{"href":"https:\/\/blogdoeloiltoncajuhy.com.br\/site\/wp-json\/wp\/v2\/posts\/29612","targetHints":{"allow":["GET"]}}],"collection":[{"href":"https:\/\/blogdoeloiltoncajuhy.com.br\/site\/wp-json\/wp\/v2\/posts"}],"about":[{"href":"https:\/\/blogdoeloiltoncajuhy.com.br\/site\/wp-json\/wp\/v2\/types\/post"}],"author":[{"embeddable":true,"href":"https:\/\/blogdoeloiltoncajuhy.com.br\/site\/wp-json\/wp\/v2\/users\/2"}],"replies":[{"embeddable":true,"href":"https:\/\/blogdoeloiltoncajuhy.com.br\/site\/wp-json\/wp\/v2\/comments?post=29612"}],"version-history":[{"count":1,"href":"https:\/\/blogdoeloiltoncajuhy.com.br\/site\/wp-json\/wp\/v2\/posts\/29612\/revisions"}],"predecessor-version":[{"id":29613,"href":"https:\/\/blogdoeloiltoncajuhy.com.br\/site\/wp-json\/wp\/v2\/posts\/29612\/revisions\/29613"}],"wp:attachment":[{"href":"https:\/\/blogdoeloiltoncajuhy.com.br\/site\/wp-json\/wp\/v2\/media?parent=29612"}],"wp:term":[{"taxonomy":"category","embeddable":true,"href":"https:\/\/blogdoeloiltoncajuhy.com.br\/site\/wp-json\/wp\/v2\/categories?post=29612"},{"taxonomy":"post_tag","embeddable":true,"href":"https:\/\/blogdoeloiltoncajuhy.com.br\/site\/wp-json\/wp\/v2\/tags?post=29612"}],"curies":[{"name":"wp","href":"https:\/\/api.w.org\/{rel}","templated":true}]}}