{"id":29610,"date":"2018-12-01T21:04:43","date_gmt":"2018-12-02T00:04:43","guid":{"rendered":"http:\/\/blogdoeloiltoncajuhy.com.br\/site\/?p=29610"},"modified":"2018-12-01T21:04:43","modified_gmt":"2018-12-02T00:04:43","slug":"comece-o-domingo-meditando-lc-21-25-28-34-36","status":"publish","type":"post","link":"https:\/\/blogdoeloiltoncajuhy.com.br\/site\/comece-o-domingo-meditando-lc-21-25-28-34-36\/","title":{"rendered":"Comece o domingo meditando (Lc 21, 25-28.34-36)"},"content":{"rendered":"<h5 style=\"text-align: center;\"><span style=\"color: #800080;\"><strong>A vossa liberta\u00e7\u00e3o est\u00e1 pr\u00f3xima<\/strong><\/span><\/h5>\n<p><a href=\"https:\/\/i0.wp.com\/blogdoeloiltoncajuhy.com.br\/site\/wp-content\/uploads\/2017\/05\/liturgia_diaria_2-e1496227097750.jpg\"><img data-recalc-dims=\"1\" fetchpriority=\"high\" decoding=\"async\" class=\"aligncenter size-full wp-image-17809\" src=\"https:\/\/i0.wp.com\/blogdoeloiltoncajuhy.com.br\/site\/wp-content\/uploads\/2017\/05\/liturgia_diaria_2-e1496227097750.jpg?resize=400%2C303\" alt=\"\" width=\"400\" height=\"303\" \/><\/a>Naquele tempo disse Jesus a seus disc\u00edpulos:\u00a0Haver\u00e1 sinais no sol, na lua e nas estrelas.\u00a0Na terra, as na\u00e7\u00f5es ficar\u00e3o angustiadas,\u00a0com pavor do barulho do mar e das ondas.\u00a0Os homens v\u00e3o desmaiar de medo,\u00a0s\u00f3 em pensar no que vai acontecer ao mundo,\u00a0porque as for\u00e7as do c\u00e9u ser\u00e3o abaladas.\u00a0Ent\u00e3o eles ver\u00e3o o Filho do Homem,\u00a0vindo numa nuvem com grande poder e gl\u00f3ria.\u00a0Quando estas coisas come\u00e7arem a acontecer,\u00a0levantai-vos e erguei a cabe\u00e7a,\u00a0porque a vossa liberta\u00e7\u00e3o est\u00e1 pr\u00f3xima.\u00a0Tomai cuidado para que vossos cora\u00e7\u00f5es\u00a0n\u00e3o fiquem insens\u00edveis por causa da gula,\u00a0da embriaguez e das preocupa\u00e7\u00f5es da vida,\u00a0e esse dia n\u00e3o caia de repente sobre v\u00f3s;\u00a0pois esse dia cair\u00e1 como uma armadilha\u00a0sobre todos os habitantes de toda a terra.\u00a0Portanto, ficai atentos e orai a todo momento,\u00a0a fim de terdes for\u00e7a\u00a0para escapar de tudo o que deve acontecer\u00a0e para ficardes em p\u00e9 diante do Filho do Homem.<\/p>\n<p><strong>Palavra da Salva\u00e7\u00e3o!<\/strong><\/p>\n<p><a href=\"http:\/\/liturgiadiaria.cnbb.org.br\/app\/user\/user\/UserView.php?ano=2018&amp;mes=12&amp;dia=2\"><em><strong>CNBB<\/strong><\/em><\/a><\/p>\n","protected":false},"excerpt":{"rendered":"<p>A vossa liberta\u00e7\u00e3o est\u00e1 pr\u00f3xima Naquele tempo disse Jesus a seus disc\u00edpulos:\u00a0Haver\u00e1 sinais no sol, na lua e nas estrelas.\u00a0Na terra, as na\u00e7\u00f5es ficar\u00e3o angustiadas,\u00a0com pavor do barulho do mar e das ondas.\u00a0Os homens v\u00e3o desmaiar de medo,\u00a0s\u00f3 em pensar no que vai acontecer ao mundo,\u00a0porque as for\u00e7as do c\u00e9u ser\u00e3o abaladas.\u00a0Ent\u00e3o eles ver\u00e3o o [&hellip;]<\/p>\n","protected":false},"author":2,"featured_media":0,"comment_status":"open","ping_status":"open","sticky":false,"template":"","format":"standard","meta":{"_acf_changed":false,"_monsterinsights_skip_tracking":false,"_monsterinsights_sitenote_active":false,"_monsterinsights_sitenote_note":"","_monsterinsights_sitenote_category":0,"_jetpack_memberships_contains_paid_content":false,"footnotes":"","jetpack_publicize_message":"","jetpack_publicize_feature_enabled":true,"jetpack_social_post_already_shared":true,"jetpack_social_options":{"image_generator_settings":{"template":"highway","default_image_id":0,"font":"","enabled":false},"version":2}},"categories":[1,9],"tags":[],"class_list":["post-29610","post","type-post","status-publish","format-standard","hentry","category-noticias","category-reflexao"],"acf":[],"jetpack_publicize_connections":[],"jetpack_featured_media_url":"","jetpack_sharing_enabled":true,"publishpress_future_workflow_manual_trigger":{"enabledWorkflows":[]},"_links":{"self":[{"href":"https:\/\/blogdoeloiltoncajuhy.com.br\/site\/wp-json\/wp\/v2\/posts\/29610","targetHints":{"allow":["GET"]}}],"collection":[{"href":"https:\/\/blogdoeloiltoncajuhy.com.br\/site\/wp-json\/wp\/v2\/posts"}],"about":[{"href":"https:\/\/blogdoeloiltoncajuhy.com.br\/site\/wp-json\/wp\/v2\/types\/post"}],"author":[{"embeddable":true,"href":"https:\/\/blogdoeloiltoncajuhy.com.br\/site\/wp-json\/wp\/v2\/users\/2"}],"replies":[{"embeddable":true,"href":"https:\/\/blogdoeloiltoncajuhy.com.br\/site\/wp-json\/wp\/v2\/comments?post=29610"}],"version-history":[{"count":1,"href":"https:\/\/blogdoeloiltoncajuhy.com.br\/site\/wp-json\/wp\/v2\/posts\/29610\/revisions"}],"predecessor-version":[{"id":29611,"href":"https:\/\/blogdoeloiltoncajuhy.com.br\/site\/wp-json\/wp\/v2\/posts\/29610\/revisions\/29611"}],"wp:attachment":[{"href":"https:\/\/blogdoeloiltoncajuhy.com.br\/site\/wp-json\/wp\/v2\/media?parent=29610"}],"wp:term":[{"taxonomy":"category","embeddable":true,"href":"https:\/\/blogdoeloiltoncajuhy.com.br\/site\/wp-json\/wp\/v2\/categories?post=29610"},{"taxonomy":"post_tag","embeddable":true,"href":"https:\/\/blogdoeloiltoncajuhy.com.br\/site\/wp-json\/wp\/v2\/tags?post=29610"}],"curies":[{"name":"wp","href":"https:\/\/api.w.org\/{rel}","templated":true}]}}